{"id":78572,"date":"2025-05-02T13:24:15","date_gmt":"2025-05-02T13:24:15","guid":{"rendered":"https:\/\/www.europesays.com\/de\/78572\/"},"modified":"2025-05-02T13:24:15","modified_gmt":"2025-05-02T13:24:15","slug":"efacec-stellt-auf-der-power2drive-europe-2025-seinen-neuen-hochleistungslader-vor","status":"publish","type":"post","link":"https:\/\/www.europesays.com\/de\/78572\/","title":{"rendered":"Efacec stellt auf der Power2Drive Europe 2025 seinen neuen Hochleistungslader vor"},"content":{"rendered":"<p class=\"date\">02.05.2025 \u2013 14:16<\/p>\n<p class=\"customer\">\n                        <a class=\"story-customer\" title=\"weiter zum newsroom von Efacec\" href=\"https:\/\/www.presseportal.de\/nr\/134559\" target=\"_blank\" rel=\"noopener\">Efacec<\/a>\n                    <\/p>\n<p><a class=\"glightbox event-trigger\" href=\"https:\/\/cache.pressmailing.net\/thumbnail\/story_hires\/7b8861a9-d5c4-426f-9fe2-5389da51f4cc\/Efacec_Press_EV%20Chargers.jpg.jpg\" data-description=\"Efacec&#039;s EV chargers lab in Portugal \/ Weiterer Text \u00fcber ots und www.presseportal.de\/nr\/134559 \/ Die Verwendung dieses Bildes f\u00fcr redaktionelle Zwecke ist unter Beachtung aller mitgeteilten Nutzungsbedingungen zul\u00e4ssig und dann auch honorarfrei. Ver\u00f6ffentlichung ausschlie\u00dflich mit Bildrechte-Hinweis.\" data-category=\"medialightbox\" data-action=\"click\" data-label=\"single\" data-value=\"6814b302270000fd2c511df7\" target=\"_blank\" rel=\"noopener\"><img decoding=\"async\" height=\"540\" with=\"720\" src=\"https:\/\/www.europesays.com\/de\/wp-content\/uploads\/2025\/05\/efacec-stellt-auf-der-power2drive-europe-2025-seinen-neuen-hochleistungslader-vor.jpeg\"   alt=\"Efacec stellt auf der Power2Drive Europe 2025 seinen neuen Hochleistungslader vor\" class=\"single\"\/><\/a><\/p>\n<p><a data-category=\"citylink-story-view\" data-action=\"click\" data-label=\"Citylink in Meldungsansicht\" class=\"story-city event-trigger\" href=\"https:\/\/www.presseportal.de\/regional\/M%FCnchen\" title=\"News aus M\u00fcnchen \" target=\"_blank\" rel=\"noopener\">M\u00fcnchen<\/a> (ots)<\/p>\n<p> Efacec, eine Pioniermarke im Bereich der Ladeinfrastruktur f\u00fcr Elektrofahrzeuge, bereitet sich auf die Power2Drive Europe 2025 vor, um ihr breites L\u00f6sungsportfolio f\u00fcr den privaten und \u00f6ffentlichen Bereich sowie f\u00fcr Schnell-, Ultraschnell- und Hochleistungsladung zu pr\u00e4sentieren. Die Veranstaltung findet vom 7. bis 9. Mai auf der Messe M\u00fcnchen statt und bringt zentrale Akteure der Branche aus der ganzen Welt zusammen. <\/p>\n<p> Im Mittelpunkt des Efacec-Auftritts steht die Vorstellung des HPC 240\/400, eines brandneuen Hochleistungsladers mit zwei Varianten &#8211; 240 kW und 400 kW -, der auf eine h\u00f6here Verf\u00fcgbarkeit, Leistung und Nachhaltigkeit f\u00fcr die Kunden ausgerichtet ist. Mit verbesserten Funktionen, h\u00f6herer Effizienz und Skalierbarkeit wurde diese L\u00f6sung speziell f\u00fcr die Anforderungen moderner Energieinfrastrukturen entwickelt, insbesondere in stark frequentierten Bereichen und f\u00fcr Schwerlastfahrzeuge. <\/p>\n<p> Neben dem neuen Hochleistungslader wird auch der modulare QC 120 Charger vorgestellt. Er bietet anpassbare und skalierbare Schnellladel\u00f6sungen mit einer Ausgangsleistung von 60 kW bis 120 kW sowie einer neuen Active-Boost-Funktion, die eine Stromabgabe von bis zu 400 A erm\u00f6glicht. <\/p>\n<p> Diese vollst\u00e4ndig intern von Efacec entwickelten Ger\u00e4te zeichnen sich durch ihre Schnellladef\u00e4higkeit, die M\u00f6glichkeit zum gleichzeitigen Laden von drei Fahrzeugen und eine hohe Verf\u00fcgbarkeit aus. <\/p>\n<p> Neben der Hardware stellt Efacec auch die Systeme EVCore CPMS und EVCore LMS vor &#8211; zwei intelligente Managementl\u00f6sungen zur Optimierung der Ladeinfrastruktur und zur Steigerung der Betriebseffizienz f\u00fcr Flottenbetreiber und Ladepunktbetreiber. <\/p>\n<p> Im Einklang mit seinem Qualit\u00e4tsanspruch hat Efacec zudem mehrere Akkreditierungen erhalten, darunter die Eichrecht\/MESS EV-Zertifizierung, die den strengen Anforderungen des deutschen Mess- und Eichgesetzes f\u00fcr Ladestationen entspricht. <\/p>\n<p> &#8222;Die Teilnahme an der Power2Drive Europe 2025, gemeinsam mit so vielen wichtigen Akteuren der Branche, ist eine \u00e4u\u00dferst wertvolle Gelegenheit f\u00fcr uns&#8220;, sagt Andr\u00e9 Cruz, Commercial Director f\u00fcr EV-Ladel\u00f6sungen bei Efacec. &#8222;Diese Veranstaltung ist die ideale Plattform, um unseren Kunden nicht nur unser bekanntes Portfolio n\u00e4herzubringen, sondern vor allem auch unser neues Produkt zu pr\u00e4sentieren, das technologisch einen bedeutenden Fortschritt darstellt und uns neue M\u00e4rkte er\u00f6ffnet. Wir freuen uns auf den Austausch mit Branchenf\u00fchrern, neue Impulse und den Aufbau neuer Kontakte zu Kunden und Gesch\u00e4ftspartnern&#8220;, erg\u00e4nzt Cruz. <\/p>\n<p> Efacec nimmt zum ersten Mal an der Power2Drive teil &#8211; einer der f\u00fchrenden Messen f\u00fcr Ladeinfrastruktur und Elektromobilit\u00e4t &#8211; und unterstreicht damit sein Engagement f\u00fcr nachhaltige und innovative Ladel\u00f6sungen f\u00fcr M\u00e4rkte weltweit. <\/p>\n<p> Besucher finden Efacec am Stand C.6580, wo sie die Ladetechnologien f\u00fcr Elektrofahrzeuge sowie deren Integration in Lademanagementsysteme kennenlernen und \u00fcber ein pers\u00f6nliches Gespr\u00e4ch mit dem Expertenteam von Efacec in Kontakt treten k\u00f6nnen. <\/p>\n<p><b>\u00dcber Efacec<\/b><\/p>\n<p> Mit einer umfassenden Pr\u00e4senz entlang der gesamten Wertsch\u00f6pfungskette in den Bereichen Energie und Mobilit\u00e4t bietet Efacec ein breit gef\u00e4chertes Portfolio &#8211; von Elektromobilit\u00e4t \u00fcber Automatisierung von Stromnetzen bis hin zu Transformatoren und Mittelspannungsschaltanlagen. Efacec f\u00f6rdert die Energiewende und liefert ma\u00dfgeschneiderte L\u00f6sungen f\u00fcr die Anforderungen jedes Kunden und Marktes. Das Unternehmen ist in strategischen M\u00e4rkten wie Europa, den USA, Lateinamerika, Asien, dem Nahen Osten, dem Maghreb und Subsahara-Afrika aktiv. <\/p>\n<p><b>Website:<\/b>  <a target=\"_blank\" class=\"uri-ext outbound\" rel=\"noopener\" href=\"https:\/\/www.efacec.com\">https:\/\/www.efacec.com<\/a><\/p>\n<p><b>Landingpage:<\/b>  <a target=\"_blank\" class=\"uri-ext outbound\" rel=\"noopener\" href=\"https:\/\/www.efacec.com\/power2drive\/\">https:\/\/www.efacec.com\/power2drive\/<\/a><\/p>\n<p><b>EV-Ladeportfolio:<\/b>  <a target=\"_blank\" class=\"uri-ext outbound\" rel=\"noopener\" href=\"https:\/\/www.efacec.com\/business\/ev-chargers\/\">https:\/\/www.efacec.com\/business\/ev-chargers\/<\/a><\/p>\n<p><b>LinkedIn:<\/b>  <a target=\"_blank\" class=\"uri-ext outbound\" rel=\"noopener\" href=\"https:\/\/www.linkedin.com\/company\/efacec\">https:\/\/www.linkedin.com\/company\/efacec<\/a><\/p>\n<p><b>Instagram:<\/b>  <a target=\"_blank\" class=\"uri-ext outbound\" rel=\"noopener\" href=\"https:\/\/www.instagram.com\/_efacec\/\">https:\/\/www.instagram.com\/_efacec\/<\/a><\/p>\n<p class=\"contact-headline\">Pressekontakt:<\/p>\n<p class=\"contact-text\">erika.duarte@efacec.com<br \/>+351966638276<\/p>\n<p class=\"originator\">Original-Content von: Efacec, \u00fcbermittelt durch news aktuell<\/p>\n<p>                <script async src=\"\/\/www.instagram.com\/embed.js\"><\/script><\/p>\n","protected":false},"excerpt":{"rendered":"02.05.2025 \u2013 14:16 Efacec M\u00fcnchen (ots) Efacec, eine Pioniermarke im Bereich der Ladeinfrastruktur f\u00fcr Elektrofahrzeuge, bereitet sich auf&hellip;\n","protected":false},"author":2,"featured_media":78573,"comment_status":"","ping_status":"","sticky":false,"template":"","format":"standard","meta":{"footnotes":""},"categories":[3933],"tags":[331,332,3477,9323,1149,548,663,158,3934,3935,13,33583,9320,8787,14,33585,15,33584,178,180,179,181,12,2185,9319],"class_list":{"0":"post-78572","1":"post","2":"type-post","3":"status-publish","4":"format-standard","5":"has-post-thumbnail","7":"category-eu","8":"tag-aktuelle-nachrichten","9":"tag-aktuelle-news","10":"tag-bild","11":"tag-elektromobilitt","12":"tag-energie","13":"tag-eu","14":"tag-europa","15":"tag-europaeische-union","16":"tag-europe","17":"tag-european-union","18":"tag-headlines","19":"tag-hochleistungslader","20":"tag-intersolar","21":"tag-mobilitt","22":"tag-nachrichten","23":"tag-neue-produkte","24":"tag-news","25":"tag-power2drive","26":"tag-presse","27":"tag-pressemeldung","28":"tag-pressemitteilung","29":"tag-pressemitteilungen","30":"tag-schlagzeilen","31":"tag-strom","32":"tag-the-smarter-e"},"share_on_mastodon":{"url":"https:\/\/pubeurope.com\/@de\/114438462816327123","error":""},"_links":{"self":[{"href":"https:\/\/www.europesays.com\/de\/wp-json\/wp\/v2\/posts\/78572","targetHints":{"allow":["GET"]}}],"collection":[{"href":"https:\/\/www.europesays.com\/de\/wp-json\/wp\/v2\/posts"}],"about":[{"href":"https:\/\/www.europesays.com\/de\/wp-json\/wp\/v2\/types\/post"}],"author":[{"embeddable":true,"href":"https:\/\/www.europesays.com\/de\/wp-json\/wp\/v2\/users\/2"}],"replies":[{"embeddable":true,"href":"https:\/\/www.europesays.com\/de\/wp-json\/wp\/v2\/comments?post=78572"}],"version-history":[{"count":0,"href":"https:\/\/www.europesays.com\/de\/wp-json\/wp\/v2\/posts\/78572\/revisions"}],"wp:featuredmedia":[{"embeddable":true,"href":"https:\/\/www.europesays.com\/de\/wp-json\/wp\/v2\/media\/78573"}],"wp:attachment":[{"href":"https:\/\/www.europesays.com\/de\/wp-json\/wp\/v2\/media?parent=78572"}],"wp:term":[{"taxonomy":"category","embeddable":true,"href":"https:\/\/www.europesays.com\/de\/wp-json\/wp\/v2\/categories?post=78572"},{"taxonomy":"post_tag","embeddable":true,"href":"https:\/\/www.europesays.com\/de\/wp-json\/wp\/v2\/tags?post=78572"}],"curies":[{"name":"wp","href":"https:\/\/api.w.org\/{rel}","templated":true}]}}