{"id":785729,"date":"2026-02-10T04:51:14","date_gmt":"2026-02-10T04:51:14","guid":{"rendered":"https:\/\/www.europesays.com\/de\/785729\/"},"modified":"2026-02-10T04:51:14","modified_gmt":"2026-02-10T04:51:14","slug":"den-montag-hat-der-britische-premier-starmer-politisch-ueberlebt","status":"publish","type":"post","link":"https:\/\/www.europesays.com\/de\/785729\/","title":{"rendered":"Den Montag hat der britische Premier Starmer politisch \u00fcberlebt"},"content":{"rendered":"<p>            <img loading=\"lazy\" decoding=\"async\" class=\"ts-image\" src=\"https:\/\/www.europesays.com\/de\/wp-content\/uploads\/2026\/02\/keir-starmer-124.jpg\" alt=\"Keir Starmer.\" title=\"Keir Starmer. | James Manning\/PA Wire\/dpa\"\/><\/p>\n<p>                    <strong>analyse<\/strong><\/p>\n<p class=\"metatextline\">Stand: 10.02.2026 03:17 Uhr<\/p>\n<p class=\"article-head__shorttext\">\n        <strong>F\u00fcr Keir Starmer war der Start in die Woche eine politische Achterbahnfahrt. Dabei ging es nicht nur um die Beziehung seines Ex-Botschafters zu Jeffrey Epstein. Denn die Unzufriedenheit mit dem britischen Premier geht tiefer.<\/strong>\n    <\/p>\n<p>                                    <a class=\"authorline__link\" href=\"https:\/\/www.tagesschau.de\/korrespondenten\/christoph-proessl-106.html\" rel=\"nofollow noopener\" target=\"_blank\"><br \/>\n                                        <img decoding=\"async\" class=\"authorline__img\" alt=\"Christoph Pr\u00f6ssl\" src=\"https:\/\/www.europesays.com\/de\/wp-content\/uploads\/2026\/01\/christoph-proessl-101.jpg\"\/><br \/>\n                                    <\/a><\/p>\n<p class=\"textabsatz m-ten m-offset-one l-eight l-offset-two columns twelve\">Es gibt so Tage, da kommt einfach alles zusammen, da bricht die Welt \u00fcber einem zusammen. So muss sich der britische Premier Keir Starmer am Montag gef\u00fchlt haben. Erst tritt der Kommunikationschef Tim Allan zur\u00fcck &#8211; das war bereits der zweite R\u00fccktritt aus dem F\u00fchrungsteam rund um den Premier. Angeblich, um den Weg frei zu machen f\u00fcr einen Neuanfang, wie es hie\u00df, aber diese Begr\u00fcndung klang zu diesem Zeitpunkt mehr als euphemistisch.<\/p>\n<p class=\"textabsatz m-ten m-offset-one l-eight l-offset-two columns twelve\">Und dann gibt der Chef von Labour in Schottland, Anas Sarwar, auch noch eine Pressekonferenz in Edinburgh, w\u00e4hrend der er sich von London und Keir Starmer distanziert. Ganz so, als geh\u00f6re Sarwar zu einer anderen Partei.<\/p>\n<p class=\"textabsatz m-ten m-offset-one l-eight l-offset-two columns twelve\">Die F\u00fchrung m\u00fcsse ausgetauscht werden, sagte der Schotte. Das klang schroff und d\u00fcrfte vor allem der Tatsache geschuldet sein, dass Anfang Mai in Gro\u00dfbritannien Regionalwahlen anstehen, auch in Schottland. Dort hatte Labour gerade erst wieder Boden gut machen k\u00f6nnen und sich gegen die Scottish National Party behaupten k\u00f6nnen. Doch im Mai k\u00f6nnte die rechtspopulistische Reform UK vielerorts gewinnen.<\/p>\n<p>    Emotionale Achterbahnfahrt<\/p>\n<p class=\"textabsatz m-ten m-offset-one l-eight l-offset-two columns twelve\">Sp\u00e4testens diese Pressekonferenz verleitete den einen oder anderen Berichterstatter in der Hauptstadt zu der Aussage, Starmer w\u00fcrde als Premier &#8222;die Tee-Zeit&#8220;, also den Nachmittag, &#8222;politisch nicht \u00fcberleben&#8220;. Die britische Presse drischt bereits seit Tagen auff\u00e4llig heftig auf den Labour-Politiker ein. Auch das ist ein Teil der Geschichte an diesem Tag.<\/p>\n<p class=\"textabsatz m-ten m-offset-one l-eight l-offset-two columns twelve\">Auf jeden Fall schaffte Starmer es bis zum Abend &#8211; denn noch am Nachmittag dieses Montags, der einer emotionalen Achterbahnfahrt glich, formulierten dann zahlreiche Labour-Spitzenpolitiker ihre Solidarit\u00e4t.<\/p>\n<p class=\"textabsatz m-ten m-offset-one l-eight l-offset-two columns twelve\">Da war der Justizminister und langj\u00e4hrige Weggef\u00e4hrte David Lammy. Sogar Angela Reyner twitterte f\u00fcr ihren Premier, ausgerechnet die Frau, die schon als m\u00f6gliche Nachfolgerin gehandelt worden war. Es war ein starkes Signal f\u00fcr Starmer. Und dann trat auch noch die stellvertretende Vorsitzende von Labour, Lucy Powell, vor das Mikrophon. Der Premier habe ihre volle Unterst\u00fctzung und die der Mehrheit der Abgeordneten.<\/p>\n<p>    Wer soll es sonst machen?<\/p>\n<p class=\"textabsatz m-ten m-offset-one l-eight l-offset-two columns twelve\">Am Abend traf Starmer schlie\u00dflich die Fraktion im Unterhaus. Die Botschaft: Volle Kraft nach vorne. Er sei nicht bereit, wegzulaufen, soll er gesagt habe. Die Abgeordneten stehen auch vor einem Dilemma: Wer soll es sonst machen?<\/p>\n<p class=\"textabsatz m-ten m-offset-one l-eight l-offset-two columns twelve\">Die Umfragewerte f\u00fcr Starmer sind im Keller, die Epstein-Aff\u00e4re um den mittlerweile <a href=\"https:\/\/www.tagesschau.de\/ausland\/europa\/grossbritannien-botschafter-mandelson-epstein-100.html\" title=\"Britischer Botschafter in den USA wegen Epstein-Verbindung entlassen\" rel=\"nofollow noopener\" target=\"_blank\">abberufenen Botschafter f\u00fcr die USA, Peter Mandelson<\/a>, ist eine riesige Belastung. Aber Labour hat keine Alternative zu Starmer.<\/p>\n<p class=\"textabsatz m-ten m-offset-one l-eight l-offset-two columns twelve\">Der beliebte B\u00fcrgermeister von Manchester, Andy Burnham, hat keinen Parlamentssitz &#8211; eine formale Voraussetzung f\u00fcr eine m\u00f6gliche Nachfolge. Und dann ist da noch besagte Angela Reyner, die gerade bei der Parteilinken relativ beliebt ist. Doch sie musste wegen nicht gezahlter Steuern ihr Amt als stellvertretende Parteivorsitzende abgeben. Sie ist nur noch &#8222;einfache Abgeordnete&#8220; und eigentlich keine ernstzunehmende Konkurrenz mehr.<\/p>\n<p>    Es geht nicht nur um die Epstein-Aff\u00e4re<\/p>\n<p class=\"textabsatz m-ten m-offset-one l-eight l-offset-two columns twelve\">Erst einmal hat Starmer also diesen Tag politisch \u00fcberlebt &#8211; aber es d\u00fcrfte nicht ruhiger werden. Wann wussten Starmer und sein Stab von den Details um die Beziehungen zwischen dem <a href=\"https:\/\/www.tagesschau.de\/thema\/epstein\" title=\"Artikel zu Jeffrey Epstein und den Epstein-Akten\" rel=\"nofollow noopener\" target=\"_blank\">US-amerikanischen Sexualstraft\u00e4ter Jeffrey Epstein<\/a> und dem Ex-Botschafter Mandelson?<\/p>\n<p class=\"textabsatz m-ten m-offset-one l-eight l-offset-two columns twelve\">Warum hat Starmer ihn \u00fcberhaupt noch als Botschafter f\u00fcr die USA ernannt, obwohl er doch wusste, weswegen Epstein verurteilt worden war? Gerade erst hat die Regierung angek\u00fcndigt, Dokumente dazu zu ver\u00f6ffentlichen.<\/p>\n<p>Was sind die Epstein-Files?<\/p>\n<p>        Die sogenannten Epstein-Files bezeichnen eine umfangreiche Sammlung von Dokumenten, Zeugenaussagen und Gerichtsunterlagen rund um den verurteilten Sexualstraft\u00e4ter Jeffrey Epstein. Der US-Multimillion\u00e4r soll \u00fcber Jahre hinweg ein Netzwerk zum sexuellen Missbrauch junger Frauen und Minderj\u00e4hriger aufgebaut haben. Epstein wurde 2019 erh\u00e4ngt in seiner Gef\u00e4ngniszelle in New York aufgefunden, bevor es zu einem Strafprozess kommen konnte.<\/p>\n<p>Im Mittelpunkt der Epstein-Files stehen Gerichtsakten aus Zivilprozessen, vor allem aus einem Verfahren der Epstein-Vertrauten Ghislaine Maxwell, die 2021 wegen Beihilfe zum sexuellen Missbrauch verurteilt wurde. Viele dieser Unterlagen waren lange unter Verschluss. Anfang 2024 ordnete ein US-Gericht an, zahlreiche Dokumente \u00f6ffentlich zug\u00e4nglich zu machen. Es folgten weitere Ver\u00f6ffentlichungen.<\/p>\n<p>Die Akten enthalten unter anderem Aussagen von Opfern und Zeugen, E-Mails, Fotos, Videos sowie Namen von Personen, die mit Epstein in Kontakt standen. Darunter finden sich Prominente aus Politik, Wirtschaft und Gesellschaft. Die blo\u00dfe Nennung eines Namens bedeutet keine Schuld. Zahlreiche Personen werden lediglich erw\u00e4hnt, ohne dass ihnen strafbares Verhalten vorgeworfen wird.<\/p>\n<p>Die Akten belegen, wie weitreichend Epsteins Kontakte waren und wie er offenbar seinen Reichtum und Einfluss nutzte, um sich und andere Beteiligte zu sch\u00fctzen. Zugleich zeigen sie, dass Justizbeh\u00f6rden schon fr\u00fch Hinweise auf m\u00f6gliche Straftaten Epsteins hatten. So meldeten sich bereits Anfang der 2000er-Jahre mehrere junge Frauen bei Polizei und Staatsanwaltschaft, ohne, dass es zu einer umfassenden Strafverfolgung kam. Eine vollst\u00e4ndige Aufarbeitung steht bis heute aus.\n    <\/p>\n<p class=\"textabsatz m-ten m-offset-one l-eight l-offset-two columns twelve\">Hinter all dem \u00c4rger steckt aber auch die allgemeine Unzufriedenheit mit Starmer. Bei seinem Wahlsieg hatte der Labour-Chef viel versprochen und seitdem wenig geliefert. Das ist zumindest die Lesart vieler W\u00e4hlerinnen und W\u00e4hler.<\/p>\n<p class=\"textabsatz m-ten m-offset-one l-eight l-offset-two columns twelve\">Da wirkt die Epstein-Aff\u00e4re wie ein Anlass &#8211; doch die Ursachen f\u00fcr die j\u00fcngsten Turbulenzen liegen tiefer. Vieles d\u00fcrfte sich zuspitzen in den kommenden Wochen bis zur Regionalwahl im Mai im Vereinigten K\u00f6nigreich.<\/p>\n<p class=\"textabsatz m-ten m-offset-one l-eight l-offset-two columns twelve\">Verliert Starmer die Regionalwahl deutlich &#8211; und danach sieht es derzeit aus &#8211; d\u00fcrfte Labour l\u00e4ngst nicht mehr so geschlossen hinter ihm stehen wie noch an diesem turbulenten Montag.<\/p>\n","protected":false},"excerpt":{"rendered":"analyse Stand: 10.02.2026 03:17 Uhr F\u00fcr Keir Starmer war der Start in die Woche eine politische Achterbahnfahrt. Dabei&hellip;\n","protected":false},"author":2,"featured_media":785730,"comment_status":"","ping_status":"","sticky":false,"template":"","format":"standard","meta":{"footnotes":"","_share_on_mastodon":"0"},"categories":[3976],"tags":[331,332,81660,13,175298,14,15,12,6382,3992,3993,3994,3995,3996,3997],"class_list":["post-785729","post","type-post","status-publish","format-standard","has-post-thumbnail","category-vereinigtes-koenigreich","tag-aktuelle-nachrichten","tag-aktuelle-news","tag-epstein","tag-headlines","tag-mandelson","tag-nachrichten","tag-news","tag-schlagzeilen","tag-starmer","tag-uk","tag-united-kingdom","tag-united-kingdom-of-great-britain-and-northern-ireland","tag-vereinigtes-koenigreich","tag-vereinigtes-koenigreich-grossbritannien-und-nordirland","tag-vereinigtes-koenigreich-von-grossbritannien-und-nordirland"],"share_on_mastodon":{"url":"https:\/\/pubeurope.com\/@de\/116044541931598081","error":""},"_links":{"self":[{"href":"https:\/\/www.europesays.com\/de\/wp-json\/wp\/v2\/posts\/785729","targetHints":{"allow":["GET"]}}],"collection":[{"href":"https:\/\/www.europesays.com\/de\/wp-json\/wp\/v2\/posts"}],"about":[{"href":"https:\/\/www.europesays.com\/de\/wp-json\/wp\/v2\/types\/post"}],"author":[{"embeddable":true,"href":"https:\/\/www.europesays.com\/de\/wp-json\/wp\/v2\/users\/2"}],"replies":[{"embeddable":true,"href":"https:\/\/www.europesays.com\/de\/wp-json\/wp\/v2\/comments?post=785729"}],"version-history":[{"count":0,"href":"https:\/\/www.europesays.com\/de\/wp-json\/wp\/v2\/posts\/785729\/revisions"}],"wp:featuredmedia":[{"embeddable":true,"href":"https:\/\/www.europesays.com\/de\/wp-json\/wp\/v2\/media\/785730"}],"wp:attachment":[{"href":"https:\/\/www.europesays.com\/de\/wp-json\/wp\/v2\/media?parent=785729"}],"wp:term":[{"taxonomy":"category","embeddable":true,"href":"https:\/\/www.europesays.com\/de\/wp-json\/wp\/v2\/categories?post=785729"},{"taxonomy":"post_tag","embeddable":true,"href":"https:\/\/www.europesays.com\/de\/wp-json\/wp\/v2\/tags?post=785729"}],"curies":[{"name":"wp","href":"https:\/\/api.w.org\/{rel}","templated":true}]}}