{"id":785767,"date":"2026-02-10T05:11:10","date_gmt":"2026-02-10T05:11:10","guid":{"rendered":"https:\/\/www.europesays.com\/de\/785767\/"},"modified":"2026-02-10T05:11:10","modified_gmt":"2026-02-10T05:11:10","slug":"essen-im-ohr-ein-ausflug-in-die-menschliche-psyche-simon-kurzhals-im-podcast","status":"publish","type":"post","link":"https:\/\/www.europesays.com\/de\/785767\/","title":{"rendered":"&#8222;Essen im Ohr&#8220;: Ein Ausflug in die menschliche Psyche &#8211; Simon Kurzhals im Podcast"},"content":{"rendered":"<p>Schreien, schlagen, verweigern \u2013 normalerweise Dinge, die ein Oberarzt auf seiner Station nicht erleben will. Simon Kurzhals erlebt das aber immer wieder, denn er ist leitender Oberarzt einer gesch\u00fctzten allgemeinpsychiatrischen Akutstation bei den Evang. Kliniken Essen-Mitte. Im Podcast erz\u00e4hlt er aus seinem Arbeitsalltag und dass es ohne Zwangsma\u00dfnahmen manchmal nicht geht. Und wie man mit traumatisierten, depressiven oder schizophrenen Menschen umgeht und ihnen helfen kann. Wir kl\u00e4ren die Frage, ob es sowas gibt wie \u201eErste-Hilfe-Ma\u00dfnahmen\u201c, denn Herzmassage oder stabile Seitenlage helfen bei einem Menschen mit Wahnvorstellungen oder \u00c4ngsten nicht \u2013 aber was kann ich als Mitmensch \u00fcberhaupt tun und wie gef\u00e4hrlich kann das sein? In einem ersten Schritt muss man aber erstmal erkennen, dass eine Person Hilfe braucht &#8211; das ist nicht immer ganz einfach, erkl\u00e4rt der Oberarzt Simon Kurzhals:<\/p>\n<blockquote><p>&#8222;Steht leider nicht dran.\u00a0Also es winkt keiner mit dem Pfahl und sagt, jetzt wird es ernst.\u00a0Wobei eigentlich die Gesellschaft drau\u00dfen hat ein relativ gutes (auch Menschen, die\u00a0sich drau\u00dfen aufhalten, in Gemeinschaften auch unterwegs sind, haben ein relativ gutes) Gesp\u00fcr daf\u00fcr, dass bestimmte Verhaltensweisen dann doch eben ja so vielleicht auch als st\u00f6rend\u00a0empfunden werden oder auch als bedrohlich empfunden werden. Dass man zumindest einmal sich \u00fcberlegen\u00a0sollte, ist das etwas, was vielleicht im Rahmen einer psychischen Erkrankung da ist?&#8220;<\/p><\/blockquote>\n","protected":false},"excerpt":{"rendered":"Schreien, schlagen, verweigern \u2013 normalerweise Dinge, die ein Oberarzt auf seiner Station nicht erleben will. Simon Kurzhals erlebt&hellip;\n","protected":false},"author":2,"featured_media":785768,"comment_status":"","ping_status":"","sticky":false,"template":"","format":"standard","meta":{"footnotes":"","_share_on_mastodon":"0"},"categories":[1834],"tags":[3364,29,3688,30,1209],"class_list":["post-785767","post","type-post","status-publish","format-standard","has-post-thumbnail","category-essen","tag-de","tag-deutschland","tag-essen","tag-germany","tag-nordrhein-westfalen"],"share_on_mastodon":{"url":"https:\/\/pubeurope.com\/@de\/116044620372629277","error":""},"_links":{"self":[{"href":"https:\/\/www.europesays.com\/de\/wp-json\/wp\/v2\/posts\/785767","targetHints":{"allow":["GET"]}}],"collection":[{"href":"https:\/\/www.europesays.com\/de\/wp-json\/wp\/v2\/posts"}],"about":[{"href":"https:\/\/www.europesays.com\/de\/wp-json\/wp\/v2\/types\/post"}],"author":[{"embeddable":true,"href":"https:\/\/www.europesays.com\/de\/wp-json\/wp\/v2\/users\/2"}],"replies":[{"embeddable":true,"href":"https:\/\/www.europesays.com\/de\/wp-json\/wp\/v2\/comments?post=785767"}],"version-history":[{"count":0,"href":"https:\/\/www.europesays.com\/de\/wp-json\/wp\/v2\/posts\/785767\/revisions"}],"wp:featuredmedia":[{"embeddable":true,"href":"https:\/\/www.europesays.com\/de\/wp-json\/wp\/v2\/media\/785768"}],"wp:attachment":[{"href":"https:\/\/www.europesays.com\/de\/wp-json\/wp\/v2\/media?parent=785767"}],"wp:term":[{"taxonomy":"category","embeddable":true,"href":"https:\/\/www.europesays.com\/de\/wp-json\/wp\/v2\/categories?post=785767"},{"taxonomy":"post_tag","embeddable":true,"href":"https:\/\/www.europesays.com\/de\/wp-json\/wp\/v2\/tags?post=785767"}],"curies":[{"name":"wp","href":"https:\/\/api.w.org\/{rel}","templated":true}]}}