{"id":785773,"date":"2026-02-10T05:14:11","date_gmt":"2026-02-10T05:14:11","guid":{"rendered":"https:\/\/www.europesays.com\/de\/785773\/"},"modified":"2026-02-10T05:14:11","modified_gmt":"2026-02-10T05:14:11","slug":"das-ist-schon-ueber-das-wgt-2026-in-leipzig-bekannt","status":"publish","type":"post","link":"https:\/\/www.europesays.com\/de\/785773\/","title":{"rendered":"Das ist schon \u00fcber das WGT 2026 in Leipzig bekannt"},"content":{"rendered":"<p class=\"bold\">\n\t\t\t\t\t\t\t\t\t\tNoch fast vier Monate sind es bis zum Wave-Gotik-Treffen in Leipzig. Doch bereits jetzt stehen fast 140 Bands und K\u00fcnstler fest, die auftreten &#8211; und auch die Kosten f\u00fcr Eintrittstickets, Obsorgekarten und Parkvignetten.\t\t\t\t<\/p>\n<p>\t\t\t\t\t\t\t\t\t\t\t\t\t\t\t\t\t\t\tLeipzig.<\/p>\n<p>Am Pfingstwochenende ist es wieder so weit: Vom 22. bis 25. Mai trifft sich in Leipzig die Alternative und Schwarze Szene beim Wave-Gotik-Treffen (WGT). Doch bereits Monate vorher stehen schon Dutzende Bands und K\u00fcnstler fest, die sich in Sachsen die Ehre geben.<\/p>\n<p>Etwa 20.000 Besucher mit teils \u00e4u\u00dferst ausgefallenen Kost\u00fcmen (<a class=\"gradient-link\" href=\"https:\/\/www.freiepresse.de\/kultur\/die-schoensten-bilder-vom-wgt-2025-in-leipzig-warum-der-geist-des-wave-gotik-treffens-uns-alle-betrifft-artikel13841031\" rel=\"nofollow noopener\" target=\"_blank\">hier die sch\u00f6nsten Bilder vom vergangenen Jahr<\/a>) empf\u00e4ngt Leipzig \u00fcber Pfingsten. Eintrittskarten f\u00fcr das 33. WGT k\u00f6nnen bereits <a class=\"gradient-link\" href=\"https:\/\/www.wave-gotik-treffen.de\/karten.php\" rel=\"nofollow noopener\" target=\"_blank\">\u00fcber die Veranstaltungs-Website gekauft werden<\/a>.<\/p>\n<p>Eine 4-Tages-Karte kostet 190 Euro, die \u201eObsorgekarte\u201c f\u00fcrs Camping mit einem Zelt gibt es f\u00fcr 50, eine Parkvignette f\u00fcrs Auto f\u00fcr 20 und die Wohnwagenkarte f\u00fcr 150 Euro.<\/p>\n<p>                    \t\t\t        \t\t\t\t<img decoding=\"async\" class=\"media-image detail-img__media-image detail-img__image--rounded\" loading=\"lazy\" src=\"https:\/\/www.europesays.com\/de\/wp-content\/uploads\/2026\/02\/18116470_M400x267.jpg\" alt=\"Auch Kim Wilde (hier bei einem Auftritt im August 2025 in Gro\u00dfbritannien) wird in Leipzig auftreten.\"   style=\"&#10;&#9;&#9;&#9;aspect-ratio:2040\/1360;&#10;&#9;&#9;&#9;background: url(data:image\/jpg;base64,\/9j\/4AAQSkZJRgABAQEASABIAAD\/2wBDAAUDBAQEAwUEBAQFBQUGBwwIBwcHBw8LCwkMEQ8SEhEPERETFhwXExQaFRERGCEYGh0dHx8fExciJCIeJBweHx7\/2wBDAQUFBQcGBw4ICA4eFBEUHh4eHh4eHh4eHh4eHh4eHh4eHh4eHh4eHh4eHh4eHh4eHh4eHh4eHh4eHh4eHh4eHh7\/wAARCAAHAAoDASEAAhEBAxEB\/8QAFAABAAAAAAAAAAAAAAAAAAAABP\/EACEQAAIBAwQDAQAAAAAAAAAAAAECAwQFEQAGByEUMWGR\/8QAFAEBAAAAAAAAAAAAAAAAAAAAB\/\/EACERAAECBAcAAAAAAAAAAAAAAAMBAgARMaEFBhIhQbHB\/9oADAMBAAIRAxEAPwAHK29q7aXINnk8VZaWaIsVZVbpSAQO+sA59fulXC7zGvqC7zsxlbJDgAnJ+aQsDG9CFYvEuvYPczEE4QSNVd9U6JRb2j\/\/2Q==) no-repeat left top; background-size: cover;&#9;&#9;&#9;width: 100%;&#9;&#9;\"\/><\/p>\n<p>\n            Auch Kim Wilde (hier bei einem Auftritt im August 2025 in Gro\u00dfbritannien) wird in Leipzig auftreten.<\/p>\n<p>                Bild:  IMAGO\/ZUMA Press Wire\n        <\/p>\n<p>            \t\t\t        \t\t\t\t<img decoding=\"async\" class=\"media-image lightbox__image\" loading=\"lazy\" src=\"https:\/\/www.europesays.com\/de\/wp-content\/uploads\/2026\/02\/18116470_M400x267.jpg\" alt=\"Auch Kim Wilde (hier bei einem Auftritt im August 2025 in Gro\u00dfbritannien) wird in Leipzig auftreten.\"   style=\"&#10;&#9;&#9;&#9;aspect-ratio:2040\/1360;&#10;&#9;&#9;&#9;background: url(data:image\/jpg;base64,\/9j\/4AAQSkZJRgABAQEASABIAAD\/2wBDAAUDBAQEAwUEBAQFBQUGBwwIBwcHBw8LCwkMEQ8SEhEPERETFhwXExQaFRERGCEYGh0dHx8fExciJCIeJBweHx7\/2wBDAQUFBQcGBw4ICA4eFBEUHh4eHh4eHh4eHh4eHh4eHh4eHh4eHh4eHh4eHh4eHh4eHh4eHh4eHh4eHh4eHh4eHh7\/wAARCAAHAAoDASEAAhEBAxEB\/8QAFAABAAAAAAAAAAAAAAAAAAAABP\/EACEQAAIBAwQDAQAAAAAAAAAAAAECAwQFEQAGByEUMWGR\/8QAFAEBAAAAAAAAAAAAAAAAAAAAB\/\/EACERAAECBAcAAAAAAAAAAAAAAAMBAgARMaEFBhIhQbHB\/9oADAMBAAIRAxEAPwAHK29q7aXINnk8VZaWaIsVZVbpSAQO+sA59fulXC7zGvqC7zsxlbJDgAnJ+aQsDG9CFYvEuvYPczEE4QSNVd9U6JRb2j\/\/2Q==) no-repeat left top; background-size: cover;&#9;&#9;&#9;width: 100%;&#9;&#9;\"\/><\/p>\n<p>\n            Auch Kim Wilde (hier bei einem Auftritt im August 2025 in Gro\u00dfbritannien) wird in Leipzig auftreten. Bild: IMAGO\/ZUMA Press Wire\n        <\/p>\n<p>Bereits Monate vor dem Event sind 136 Bands bzw. K\u00fcnstler bekannt, die ihr Kommen fest zugesagt haben. Laut den WGT-Veranstaltern sind darunter sowohl deutsche als auch internationale Acts wie etwa Einst\u00fcrzende Neubauten, Lacrimosa, Moonspell oder Sucide Commando.<\/p>\n<p>Aber auch die 80er-Ikone Kim Wilde (\u201eKids in America\u201c) sowie Vaughn George kommen nach Leipzig. Letzterer interpretiert Songs von Depeche Mode. Die komplette Liste aller bisher gesetzten Acts finden Sie <a class=\"gradient-link\" href=\"https:\/\/www.wave-gotik-treffen.de\/bands.php\" rel=\"nofollow noopener\" target=\"_blank\">auf der WGT-Homepage<\/a>.<\/p>\n<p>Das Musikfestival findet in Leipzig seit 1992 statt, unterbrochen nur in den Corona-Jahren 2020 und 2021. (phy)<\/p>\n<p><a class=\"article-preview card  article-preview--desktop-small article-preview--date-time \" href=\"https:\/\/www.freiepresse.de\/nachrichten\/sachsen\/leipzig-in-schwarz-was-besucher-zum-wave-gotik-treffen-wissen-muessen-artikel13839973\" data-ct=\"ARTICLE\/ADDITIONAL-LINK\/13839973\" data-upscore-object-id=\"artikel13839973\" data-upscore-url=\"\" data-dismiss_article-target=\"article\" rel=\"nofollow noopener\" target=\"_blank\"><\/p>\n<p>            <img decoding=\"async\" class=\"fp-plus-logo\" src=\"https:\/\/www.freiepresse.de\/img\/fpplus.svg\" alt=\"Freie Presse plus Logo\"\/><\/p>\n<p>\n        06.06.2025\n    <\/p>\n<p>\t\t\t\t\t3<br \/>\n\t\t\t\t\t\tmin.\n\t\t\t\t\t\t\t<\/p>\n<p>Leipzig in Schwarz: Was Besucher zum Wave-Gotik-Treffen wissen m\u00fcssen<\/p>\n<p>\t\t\t\t\t\t\t        \t\t\t\t<img decoding=\"async\" class=\"media-image article-preview__img\" loading=\"lazy\" src=\"https:\/\/www.europesays.com\/de\/wp-content\/uploads\/2026\/02\/16698986_M336x224C2040x1360o0x0.jpg\" alt=\"Besucher des 32. Wave-Gotik-Treffens tafeln am Freitag beim \u201eViktorianischen Picknick\u201c. Tausende Anh\u00e4nger der \u201eSchwarzen Szene\u201c kommen auch dieses Wochenende wieder nach Leipzig.\"  style=\"&#10;&#9;&#9;&#9;aspect-ratio:2040\/1360;&#10;&#9;&#9;&#9;background: url(data:image\/jpg;base64,\/9j\/4AAQSkZJRgABAQEBLAEsAAD\/2wBDAAUDBAQEAwUEBAQFBQUGBwwIBwcHBw8LCwkMEQ8SEhEPERETFhwXExQaFRERGCEYGh0dHx8fExciJCIeJBweHx7\/2wBDAQUFBQcGBw4ICA4eFBEUHh4eHh4eHh4eHh4eHh4eHh4eHh4eHh4eHh4eHh4eHh4eHh4eHh4eHh4eHh4eHh4eHh7\/wAARCAAHAAoDASIAAhEBAxEB\/8QAFgABAQEAAAAAAAAAAAAAAAAAAAMG\/8QAIRAAAgEEAgIDAAAAAAAAAAAAAQMCAAQFBhESITEiUWH\/xAAVAQEBAAAAAAAAAAAAAAAAAAADBf\/EABwRAAICAgMAAAAAAAAAAAAAAAECABEDBBIT4f\/aAAwDAQACEQMRAD8AxOtbLe7Nhsi3DSGOu0lbYTYexb0gSF+iIj4g8\/YH6ate7Mx9698s5lISYyUzHsfBJJ490pU86+MNxUVXkboUopn\/2Q==) no-repeat left top; background-size: cover;&#9;&#9;&#9;width: 100%;&#9;&#9;\"\/><\/p>\n<p>Tausende Fans der Gotik- und Wave-Szene str\u00f6men zu Pfingsten in die Messestadt. Das Programm spielt sich an mehr als 50 Orten ab. Ein \u00dcberblick \u00fcber die WGT-Highlights.<\/p>\n<p><\/a><\/p>\n","protected":false},"excerpt":{"rendered":"Noch fast vier Monate sind es bis zum Wave-Gotik-Treffen in Leipzig. Doch bereits jetzt stehen fast 140 Bands&hellip;\n","protected":false},"author":2,"featured_media":785774,"comment_status":"","ping_status":"","sticky":false,"template":"","format":"standard","meta":{"footnotes":"","_share_on_mastodon":"0"},"categories":[1832],"tags":[3364,29,30,71,859,3866],"class_list":["post-785773","post","type-post","status-publish","format-standard","has-post-thumbnail","category-leipzig","tag-de","tag-deutschland","tag-germany","tag-leipzig","tag-sachsen","tag-veranstaltungen"],"share_on_mastodon":{"url":"https:\/\/pubeurope.com\/@de\/116044632354944546","error":""},"_links":{"self":[{"href":"https:\/\/www.europesays.com\/de\/wp-json\/wp\/v2\/posts\/785773","targetHints":{"allow":["GET"]}}],"collection":[{"href":"https:\/\/www.europesays.com\/de\/wp-json\/wp\/v2\/posts"}],"about":[{"href":"https:\/\/www.europesays.com\/de\/wp-json\/wp\/v2\/types\/post"}],"author":[{"embeddable":true,"href":"https:\/\/www.europesays.com\/de\/wp-json\/wp\/v2\/users\/2"}],"replies":[{"embeddable":true,"href":"https:\/\/www.europesays.com\/de\/wp-json\/wp\/v2\/comments?post=785773"}],"version-history":[{"count":0,"href":"https:\/\/www.europesays.com\/de\/wp-json\/wp\/v2\/posts\/785773\/revisions"}],"wp:featuredmedia":[{"embeddable":true,"href":"https:\/\/www.europesays.com\/de\/wp-json\/wp\/v2\/media\/785774"}],"wp:attachment":[{"href":"https:\/\/www.europesays.com\/de\/wp-json\/wp\/v2\/media?parent=785773"}],"wp:term":[{"taxonomy":"category","embeddable":true,"href":"https:\/\/www.europesays.com\/de\/wp-json\/wp\/v2\/categories?post=785773"},{"taxonomy":"post_tag","embeddable":true,"href":"https:\/\/www.europesays.com\/de\/wp-json\/wp\/v2\/tags?post=785773"}],"curies":[{"name":"wp","href":"https:\/\/api.w.org\/{rel}","templated":true}]}}