{"id":785996,"date":"2026-02-10T07:20:12","date_gmt":"2026-02-10T07:20:12","guid":{"rendered":"https:\/\/www.europesays.com\/de\/785996\/"},"modified":"2026-02-10T07:20:12","modified_gmt":"2026-02-10T07:20:12","slug":"kinopolis-schliesst-filiale-wer-folgt-nach","status":"publish","type":"post","link":"https:\/\/www.europesays.com\/de\/785996\/","title":{"rendered":"Kinopolis schlie\u00dft Filiale \u2013 wer folgt nach?"},"content":{"rendered":"<p class=\"mb-6 text-xs md:text-m lg:text-l font-serif group-[.font-sans]:font-sans \">\n    <a href=\"https:\/\/www.ka-news.de\/karlsruhe\/gastro-und-handel\/karlsruhe-verliert-unikat-store-und-prueft-nachnutzung-der-geschaeftsraeume-113231618\" target=\"_self\" class=\"underline \" rel=\"nofollow noopener\">Droht in Karlsruhe der n\u00e4chste Leerstand?<\/a> Denn die Zukunft des \u201eUniversum-City\u201c Kinos am Europaplatz sieht nicht gut aus.\n  <\/p>\n<p class=\"mb-6 text-xs md:text-m lg:text-l font-serif group-[.font-sans]:font-sans \">\n    <strong class=\"font-bold\">Bereits im Fr\u00fchjahr wird sich der Betreiber Kinopolis aus <a href=\"https:\/\/www.ka-news.de\/promis\/karlsruhe-kulturlandschaft-technologieregion-und-residenz-des-rechts-die-faecherstadt-im-ueberblick-art-2783253\" target=\"_self\" class=\"underline \" rel=\"nofollow noopener\">Karlsruhe<\/a> zur\u00fcckziehen<\/strong>. Das deutsche Kinounternehmen ist bundesweit mit 19 Standorten vertreten \u2013 doch nur in Karlsruhe wird der Laden dichtgemacht.\n  <\/p>\n<p>            Kinomuffel in Karlsruhe?<\/p>\n<p class=\"mb-6 text-xs md:text-m lg:text-l font-serif group-[.font-sans]:font-sans \">\n    \u201eWir werden das Kino nur noch voraussichtlich<strong class=\"font-bold\"> bis Ende Mai<\/strong> betreiben\u201c, best\u00e4tigt Gregory Theile, gesch\u00e4ftsf\u00fchrender Gesellschafter der Kinopolis-Gruppe, der Redaktion. Die Entscheidung, den Standort Karlsruhe aufzugeben, sei aus <strong class=\"font-bold\">wirtschaftlichen Gr\u00fcnden<\/strong> gefallen.\n  <\/p>\n<p>    <img decoding=\"async\" src=\"https:\/\/www.europesays.com\/de\/wp-content\/uploads\/2026\/02\/2025-portrait-gregory-theile.jpg\" alt=\"Gregory Theile, gesch\u00e4ftsf\u00fchrender Gesellschafter der Kinopolis-Gruppe.\" title=\"Gregory Theile, gesch\u00e4ftsf\u00fchrender Gesellschafter der Kinopolis-Gruppe.\" loading=\"lazy\" class=\"h-full w-full object-cover\"\/><\/p>\n<p>      Icon vergr\u00f6\u00dfern<\/p>\n<p>    Gregory Theile, gesch\u00e4ftsf\u00fchrender Gesellschafter der Kinopolis-Gruppe.<br \/>\n    Foto: Kinopolis Management Multiplex GmbH<\/p>\n<p>        Schlie\u00dfen <\/p>\n<p>      Icon Schlie\u00dfen<\/p>\n<p>        Icon vergr\u00f6\u00dfern<\/p>\n<p>        Icon verkleinern<\/p>\n<p>      Icon Pfeil bewegen<\/p>\n<p>    Gregory Theile, gesch\u00e4ftsf\u00fchrender Gesellschafter der Kinopolis-Gruppe.<br \/>\n    Foto: Kinopolis Management Multiplex GmbH<\/p>\n<p class=\"mb-6 text-xs md:text-m lg:text-l font-serif group-[.font-sans]:font-sans \">\n    \u201eWir hatten im vergangenen Jahr <strong class=\"font-bold\">(2025) zirka 65.000 Besucher<\/strong>, <strong class=\"font-bold\">2019 waren es noch knapp 120.000 Besucher<\/strong>\u201c, sagt Theile. Aufgrund des <strong class=\"font-bold\">deutlichen Besucherr\u00fcckgangs<\/strong> ist das Kino in Karlsruhe f\u00fcr die Kinopolis-Gruppe ein <strong class=\"font-bold\">Zuschussgesch\u00e4ft<\/strong> geworden. \u201eDas k\u00f6nnen wir nicht dauerhaft aufrechterhalten\u201c, so Theile. Ob und inwiefern <a href=\"https:\/\/www.ka-news.de\/region\/karlsruhe\/kino-karlsruhe-filme-auf-leinwand-wenn-netflix-mal-langweilig-wird-art-2866661\" target=\"_self\" class=\"underline \" rel=\"nofollow noopener\">konkurrierende Kinos wie das ZKM<\/a> Einfluss auf die schlechten Besucherzahlen hatten, sei ihm nicht bekannt.\n  <\/p>\n<p class=\"mb-6 text-xs md:text-m lg:text-l font-serif group-[.font-sans]:font-sans \">\n    W\u00e4hrend die Gesamtbesucherzahl aller Standorte in Deutschland<strong class=\"font-bold\"> seit 2019 um zirka 25 Prozent zur\u00fcckgegangen<\/strong> ist, war der R\u00fcckgang in Karlsruhe deutlich gravierender. \u201e<strong class=\"font-bold\">In Karlsruhe ist die Besucherzahl \u00fcberproportional zur\u00fcckgegangen<\/strong>\u201c, best\u00e4tigt Theile der Redaktion.\n  <\/p>\n<p>            Leerstand oder Nachfolger? <\/p>\n<p class=\"mb-6 text-xs md:text-m lg:text-l font-serif group-[.font-sans]:font-sans \">\n    Eine direkte \u00dcbergabe an einen Nachfolger Ende Mai sei zwar m\u00f6glich \u2013 es sei jedoch offen, ob der Betrieb anschlie\u00dfend ohne Unterbrechungen fortgef\u00fchrt werden k\u00f6nne. \u201eOb der neue Betreiber nahtlos weiterspielen oder gegebenenfalls umbauen oder renovieren m\u00f6chte, l\u00e4sst sich zum jetzigen Zeitpunkt nicht sagen\u201c, sagt Theile.\n  <\/p>\n<p>    <img decoding=\"async\" src=\"https:\/\/www.europesays.com\/de\/wp-content\/uploads\/2026\/02\/img5207jpg.jpg\" alt=\"&quot;Universum-City&quot;-Kino am Karlsruher Europaplatz, 4. Februar 2026.\" title=\"&quot;Universum-City&quot;-Kino am Karlsruher Europaplatz, 4. Februar 2026.\" loading=\"lazy\" class=\"h-full w-full object-cover\"\/><\/p>\n<p>      Icon vergr\u00f6\u00dfern<\/p>\n<p>    &#8222;Universum-City&#8220;-Kino am Karlsruher Europaplatz, 4. Februar 2026.<br \/>\n    Foto: Viviane Turhan<\/p>\n<p>        Schlie\u00dfen <\/p>\n<p>      Icon Schlie\u00dfen<\/p>\n<p>        Icon vergr\u00f6\u00dfern<\/p>\n<p>        Icon verkleinern<\/p>\n<p>      Icon Pfeil bewegen<\/p>\n<p>    &#8222;Universum-City&#8220;-Kino am Karlsruher Europaplatz, 4. Februar 2026.<br \/>\n    Foto: Viviane Turhan<\/p>\n<p class=\"mb-6 text-xs md:text-m lg:text-l font-serif group-[.font-sans]:font-sans \">\n    Aber: Einen Nachfolger gebe es nach Kenntnisstand Theiles derzeit nicht. Die Suche nach einem neuen Betreiber falle in den Zust\u00e4ndigkeitsbereich des Vermieters. \u201eDa Teile des Inventars uns geh\u00f6ren, waren wir zuletzt mit einem Interessenten im Gespr\u00e4ch bez\u00fcglich einer eventuellen \u00dcbernahme des Inventars\u201c, sagt Theile. Zur Identit\u00e4t des Interessenten m\u00f6chte er sich allerdings nicht \u00e4u\u00dfern.\n  <\/p>\n<p>    <img decoding=\"async\" src=\"https:\/\/www.europesays.com\/de\/wp-content\/uploads\/2026\/02\/screenshot-2026-02-05-150656.png\" alt=\"&quot;Universum-City&quot;-Kino am Karlsruher Europaplatz, 4. Februar 2026.\" title=\"&quot;Universum-City&quot;-Kino am Karlsruher Europaplatz, 4. Februar 2026.\" loading=\"lazy\" class=\"h-full w-full object-cover\"\/><\/p>\n<p>      Icon vergr\u00f6\u00dfern<\/p>\n<p>    &#8222;Universum-City&#8220;-Kino am Karlsruher Europaplatz, 4. Februar 2026.<br \/>\n    Foto: Viviane Turhan<\/p>\n<p>        Schlie\u00dfen <\/p>\n<p>      Icon Schlie\u00dfen<\/p>\n<p>        Icon vergr\u00f6\u00dfern<\/p>\n<p>        Icon verkleinern<\/p>\n<p>      Icon Pfeil bewegen<\/p>\n<p>    &#8222;Universum-City&#8220;-Kino am Karlsruher Europaplatz, 4. Februar 2026.<br \/>\n    Foto: Viviane Turhan<\/p>\n<p class=\"mb-6 text-xs md:text-m lg:text-l font-serif group-[.font-sans]:font-sans \">\n    Wer der Eigent\u00fcmer des Geb\u00e4udes sei, k\u00f6nne Theile der Redaktion nicht mitteilen. Nur soviel, dass es <strong class=\"font-bold\">kein st\u00e4dtisches Geb\u00e4ude<\/strong> sei. \u00dcbrigens: <a href=\"https:\/\/www.ka-news.de\/karlsruhe\/gastro-und-handel\/neues-themenhotel-in-karlsruhe-hier-gehst-du-mit-deinen-filmhelden-ins-bett-110537033\" target=\"_self\" class=\"underline \" rel=\"nofollow noopener\">Erst im August 2025 \u00f6ffnete im selben Geb\u00e4ude das Cinema City Hotel seine T\u00fcren.<\/a>\n  <\/p>\n<p>    Hintergrund Universum-City-Kino:<\/p>\n<p class=\"mb-6 text-xs md:text-m lg:text-l font-serif group-[.font-sans]:font-sans \">\n    Das Universum-City er\u00f6ffnete im Oktober 1953 unter dem Namen \u201eUniversum\u201c, gebaut von Willy Schweinfurth und vom Stuttgarter Architekten Hans Kieser geplant. 1960 kam direkt nebenan das City-Kino mit 650 Pl\u00e4tzen im City-Haus hinzu, das im Cinemiracle-Breitwandverfahren mit drei gleichzeitig laufenden Projektoren arbeitete. Beide Kinos wurden in den 1970er-Jahren modernisiert, umgebaut und verkleinert. Heute gibt es im Universum-City f\u00fcnf S\u00e4le mit 3D-Digitaltechnik.\n  <\/p>\n<p class=\"mb-6 text-xs md:text-m lg:text-l font-serif group-[.font-sans]:font-sans \">\n    (Quelle: Stadtlexikon Karlsruhe\/Stadtgeschichte digital, Ren\u00e9 Gilbert, 2016\/2022, Stand 28.11.2022).\n  <\/p>\n<ul data-module-id=\"DragDropModule\" class=\"flex flex-wrap justify-start group-[.no-bookmarks]:hidden\">\n<li class=\"mb-3 mr-3\">\n    Gerrit Lieb<\/p>\n<p>      Icon Haken im Kreis gesetzt<\/p>\n<p>      Icon Plus im Kreis<\/p>\n<\/li>\n<li class=\"mb-3 mr-3\">\n    Europaplatz<\/p>\n<p>      Icon Haken im Kreis gesetzt<\/p>\n<p>      Icon Plus im Kreis<\/p>\n<\/li>\n<li class=\"mb-3 mr-3\">\n    Karlsruhe<\/p>\n<p>      Icon Haken im Kreis gesetzt<\/p>\n<p>      Icon Plus im Kreis<\/p>\n<\/li>\n<\/ul>\n","protected":false},"excerpt":{"rendered":"Droht in Karlsruhe der n\u00e4chste Leerstand? Denn die Zukunft des \u201eUniversum-City\u201c Kinos am Europaplatz sieht nicht gut aus.&hellip;\n","protected":false},"author":2,"featured_media":785997,"comment_status":"","ping_status":"","sticky":false,"template":"","format":"standard","meta":{"footnotes":"","_share_on_mastodon":"0"},"categories":[1844],"tags":[1634,3364,29,34754,30,177448,8903,1896,9005,8677],"class_list":["post-785996","post","type-post","status-publish","format-standard","has-post-thumbnail","category-karlsruhe","tag-baden-wuerttemberg","tag-de","tag-deutschland","tag-europaplatz","tag-germany","tag-gregory-theile","tag-karlsruhe","tag-kinofilm","tag-kinopolis","tag-leerstand"],"share_on_mastodon":{"url":"https:\/\/pubeurope.com\/@de\/116045128123322785","error":""},"_links":{"self":[{"href":"https:\/\/www.europesays.com\/de\/wp-json\/wp\/v2\/posts\/785996","targetHints":{"allow":["GET"]}}],"collection":[{"href":"https:\/\/www.europesays.com\/de\/wp-json\/wp\/v2\/posts"}],"about":[{"href":"https:\/\/www.europesays.com\/de\/wp-json\/wp\/v2\/types\/post"}],"author":[{"embeddable":true,"href":"https:\/\/www.europesays.com\/de\/wp-json\/wp\/v2\/users\/2"}],"replies":[{"embeddable":true,"href":"https:\/\/www.europesays.com\/de\/wp-json\/wp\/v2\/comments?post=785996"}],"version-history":[{"count":0,"href":"https:\/\/www.europesays.com\/de\/wp-json\/wp\/v2\/posts\/785996\/revisions"}],"wp:featuredmedia":[{"embeddable":true,"href":"https:\/\/www.europesays.com\/de\/wp-json\/wp\/v2\/media\/785997"}],"wp:attachment":[{"href":"https:\/\/www.europesays.com\/de\/wp-json\/wp\/v2\/media?parent=785996"}],"wp:term":[{"taxonomy":"category","embeddable":true,"href":"https:\/\/www.europesays.com\/de\/wp-json\/wp\/v2\/categories?post=785996"},{"taxonomy":"post_tag","embeddable":true,"href":"https:\/\/www.europesays.com\/de\/wp-json\/wp\/v2\/tags?post=785996"}],"curies":[{"name":"wp","href":"https:\/\/api.w.org\/{rel}","templated":true}]}}