{"id":786142,"date":"2026-02-10T08:42:14","date_gmt":"2026-02-10T08:42:14","guid":{"rendered":"https:\/\/www.europesays.com\/de\/786142\/"},"modified":"2026-02-10T08:42:14","modified_gmt":"2026-02-10T08:42:14","slug":"fuchs-ist-100-tage-oberbuergermeister","status":"publish","type":"post","link":"https:\/\/www.europesays.com\/de\/786142\/","title":{"rendered":"Fuchs ist 100 Tage Oberb\u00fcrgermeister"},"content":{"rendered":"<p class=\"small date article__date\">Ver\u00f6ffentlicht:\u00a0Dienstag, 10.02.2026 08:11<\/p>\n<p>Im Gespr\u00e4ch mit dem ANTENNE M\u00dcNSTER-Morningshow-Team Tino Tiede und Malena St\u00f6hler und hat Tilman Fuchs (M.) eine erste Zwischenbilanz gezogen.<\/p>\n<p><img decoding=\"async\" alt=\"\" src=\"https:\/\/www.europesays.com\/de\/wp-content\/uploads\/2026\/02\/fuchs.jpg&#038;crop=0x0x5712x3570&#038;resize=1280x800&#038;dt=202602100814550.jpeg\" data-size=\"1280x800\"\/>\u00a9 ANTENNE M\u00dcNSTER<\/p>\n<p>100 Tage ist Tilman Fuchs nun im Amt als Oberb\u00fcrgermeister von M\u00fcnster. F\u00fcr Malena St\u00f6hler und Tino Tiede ein guter Anlass, mal nachzufragen, wie es ihm so geht mit allen Aufgaben, die das Amt so mitbringt. Es mache ihm auf jeden Fall gro\u00dfen Spa\u00df, sagte Fuchs im Live-Interview im ANTENNE M\u00dcNSTER-Studio, die gr\u00f6\u00dfte Herausforderung sei es, alle seine Termine im Blick zu behalten und Priorit\u00e4ten richtig zu setzen.<\/p>\n<p>Schwimmb\u00e4der und Schrottr\u00e4der<\/p>\n<p>Kurz nach seiner Wahl hatte Tilman Fuchs angek\u00fcndigt, sich zun\u00e4chst um vor allem zwei leidige Themen k\u00fcmmern zu wollen: Die viel zu kurzen \u00d6ffnungszeiten der Schwimmb\u00e4der in der Stadt und die viel zu vielen Schrottfahrr\u00e4der. Zu beobachten sind bei beiden Themen bisher keine nennenswerten Ver\u00e4nderungen. Aber im Hintergrund liefen bereits viele Gespr\u00e4che, sagte Fuchs. Nach der Freibadsaison, also im Herbst 26, sollen zumindest einige Hallenb\u00e4der l\u00e4ngere Schwimmzeiten anbieten. Was die Schrottfahrr\u00e4der angeht, d\u00fcrfen wir bereits im Fr\u00fchjahr mit ersten sichtbaren Ergebnissen rechnen.<\/p>\n<p>Das ganze Interview ist hier nachzuh\u00f6ren:<\/p>\n","protected":false},"excerpt":{"rendered":"Ver\u00f6ffentlicht:\u00a0Dienstag, 10.02.2026 08:11 Im Gespr\u00e4ch mit dem ANTENNE M\u00dcNSTER-Morningshow-Team Tino Tiede und Malena St\u00f6hler und hat Tilman Fuchs&hellip;\n","protected":false},"author":2,"featured_media":786143,"comment_status":"","ping_status":"","sticky":false,"template":"","format":"standard","meta":{"footnotes":"","_share_on_mastodon":"0"},"categories":[1843],"tags":[5677,117792,3364,29,30,8970,1209],"class_list":["post-786142","post","type-post","status-publish","format-standard","has-post-thumbnail","category-muenster","tag-munster","tag-tilman-fuchs","tag-de","tag-deutschland","tag-germany","tag-muenster","tag-nordrhein-westfalen"],"share_on_mastodon":{"url":"https:\/\/pubeurope.com\/@de\/116045450104041190","error":""},"_links":{"self":[{"href":"https:\/\/www.europesays.com\/de\/wp-json\/wp\/v2\/posts\/786142","targetHints":{"allow":["GET"]}}],"collection":[{"href":"https:\/\/www.europesays.com\/de\/wp-json\/wp\/v2\/posts"}],"about":[{"href":"https:\/\/www.europesays.com\/de\/wp-json\/wp\/v2\/types\/post"}],"author":[{"embeddable":true,"href":"https:\/\/www.europesays.com\/de\/wp-json\/wp\/v2\/users\/2"}],"replies":[{"embeddable":true,"href":"https:\/\/www.europesays.com\/de\/wp-json\/wp\/v2\/comments?post=786142"}],"version-history":[{"count":0,"href":"https:\/\/www.europesays.com\/de\/wp-json\/wp\/v2\/posts\/786142\/revisions"}],"wp:featuredmedia":[{"embeddable":true,"href":"https:\/\/www.europesays.com\/de\/wp-json\/wp\/v2\/media\/786143"}],"wp:attachment":[{"href":"https:\/\/www.europesays.com\/de\/wp-json\/wp\/v2\/media?parent=786142"}],"wp:term":[{"taxonomy":"category","embeddable":true,"href":"https:\/\/www.europesays.com\/de\/wp-json\/wp\/v2\/categories?post=786142"},{"taxonomy":"post_tag","embeddable":true,"href":"https:\/\/www.europesays.com\/de\/wp-json\/wp\/v2\/tags?post=786142"}],"curies":[{"name":"wp","href":"https:\/\/api.w.org\/{rel}","templated":true}]}}