{"id":786184,"date":"2026-02-10T09:04:16","date_gmt":"2026-02-10T09:04:16","guid":{"rendered":"https:\/\/www.europesays.com\/de\/786184\/"},"modified":"2026-02-10T09:04:16","modified_gmt":"2026-02-10T09:04:16","slug":"polizei-geht-gegen-sitzblockaden-vor","status":"publish","type":"post","link":"https:\/\/www.europesays.com\/de\/786184\/","title":{"rendered":"Polizei geht gegen Sitzblockaden vor"},"content":{"rendered":"<p>Tritte gegen Beamte <\/p>\n<p>Polizei geht gegen Sitzblockaden vor<\/p>\n<p>10.02.2026 &#8211; 09:53 UhrLesedauer: 1 Min.<\/p>\n<p><a href=\"#focus-0\" class=\"transition-colors duration-200 block text-current relative\" data-sctrack=\"FocusGalleryImage.Reference\"><img fetchpriority=\"high\" data-testid=\"Opener.Image\" style=\"--lqipURL:url('https:\/\/images.t-online.de\/2025\/06\/mCzIADtuYUx9\/0x185:3560x2003\/fit-in\/150x0\/filters:blur(25)\/polizeieinsatz-bei-montagsdemo-des-oeteam-menschenrechte-und-gegendemo-in-nuernberg-nuernberg-02-062025-polizeifahrzeug-und-einsatzkraefte-begleiten-und-sichern-den-demonstrationszug-des-team-menschenrechte-an-der-strassenbahnhaltestelle-schweigertstrasse-in-nuernberg-die-polizei-trennt-den-marsch-von-der-parallel-stattfindenden-gegendemonstration-nuernberg-bayern-deutschland-police-operation-at-monday-demonstration-of-oeteam-menschenrechte-and-counter-demonstration-in-nuremberg-nuremberg-02-06-2025-pol.jpg')\"   loading=\"eager\" src=\"https:\/\/www.europesays.com\/de\/wp-content\/uploads\/2026\/02\/polizeieinsatz-bei-montagsdemo-des-oeteam-menschenrechte-und-gegendemo-in-nuernberg-nuernberg-02-062.jpeg\" alt=\"imago images 0821295019\" title=\"imago images 0821295019\" width=\"3560\" height=\"2003\" class=\"bg-[url:var(--lqipURL)] bg-cover bg-center flex h-full w-full max-w-full\" decoding=\"async\"\/><img style=\"--width:32;--height:32\" loading=\"lazy\" src=\"https:\/\/nuernberg.t-online.de\/s\/paper\/_next\/static\/media\/zoom-in.f7dae02f.svg\" alt=\"Vergr\u00f6\u00dfern des Bildes\" title=\"Vergr\u00f6\u00dfern des Bildes\" class=\"block h-[calc(var(--height)_\/_16_*_1rem)] w-[calc(var(--width)_\/_16_*_1rem)] max-w-none absolute bottom-8 right-8 rounded-4 bg-snow p-8\" decoding=\"async\"\/><\/a><\/p>\n<p>Montagsdemo in N\u00fcrnberg (Archivbild): Demonstranten und Gegendemonstranten rufen viel Polizeipr\u00e4senz hervor. (Quelle: IMAGO\/Ardan Fuessmann\/imago)<\/p>\n<p class=\"font-bold text-18 leading-17\">Am Montagabend standen sich erneut die politischen Lager unerbittlich gegen\u00fcber. Vor allem ein Vorfall besch\u00e4ftigt jetzt die Polizei.<\/p>\n<p class=\"text-18 leading-17\">In der N\u00fcrnberger Innenstadt ist die Polizei am Montagabend erneut gegen Demonstrierende vorgegangen. Die Beamten ermitteln gegen einen Teilnehmer des Gegenprotests wegen des Verdachts des Widerstands gegen Vollstreckungsbeamte.<\/p>\n<p class=\"text-18 leading-17\">Gegen 18.30 Uhr versammelten sich nach Angaben der Polizei rund 60 Personen am Hallplatz. Sie demonstrierten unter dem Motto &#8222;Rechtsstaat statt Linksstaat \u2013 NGO-Komplex zerschlagen&#8220;. An den Montagsdemos nehmen regelm\u00e4\u00dfig auch Anh\u00e4nger rechter Gesinnung teil.<\/p>\n<p class=\"text-18 leading-17\">Dagegen formiert sich regelm\u00e4\u00dfig Gegenprotest. Am Montag sind dabei rund 150 Demonstranten zusammengekommen, wie das Polizeipr\u00e4sidium Mittelfranken mitteilt. Ab 19.20 Uhr h\u00e4tten sich Gegendemonstranten am Bahnhofsplatz, am Frauentorgraben, in der F\u00e4rberstra\u00dfe und in der K\u00f6nigstra\u00dfe niedergelassen. Die Aktivisten wollten den Aufzug blockieren, so die Polizei. Die Einsatzkr\u00e4fte setzten nach eigenen Angaben unmittelbaren Zwang ein, um die Blockaden aufzul\u00f6sen und um &#8222;ein Aufeinandertreffen der verschiedenen politischen Lager zu verhindern&#8220;, hei\u00dft es.<\/p>\n<p class=\"text-18 leading-17\">Ein Teilnehmer des Gegenprotests soll einen Beamten getreten haben, teilte die Polizei mit. Der Beamte sei nicht verletzt worden. Es sei zudem zu einem Versuch der Gefangenenbefreiung gekommen. Die Einsatzkr\u00e4fte h\u00e4tten diesen unterbunden, so die Polizei.<\/p>\n<p class=\"text-18 leading-17\">Die Versammlung endete gegen 21.30 Uhr nach einer Abschlusskundgebung am Hallplatz. Zahlreiche Einsatzkr\u00e4fte mehrerer Polizeidienststellen waren im Einsatz. Die Ermittlungen dauern an.<\/p>\n","protected":false},"excerpt":{"rendered":"Tritte gegen Beamte Polizei geht gegen Sitzblockaden vor 10.02.2026 &#8211; 09:53 UhrLesedauer: 1 Min. Montagsdemo in N\u00fcrnberg (Archivbild):&hellip;\n","protected":false},"author":2,"featured_media":786185,"comment_status":"","ping_status":"","sticky":false,"template":"","format":"standard","meta":{"footnotes":"","_share_on_mastodon":"0"},"categories":[1837],"tags":[722,17161,772,3364,29,28735,30,46442,3783,121,156604,41829,8980],"class_list":["post-786184","post","type-post","status-publish","format-standard","has-post-thumbnail","category-nuernberg","tag-722","tag-17161","tag-bayern","tag-de","tag-deutschland","tag-gegenprotest","tag-germany","tag-montagsdemo","tag-nuernberg","tag-polizei","tag-polizeipraesenz","tag-sitzblockade","tag-tritt"],"share_on_mastodon":{"url":"https:\/\/pubeurope.com\/@de\/116045536871823833","error":""},"_links":{"self":[{"href":"https:\/\/www.europesays.com\/de\/wp-json\/wp\/v2\/posts\/786184","targetHints":{"allow":["GET"]}}],"collection":[{"href":"https:\/\/www.europesays.com\/de\/wp-json\/wp\/v2\/posts"}],"about":[{"href":"https:\/\/www.europesays.com\/de\/wp-json\/wp\/v2\/types\/post"}],"author":[{"embeddable":true,"href":"https:\/\/www.europesays.com\/de\/wp-json\/wp\/v2\/users\/2"}],"replies":[{"embeddable":true,"href":"https:\/\/www.europesays.com\/de\/wp-json\/wp\/v2\/comments?post=786184"}],"version-history":[{"count":0,"href":"https:\/\/www.europesays.com\/de\/wp-json\/wp\/v2\/posts\/786184\/revisions"}],"wp:featuredmedia":[{"embeddable":true,"href":"https:\/\/www.europesays.com\/de\/wp-json\/wp\/v2\/media\/786185"}],"wp:attachment":[{"href":"https:\/\/www.europesays.com\/de\/wp-json\/wp\/v2\/media?parent=786184"}],"wp:term":[{"taxonomy":"category","embeddable":true,"href":"https:\/\/www.europesays.com\/de\/wp-json\/wp\/v2\/categories?post=786184"},{"taxonomy":"post_tag","embeddable":true,"href":"https:\/\/www.europesays.com\/de\/wp-json\/wp\/v2\/tags?post=786184"}],"curies":[{"name":"wp","href":"https:\/\/api.w.org\/{rel}","templated":true}]}}