{"id":786219,"date":"2026-02-10T09:23:14","date_gmt":"2026-02-10T09:23:14","guid":{"rendered":"https:\/\/www.europesays.com\/de\/786219\/"},"modified":"2026-02-10T09:23:14","modified_gmt":"2026-02-10T09:23:14","slug":"rueckblick-erfolgreiches-adventssymposium-2025-des-mvz-perfektes-sehen-in-koeln","status":"publish","type":"post","link":"https:\/\/www.europesays.com\/de\/786219\/","title":{"rendered":"R\u00fcckblick: Erfolgreiches Adventssymposium 2025 des MVZ Perfektes-Sehen in K\u00f6ln"},"content":{"rendered":"<p class=\"date\">10.02.2026 \u2013 10:15<\/p>\n<p class=\"customer\">\n                        <a class=\"story-customer\" title=\"weiter zum newsroom von MVZ Perfektes Sehen\" href=\"https:\/\/www.presseportal.de\/nr\/181981\" rel=\"nofollow noopener\" target=\"_blank\">MVZ Perfektes Sehen<\/a>\n                    <\/p>\n<p><a class=\"glightbox event-trigger\" href=\"https:\/\/cache.pressmailing.net\/thumbnail\/story_hires\/7fc0a703-3189-498a-bd02-4d1da84aef90\/_DSF4830%20(1).jpg.jpg\" data-description=\"MVZ Perfektes Sehen | Adventssymposium 2025 \/ Weiterer Text \u00fcber ots und www.presseportal.de\/nr\/181981 \/ Die Verwendung dieses Bildes f\u00fcr redaktionelle Zwecke ist unter Beachtung aller mitgeteilten Nutzungsbedingungen zul\u00e4ssig und dann auch honorarfrei. Ver\u00f6ffentlichung ausschlie\u00dflich mit Bildrechte-Hinweis.\" data-category=\"medialightbox\" data-action=\"click\" data-label=\"single\" data-value=\"69849822270000fd2ca30ab9\" rel=\"nofollow noopener\" target=\"_blank\"><img decoding=\"async\" height=\"540\" with=\"720\" src=\"https:\/\/www.europesays.com\/de\/wp-content\/uploads\/2026\/02\/r-ckblick-erfolgreiches-adventssymposium-2025-des-mvz-perfektes-sehen-in-k-ln.jpeg\"   alt=\"R\u00fcckblick: Erfolgreiches Adventssymposium 2025 des MVZ Perfektes-Sehen in K\u00f6ln\" class=\"single\"\/><\/a><\/p>\n<p><a data-category=\"citylink-story-view\" data-action=\"click\" data-label=\"Citylink in Meldungsansicht\" class=\"story-city event-trigger\" href=\"https:\/\/www.presseportal.de\/regional\/K%F6ln\" title=\"News aus K\u00f6ln \" rel=\"nofollow noopener\" target=\"_blank\">K\u00f6ln<\/a> (ots)<\/p>\n<p> Am 6. Dezember 2025 hat das K\u00f6lner Adventssymposium des MVZ Perfektes-Sehen im Maternushaus K\u00f6ln mit gro\u00dfer Resonanz stattgefunden. \u00dcber 120 Fachteilnehmende aus Augenheilkunde, Optometrie und Praxismanagement nutzten die zertifizierte Fortbildung (5 CME-Punkte) f\u00fcr den fachlichen Austausch zu den Themen refraktive Chirurgie, Kataraktchirurgie und altersabh\u00e4ngige Makuladegeneration. <\/p>\n<p> Das Programm verband hochkar\u00e4tige wissenschaftliche Vortr\u00e4ge mit praxisorientierten Impulsen &#8211; von neuen Presbyopie-Korrekturstrategien \u00fcber Premium-IOL-Versorgung bis hin zu translationalen Ans\u00e4tzen in Makula\/AMD. <\/p>\n<p> Programm-Highlights (Auswahl): <\/p>\n<ul class=\"naxml-ul\">\n<li>Prof. Dr. rer. nat. Uwe Oberheide, Technische Hochschule K\u00f6ln mit einem Vortrag zu &#8222;Aberrationen zur Presbyopiekorrektur &#8211; Optische M\u00f6glichkeiten&#8220;<\/li>\n<li>Dr. med. Miriam Meddour, Smile Eyes Hamburg mit einem Vortrag zu: &#8222;Laser gegen Alterssichtigkeit &#8211; Presbyond-LASIK im klinischen Alltag&#8220;<\/li>\n<li>Dr. med. Georg Gerten, MVZ Perfektes-Sehen K\u00f6ln mit einem Vortrag zu: &#8222;RLE als Alternative zum Presby-Laser &#8211; Wann und wie?&#8220;<\/li>\n<li>Prof. Dr. rer. pol. Hendrik Wilhelm, Universit\u00e4t Witten\/Herdecke mit einem Vortrag zu: &#8222;Wie zwischenmenschliche Emotionen den Erfolg beeinflussen &#8211; Welche Implikationen hat das f\u00fcr die Zusammenstellung meines (Praxis-) Teams?&#8220;<\/li>\n<li>Dr. med. Tobias Neuhann, Opthalmologikum\u00ae Dr. Neuhann M\u00fcnchen mit einem Vortrag zu: &#8222;Katarakt &amp; Premium-IOL&#8220;<\/li>\n<li>Prof. Dr. med. Gangolf Sauder, Charlottenklinik f\u00fcr Augenheilkunde Stuttgart mit einem Vortrag zu: &#8222;Bessere Entscheidungen durch Visualisierung &#8211; Patienten verstehen Premium-IOLs&#8220;<\/li>\n<li>Prof. Dr. med. Matthias Fuest, Universit\u00e4tsklinikum RWTH Aachen mit einem Vortrag zu: &#8222;Katarakt &amp; Makula-Gliose&#8220;<\/li>\n<li>Prof. Dr. rer. nat. Olaf Strau\u00df, Charit\u00e9 Berlin mit einem Vortrag zu: &#8222;Die Entstehung der AMD&#8220;<\/li>\n<li>Dr. med Alice Klein, MVZ Perfektes-Sehen K\u00f6ln, mit einem Vortrag zu: &#8222;Die MACULIGHT-Studie: Photobiomodulation &#8211; Heimtherapie der trockenen AMD&#8220;<\/li>\n<li>Prof. Dr. med. Michael Koss, Augenklinik Herzog Carl Theodor M\u00fcnchen mit einem Vortrag zu: &#8222;Trockene AMD &#8211; Aktuelle Behandlungsm\u00f6glichkeiten&#8220;<\/li>\n<li>Prof. Dr. med. Salvatore Grisanti, Universit\u00e4tsklinikum Schleswig-Holstein mit einem Vortrag zu: &#8222;Home-OCT &#8211; Vertrauen ist gut, Kontrolle ist besser&#8220;<\/li>\n<li>Prof. Dr. med. Ulrich Kellner, MVZ Augen\u00e4rztliches Diagnostik- und Therapiecentrum Siegburg mit einem Vortrag zu: &#8222;Neovaskul\u00e4re AMD &#8211; Aktuelle Behandlungsm\u00f6glichkeiten&#8220;<\/li>\n<\/ul>\n<p> Ein interaktives Parallelprogramm bot direkte Einblicke in modernste Praxis-Tools: Von der RALV-Station zur Beurteilung intraokularer Linsen bis hin zur Pr\u00e4sentation des MACULIGHT-Studienger\u00e4ts zur Heimbehandlung trockener AMD. <\/p>\n<p> Weitere Informationen und vertiefende Einblicke in die Vortr\u00e4ge und Diskussionen: <\/p>\n<p class=\"contact-headline\">Pressekontakt:<\/p>\n<p class=\"contact-text\">Anne-Kathrin Puhl<br \/>MVZ Perfektes-Sehen &#8211; Habsburgerring 3, 50674 K\u00f6ln | Tel. +49 (0) 221 235 262 | <a href=\"https:\/\/www.presseportal.de\/pm\/181981\/mailto: a.puhl@perfektes-sehen.de\" class=\"uri-mailto\" rel=\"nofollow noopener\" target=\"_blank\"> a.puhl@perfektes-sehen.de<\/a><\/p>\n<p class=\"originator\">Original-Content von: MVZ Perfektes Sehen, \u00fcbermittelt durch news aktuell<\/p>\n","protected":false},"excerpt":{"rendered":"10.02.2026 \u2013 10:15 MVZ Perfektes Sehen K\u00f6ln (ots) Am 6. Dezember 2025 hat das K\u00f6lner Adventssymposium des MVZ&hellip;\n","protected":false},"author":2,"featured_media":786220,"comment_status":"","ping_status":"","sticky":false,"template":"","format":"standard","meta":{"footnotes":"","_share_on_mastodon":"0"},"categories":[1828],"tags":[177499,3477,14903,29,30,1420,21210,837,1209,178,180,179,181,3699],"class_list":["post-786219","post","type-post","status-publish","format-standard","has-post-thumbnail","category-koeln","tag-adventssymposium","tag-bild","tag-chirurgie","tag-deutschland","tag-germany","tag-koeln","tag-makuladegeneration","tag-medizin","tag-nordrhein-westfalen","tag-presse","tag-pressemeldung","tag-pressemitteilung","tag-pressemitteilungen","tag-veranstaltung"],"share_on_mastodon":{"url":"https:\/\/pubeurope.com\/@de\/116045611348668879","error":""},"_links":{"self":[{"href":"https:\/\/www.europesays.com\/de\/wp-json\/wp\/v2\/posts\/786219","targetHints":{"allow":["GET"]}}],"collection":[{"href":"https:\/\/www.europesays.com\/de\/wp-json\/wp\/v2\/posts"}],"about":[{"href":"https:\/\/www.europesays.com\/de\/wp-json\/wp\/v2\/types\/post"}],"author":[{"embeddable":true,"href":"https:\/\/www.europesays.com\/de\/wp-json\/wp\/v2\/users\/2"}],"replies":[{"embeddable":true,"href":"https:\/\/www.europesays.com\/de\/wp-json\/wp\/v2\/comments?post=786219"}],"version-history":[{"count":0,"href":"https:\/\/www.europesays.com\/de\/wp-json\/wp\/v2\/posts\/786219\/revisions"}],"wp:featuredmedia":[{"embeddable":true,"href":"https:\/\/www.europesays.com\/de\/wp-json\/wp\/v2\/media\/786220"}],"wp:attachment":[{"href":"https:\/\/www.europesays.com\/de\/wp-json\/wp\/v2\/media?parent=786219"}],"wp:term":[{"taxonomy":"category","embeddable":true,"href":"https:\/\/www.europesays.com\/de\/wp-json\/wp\/v2\/categories?post=786219"},{"taxonomy":"post_tag","embeddable":true,"href":"https:\/\/www.europesays.com\/de\/wp-json\/wp\/v2\/tags?post=786219"}],"curies":[{"name":"wp","href":"https:\/\/api.w.org\/{rel}","templated":true}]}}