{"id":786232,"date":"2026-02-10T09:30:11","date_gmt":"2026-02-10T09:30:11","guid":{"rendered":"https:\/\/www.europesays.com\/de\/786232\/"},"modified":"2026-02-10T09:30:11","modified_gmt":"2026-02-10T09:30:11","slug":"tiergartentunnel-wird-in-diesen-vier-naechten-gesperrt","status":"publish","type":"post","link":"https:\/\/www.europesays.com\/de\/786232\/","title":{"rendered":"Tiergartentunnel wird in diesen vier N\u00e4chten gesperrt"},"content":{"rendered":"<p class=\"expressive-copy-lg-body\">Autofahrer m\u00fcssen in der kommenden Woche in <a href=\"https:\/\/www.morgenpost.de\/bezirke\/mitte\/\" target=\"_blank\" rel=\"nofollow noopener\">Berlin-Mitte<\/a> einen Umweg in Kauf nehmen. Den Angaben der Verkehrsinformationszentrale Berlin zufolge wird der Tiergartentunnel wegen Reparaturarbeiten in vier N\u00e4chten in der Zeit von 20:30 Uhr bis 5 Uhr in beiden Richtungen gesperrt. Das betrifft folgende Wochentage:<\/p>\n<ul class=\"[[data-group=summary]_&amp;]:my-0 my-10 [h3+&amp;]:mt-0 expressive-copy-lg\">\n<li>Montag\/Dienstag (16.\/17.02.)<\/li>\n<li>Dienstag\/Mittwoch (17.\/18.02.)<\/li>\n<li>Mittwoch\/Donnerstag (18.\/19.02.)<\/li>\n<li>Donnerstag\/Freitag (19.\/20.02.)<\/li>\n<\/ul>\n<p class=\"expressive-copy-lg-body\">In den N\u00e4chten werden Arbeiten an der Brandmeldeanlage sowie an den Brandschiebetoren an der Mittelwand durchgef\u00fchrt. Diese waren bei einem Unfall besch\u00e4digt worden.<\/p>\n<p class=\"expressive-copy-lg-body\">Auch der <a href=\"https:\/\/www.morgenpost.de\/berlin\/bus-berlin\/\" target=\"_blank\" rel=\"nofollow noopener\">Busverkehr<\/a> ist von der Sperrung betroffen.<\/p>\n<ul class=\"[[data-group=summary]_&amp;]:my-0 my-10 [h3+&amp;]:mt-0 expressive-copy-lg\">\n<li>Die Linie M41 f\u00e4hrt nicht zwischen S+U Potsdamer Platz und S+U Hauptbahnhof bzw. S+U Hauptbahnhof und S Potsdamer Platz\/Vo\u00dfstra\u00dfe.<\/li>\n<li>Die Linie\u00a0M85<strong>\u00a0<\/strong>f\u00e4hrt nicht zwischen Kulturforum und S+U Hauptbahnhof bzw. S+U Hauptbahnhof und S Potsdamer Platz\/Vo\u00dfstra\u00dfe.<\/li>\n<\/ul>\n<p class=\"expressive-copy-lg-body\">Die Verkehrsinformationszentrale weist darauf hin, dass sich die morgendliche Tunnel\u00f6ffnung wetterbedingt verz\u00f6gern k\u00f6nnte, falls die Ein- und Ausfahrten zun\u00e4chst von Eis befreit werden m\u00fcssen.<\/p>\n","protected":false},"excerpt":{"rendered":"Autofahrer m\u00fcssen in der kommenden Woche in Berlin-Mitte einen Umweg in Kauf nehmen. Den Angaben der Verkehrsinformationszentrale Berlin&hellip;\n","protected":false},"author":2,"featured_media":786233,"comment_status":"","ping_status":"","sticky":false,"template":"","format":"standard","meta":{"footnotes":"","_share_on_mastodon":"0"},"categories":[1825],"tags":[1941,1939,296,1937,29,30,1940,1938],"class_list":["post-786232","post","type-post","status-publish","format-standard","has-post-thumbnail","category-berlin","tag-aktuelle-nachrichten-aus-berlin","tag-aktuelle-news-aus-berlin","tag-berlin","tag-berlin-news","tag-deutschland","tag-germany","tag-nachrichten-aus-berlin","tag-news-aus-berlin"],"share_on_mastodon":{"url":"https:\/\/pubeurope.com\/@de\/116045638910599337","error":""},"_links":{"self":[{"href":"https:\/\/www.europesays.com\/de\/wp-json\/wp\/v2\/posts\/786232","targetHints":{"allow":["GET"]}}],"collection":[{"href":"https:\/\/www.europesays.com\/de\/wp-json\/wp\/v2\/posts"}],"about":[{"href":"https:\/\/www.europesays.com\/de\/wp-json\/wp\/v2\/types\/post"}],"author":[{"embeddable":true,"href":"https:\/\/www.europesays.com\/de\/wp-json\/wp\/v2\/users\/2"}],"replies":[{"embeddable":true,"href":"https:\/\/www.europesays.com\/de\/wp-json\/wp\/v2\/comments?post=786232"}],"version-history":[{"count":0,"href":"https:\/\/www.europesays.com\/de\/wp-json\/wp\/v2\/posts\/786232\/revisions"}],"wp:featuredmedia":[{"embeddable":true,"href":"https:\/\/www.europesays.com\/de\/wp-json\/wp\/v2\/media\/786233"}],"wp:attachment":[{"href":"https:\/\/www.europesays.com\/de\/wp-json\/wp\/v2\/media?parent=786232"}],"wp:term":[{"taxonomy":"category","embeddable":true,"href":"https:\/\/www.europesays.com\/de\/wp-json\/wp\/v2\/categories?post=786232"},{"taxonomy":"post_tag","embeddable":true,"href":"https:\/\/www.europesays.com\/de\/wp-json\/wp\/v2\/tags?post=786232"}],"curies":[{"name":"wp","href":"https:\/\/api.w.org\/{rel}","templated":true}]}}