{"id":786234,"date":"2026-02-10T09:31:10","date_gmt":"2026-02-10T09:31:10","guid":{"rendered":"https:\/\/www.europesays.com\/de\/786234\/"},"modified":"2026-02-10T09:31:10","modified_gmt":"2026-02-10T09:31:10","slug":"rock-ikone-gianna-nannini-kommt-fuer-konzert-nach-berlin","status":"publish","type":"post","link":"https:\/\/www.europesays.com\/de\/786234\/","title":{"rendered":"Rock-Ikone Gianna Nannini kommt f\u00fcr Konzert nach Berlin"},"content":{"rendered":"<p class=\"paragraph tw-mx-auto tw-mb-6\">Rock-Ikone Gianna Nannini kommt f\u00fcr ein besonderes Jubil\u00e4um nach Deutschland: Am 19. September spielt die italienische S\u00e4ngerin ein gro\u00dfes Open-Air-Konzert in der Berliner Waldb\u00fchne &#8211; ihr einziges gro\u00dfes Konzert-Event des Jahres. Anlass ist das 50-j\u00e4hrige Jubil\u00e4um ihres Deb\u00fctalbums \u201eGianna Nannini\u201c von 1976. Das Konzert in Berlin bildet den Auftakt eines zweij\u00e4hrigen Jubil\u00e4umsprojekts unter dem Titel \u201eGiannaGold\u201c.<\/p>\n<p class=\"paragraph tw-mx-auto tw-mb-6\">F\u00fcr Nannini (71) ist der Abend auch eine R\u00fcckkehr an einen f\u00fcr sie besonderen Ort. \u201eDas Konzert in der Waldb\u00fchne ist mir wirklich ein Herzenswunsch\u201c, sagte sie der Deutschen Presse-Agentur in Rom. \u201eIch freue mich schon sehr, ich kann es kaum erwarten.\u201c Wenn sie an die Bundeshauptstadt denkt, kommt Nannini ins Schw\u00e4rmen: \u201eBerlin ist keine Stadt wie jede andere. Berlin ist Berlin.\u201c<\/p>\n<p>Liebeserkl\u00e4rung an deutsches Publikum<\/p>\n<p class=\"paragraph tw-mx-auto tw-mb-6\">Geplant ist in Berlin ein symphonisches Rockkonzert, das die Karriere der S\u00e4ngerin und ihre Klassiker nachzeichnet. Das Projekt \u201eGiannaGold\u201c im Ganzen soll aber auch ein neues Kapitel aufschlagen mit frischer Musik. Der regul\u00e4re Vorverkauf startet nach Angaben der Veranstalter am 16. Februar um 10.00 Uhr. Ein fr\u00fcherer Vorverkauf f\u00fcr Fans beginnt bereits im Laufe dieser Woche.<\/p>\n<p class=\"paragraph tw-mx-auto tw-mb-6\">Den Auftakt ihres Projekts in Deutschland zu feiern, sei ihr sehr wichtig, sagte Nannini. \u201eEs ist wirklich eine Liebeserkl\u00e4rung an mein deutsches Publikum.\u201c In Deutschland feierte die Rockr\u00f6hre mit der Reibeisenstimme nicht nur Erfolge mit Songs wie \u201eUn\u2019estate italiana\u201c und \u201eBello e impossibile\u201c, sondern produzierte dort auch viele ihrer Hits. Dort habe sie viel gelernt, vor allem von dem Produzenten Conny Plank. Deshalb wolle sie nun zur\u00fcckkehren, um zu feiern.<\/p>\n","protected":false},"excerpt":{"rendered":"Rock-Ikone Gianna Nannini kommt f\u00fcr ein besonderes Jubil\u00e4um nach Deutschland: Am 19. September spielt die italienische S\u00e4ngerin ein&hellip;\n","protected":false},"author":2,"featured_media":786235,"comment_status":"","ping_status":"","sticky":false,"template":"","format":"standard","meta":{"footnotes":"","_share_on_mastodon":"0"},"categories":[1825],"tags":[296,29,30,2549,810],"class_list":["post-786234","post","type-post","status-publish","format-standard","has-post-thumbnail","category-berlin","tag-berlin","tag-deutschland","tag-germany","tag-leute","tag-musik"],"share_on_mastodon":{"url":"https:\/\/pubeurope.com\/@de\/116045642797287185","error":""},"_links":{"self":[{"href":"https:\/\/www.europesays.com\/de\/wp-json\/wp\/v2\/posts\/786234","targetHints":{"allow":["GET"]}}],"collection":[{"href":"https:\/\/www.europesays.com\/de\/wp-json\/wp\/v2\/posts"}],"about":[{"href":"https:\/\/www.europesays.com\/de\/wp-json\/wp\/v2\/types\/post"}],"author":[{"embeddable":true,"href":"https:\/\/www.europesays.com\/de\/wp-json\/wp\/v2\/users\/2"}],"replies":[{"embeddable":true,"href":"https:\/\/www.europesays.com\/de\/wp-json\/wp\/v2\/comments?post=786234"}],"version-history":[{"count":0,"href":"https:\/\/www.europesays.com\/de\/wp-json\/wp\/v2\/posts\/786234\/revisions"}],"wp:featuredmedia":[{"embeddable":true,"href":"https:\/\/www.europesays.com\/de\/wp-json\/wp\/v2\/media\/786235"}],"wp:attachment":[{"href":"https:\/\/www.europesays.com\/de\/wp-json\/wp\/v2\/media?parent=786234"}],"wp:term":[{"taxonomy":"category","embeddable":true,"href":"https:\/\/www.europesays.com\/de\/wp-json\/wp\/v2\/categories?post=786234"},{"taxonomy":"post_tag","embeddable":true,"href":"https:\/\/www.europesays.com\/de\/wp-json\/wp\/v2\/tags?post=786234"}],"curies":[{"name":"wp","href":"https:\/\/api.w.org\/{rel}","templated":true}]}}