{"id":786236,"date":"2026-02-10T09:32:13","date_gmt":"2026-02-10T09:32:13","guid":{"rendered":"https:\/\/www.europesays.com\/de\/786236\/"},"modified":"2026-02-10T09:32:13","modified_gmt":"2026-02-10T09:32:13","slug":"was-berlin-deutschland-und-die-welt-bewegt-direkt-ins-postfach","status":"publish","type":"post","link":"https:\/\/www.europesays.com\/de\/786236\/","title":{"rendered":"Was Berlin, Deutschland und die Welt bewegt \u2013 direkt ins Postfach"},"content":{"rendered":"<p class=\"tspCCnp tspCCnq\">Wer informiert sein will, braucht Orientierung \u2013 und genau das bieten die Newsletter des Tagesspiegels. Unser Redaktionsteam verfolgt Entwicklungen in Berlin, Deutschland und der Welt und bereitet sie so auf, dass sie in wenigen Minuten greifbar sind. Ob t\u00e4glicher Hauptstadt\u2011\u00dcberblick, w\u00f6chentliche Auslandsanalyse oder tiefes Fachbriefing: Mit unseren Newslettern w\u00e4hlen Sie genau die Perspektive, die zu Ihrem Alltag passt. Schnell abonniert, zuverl\u00e4ssig geliefert, klar eingeordnet.<\/p>\n<p class=\"tspCCnp\">Sie wollen sich direkt anmelden? <a href=\"https:\/\/www.tagesspiegel.de\/die-tagesspiegel-newsletter-im-uberblick-471216.html?bezuggrd=INT&amp;utm_source=redartikel&amp;utm_medium=Textlink&amp;utm_campaign=INT-2026-Newsletter-Tagesspiegel-redArtikel&amp;utm_id=ArtikelNewsletter&amp;utm_source_platform=INT\" target=\"_blank\" rel=\"noopener nofollow\" class=\"link link--external\" data-gtm-class=\"article-text-link\" data-gtm-val=\"external\" aria-describedby=\"message-target-blank\">Dann nutzen Sie hier die Abk\u00fcrzung zur \u00dcbersichtsseite aller Newsletter des Tagesspiegels. <\/a><\/p>\n<p> Welche Newsletter bietet der Tagesspiegel? <\/p>\n<p class=\"tspCCnp\">Checkpoint<br \/>Der t\u00e4gliche Berlin\u2011\u00dcberblick \u2013 schnell, pointiert, hintergr\u00fcndig.<\/p>\n<p class=\"tspCCnp\">Tagesspiegel Background<br \/>Entscheider\u2011Briefings zu Digitalisierung, Klima, Gesundheit und Mobilit\u00e4t.<\/p>\n<p class=\"tspCCnp\">Bezirksnewsletter<br \/>W\u00f6chentliche Nachrichten aus dem Kiez: Menschen, Geschichten, Tipps \u2013 f\u00fcr jeden Berliner Bezirk.<\/p>\n<p class=\"tspCCnp\">MindHacks<br \/>Ein 7\u2011Wochen\u2011Mailkurs gegen \u00dcberforderung, Scroll\u2011Sucht und Entscheidungsl\u00e4hmung \u2013 f\u00fcr alle, deren Kopf im Dauerrauschen steckt.<\/p>\n<p class=\"tspCCnp\">Im Osten<br \/>Der Newsletter widmet sich ostdeutschen Perspektiven \u2013 mit Reportagen, Interviews und tiefen Analysen.<\/p>\n<p class=\"tspCCnp\">Washington Weekly<br \/>Donnerstags liefert das US\u2011Team des Tagesspiegels eine pr\u00e4gnante Einordnung der politischen Lage in den USA.<\/p>\n<p class=\"tspCCnp\">Ukraine\u2011Update<br \/>Aktuelle Nachrichten, Hintergr\u00fcnde und exklusive Analysen zum Krieg in der Ukraine.<\/p>\n<p class=\"tspCCnp\">Wochenende\u2011Newsletter<br \/>F\u00fcr alle, die Inspiration f\u00fcr Genuss, Kultur und Ausfl\u00fcge suchen.<\/p>\n<p class=\"tspCCnp\">Queerspiegel<br \/>Alles Wichtige aus der queeren Community Berlins \u2013 Politik, Kultur, Sport.<\/p>\n<p class=\"tspCCnp\">Empfehlungen der Woche<br \/>Die wichtigsten Artikel der Redaktion, jeden Sonntag kuratiert.<\/p>\n<p class=\"tspCCnp\">Potsdam Heute<br \/>Der w\u00f6chentliche \u00dcberblick aus der PNN\u2011Chefredaktion.<\/p>\n<p class=\"tspCCnp\">International Friday<br \/>Globale Trends und au\u00dfenpolitische Entwicklungen \u2013 w\u00f6chentlich von Anja Wehler\u2011Sch\u00f6ck auf LinkedIn.<\/p>\n<p class=\"tspCCnp\"><a href=\"https:\/\/www.tagesspiegel.de\/die-tagesspiegel-newsletter-im-uberblick-471216.html?bezuggrd=INT&amp;utm_source=redartikel&amp;utm_medium=Textlink&amp;utm_campaign=INT-2026-Newsletter-Tagesspiegel-redArtikel&amp;utm_id=ArtikelNewsletter&amp;utm_source_platform=INT\" target=\"_blank\" rel=\"noopener nofollow\" class=\"link link--external\" data-gtm-class=\"article-text-link\" data-gtm-val=\"external\" aria-describedby=\"message-target-blank\">Hier finden Sie alle unsere Newsletter im \u00dcberblick.<\/a><\/p>\n<p class=\"tspCCnp\">Ganz gleich, ob Sie den Puls der Hauptstadt sp\u00fcren, globale Entwicklungen verstehen oder einfach besser durch den Alltag kommen m\u00f6chten \u2013 unsere Newsletter begleiten Sie zuverl\u00e4ssig dabei. Wir freuen uns, wenn Sie f\u00fcndig werden und vielleicht schon bald ein neuer Newsletter in Ihrem Postfach landet.<\/p>\n<p class=\"tspCCnp\">Vielen Dank f\u00fcr Ihr Interesse \u2013 und viel Freude beim Entdecken, Lesen und Weiterklicken!<\/p>\n","protected":false},"excerpt":{"rendered":"Wer informiert sein will, braucht Orientierung \u2013 und genau das bieten die Newsletter des Tagesspiegels. Unser Redaktionsteam verfolgt&hellip;\n","protected":false},"author":2,"featured_media":786237,"comment_status":"","ping_status":"","sticky":false,"template":"","format":"standard","meta":{"footnotes":"","_share_on_mastodon":"0"},"categories":[1825],"tags":[296,29,30,1435,317],"class_list":["post-786236","post","type-post","status-publish","format-standard","has-post-thumbnail","category-berlin","tag-berlin","tag-deutschland","tag-germany","tag-krieg-in-der-ukraine","tag-ukraine"],"share_on_mastodon":{"url":"https:\/\/pubeurope.com\/@de\/116045646619205826","error":""},"_links":{"self":[{"href":"https:\/\/www.europesays.com\/de\/wp-json\/wp\/v2\/posts\/786236","targetHints":{"allow":["GET"]}}],"collection":[{"href":"https:\/\/www.europesays.com\/de\/wp-json\/wp\/v2\/posts"}],"about":[{"href":"https:\/\/www.europesays.com\/de\/wp-json\/wp\/v2\/types\/post"}],"author":[{"embeddable":true,"href":"https:\/\/www.europesays.com\/de\/wp-json\/wp\/v2\/users\/2"}],"replies":[{"embeddable":true,"href":"https:\/\/www.europesays.com\/de\/wp-json\/wp\/v2\/comments?post=786236"}],"version-history":[{"count":0,"href":"https:\/\/www.europesays.com\/de\/wp-json\/wp\/v2\/posts\/786236\/revisions"}],"wp:featuredmedia":[{"embeddable":true,"href":"https:\/\/www.europesays.com\/de\/wp-json\/wp\/v2\/media\/786237"}],"wp:attachment":[{"href":"https:\/\/www.europesays.com\/de\/wp-json\/wp\/v2\/media?parent=786236"}],"wp:term":[{"taxonomy":"category","embeddable":true,"href":"https:\/\/www.europesays.com\/de\/wp-json\/wp\/v2\/categories?post=786236"},{"taxonomy":"post_tag","embeddable":true,"href":"https:\/\/www.europesays.com\/de\/wp-json\/wp\/v2\/tags?post=786236"}],"curies":[{"name":"wp","href":"https:\/\/api.w.org\/{rel}","templated":true}]}}