{"id":786240,"date":"2026-02-10T09:34:09","date_gmt":"2026-02-10T09:34:09","guid":{"rendered":"https:\/\/www.europesays.com\/de\/786240\/"},"modified":"2026-02-10T09:34:09","modified_gmt":"2026-02-10T09:34:09","slug":"banden-der-organisierten-kriminalitaet-teilen-berlin-neu-unter-sich-auf-2","status":"publish","type":"post","link":"https:\/\/www.europesays.com\/de\/786240\/","title":{"rendered":"Banden der Organisierten Kriminalit\u00e4t teilen Berlin neu unter sich auf"},"content":{"rendered":"<p>Die Berliner Justizsenatorin Felor Badenberg (CDU) sieht eine neue Dimension der organisierten Kriminalit\u00e4t in der Hauptstadt. Rivalisierende Banden w\u00fcrden sichtbar Gewalt einsetzen, zum Beispiel durch Sch\u00fcsse auf Menschen, Fahrzeuge und Geb\u00e4ude, sagte Badenberg am Dienstagmorgen im rbb24 Inforadio.<\/p>\n<p>Dabei gehe es um Revierk\u00e4mpfe f\u00fcr Drogengesch\u00e4fte und Schutzgelderpressungen. Au\u00dferdem sollen Menschen, insbesondere Gewerbetreibende, eingesch\u00fcchtert werden, so Badenberg. Die Banden seien laut Badenberg derzeit damit besch\u00e4ftigt, die Stadt neu unter sich aufzuteilen und zu kl\u00e4ren, wer, an welchen Orten Drogen verkaufen kann. Berlin habe ihr zufolge bereits eine sehr aktive Struktur der organisierten Kriminalit\u00e4t.<\/p>\n","protected":false},"excerpt":{"rendered":"Die Berliner Justizsenatorin Felor Badenberg (CDU) sieht eine neue Dimension der organisierten Kriminalit\u00e4t in der Hauptstadt. Rivalisierende Banden&hellip;\n","protected":false},"author":2,"featured_media":786239,"comment_status":"","ping_status":"","sticky":false,"template":"","format":"standard","meta":{"footnotes":"","_share_on_mastodon":"0"},"categories":[1825],"tags":[296,29,30,134296],"class_list":["post-786240","post","type-post","status-publish","format-standard","has-post-thumbnail","category-berlin","tag-berlin","tag-deutschland","tag-germany","tag-rbb24tagesschau"],"share_on_mastodon":{"url":"https:\/\/pubeurope.com\/@de\/116045654753859341","error":""},"_links":{"self":[{"href":"https:\/\/www.europesays.com\/de\/wp-json\/wp\/v2\/posts\/786240","targetHints":{"allow":["GET"]}}],"collection":[{"href":"https:\/\/www.europesays.com\/de\/wp-json\/wp\/v2\/posts"}],"about":[{"href":"https:\/\/www.europesays.com\/de\/wp-json\/wp\/v2\/types\/post"}],"author":[{"embeddable":true,"href":"https:\/\/www.europesays.com\/de\/wp-json\/wp\/v2\/users\/2"}],"replies":[{"embeddable":true,"href":"https:\/\/www.europesays.com\/de\/wp-json\/wp\/v2\/comments?post=786240"}],"version-history":[{"count":0,"href":"https:\/\/www.europesays.com\/de\/wp-json\/wp\/v2\/posts\/786240\/revisions"}],"wp:featuredmedia":[{"embeddable":true,"href":"https:\/\/www.europesays.com\/de\/wp-json\/wp\/v2\/media\/786239"}],"wp:attachment":[{"href":"https:\/\/www.europesays.com\/de\/wp-json\/wp\/v2\/media?parent=786240"}],"wp:term":[{"taxonomy":"category","embeddable":true,"href":"https:\/\/www.europesays.com\/de\/wp-json\/wp\/v2\/categories?post=786240"},{"taxonomy":"post_tag","embeddable":true,"href":"https:\/\/www.europesays.com\/de\/wp-json\/wp\/v2\/tags?post=786240"}],"curies":[{"name":"wp","href":"https:\/\/api.w.org\/{rel}","templated":true}]}}