{"id":786259,"date":"2026-02-10T09:45:18","date_gmt":"2026-02-10T09:45:18","guid":{"rendered":"https:\/\/www.europesays.com\/de\/786259\/"},"modified":"2026-02-10T09:45:18","modified_gmt":"2026-02-10T09:45:18","slug":"europa-hat-keine-20-jahre-zeit-muenchner-startup-testet-erfolgreich-hyperschallrakete","status":"publish","type":"post","link":"https:\/\/www.europesays.com\/de\/786259\/","title":{"rendered":"&#8222;Europa hat keine 20 Jahre Zeit&#8220;: M\u00fcnchner Startup testet erfolgreich Hyperschallrakete"},"content":{"rendered":"<p>&#8222;Europa hat keine 20 Jahre Zeit&#8220;M\u00fcnchner Startup testet erfolgreich Hyperschallrakete<\/p>\n<p>10.02.2026, 09:38 Uhr <\/p>\n<p>Artikel anh\u00f6ren(03:29 min)<\/p>\n<p><img decoding=\"async\" class=\"Image_img__fQCi0 Image_Img_16_9__4BLfH widget-picture-inline_maximizable__t_E7h\" loading=\"eager\" fetchpriority=\"high\" src=\"https:\/\/www.europesays.com\/de\/wp-content\/uploads\/2026\/02\/Das-Muenchner-Start-Up-Hypersonica-hat-nach-Unternehmensangaben-am-3-Februar-die-erste-europaeische-.webp\" alt=\"Das-Muenchner-Start-Up-Hypersonica-hat-nach-Unternehmensangaben-am-3-Februar-die-erste-europaeische-Hyperschallrakete-getestet-Der-Prototyp-hob-demnach-ohne-Sprengkopf-vom-norwegischen-Weltraumbahnhof-And\u00f8ya-ab-und-erreichte-eine-Geschwindigkeit-von-7-400-Stundenkilometern\"\/>Hypersonica hat nach Unternehmensangaben am 3. Februar die erste europ\u00e4ische Hyperschallrakete getestet. (Foto: picture alliance\/dpa)TeilenFolgen auf:<a href=\"https:\/\/www.whatsapp.com\/channel\/0029Va5cdVJD8SDp5YZgYF01\" title=\"Auf WhatsApp folgen\" target=\"_blank\" rel=\"nofollow noopener\"><img decoding=\"async\" src=\"https:\/\/www.n-tv.de\/socialIcons\/whatsapp.svg\" alt=\"whatsapp\" class=\"ArticleShare_icon__FsrC2\"\/><\/a><a href=\"https:\/\/news.google.com\/publications\/CAAiEPMdif5mpRNxiLOeUpHCwwsqFAgKIhDzHYn-ZqUTcYiznlKRwsML?hl=de&amp;gl=DE&amp;ceid=DE%3Ade\" title=\"Auf Google News folgen\" target=\"_blank\" rel=\"nofollow noopener\"><img decoding=\"async\" src=\"https:\/\/www.n-tv.de\/socialIcons\/google.svg\" alt=\"whatsapp\" class=\"ArticleShare_icon__FsrC2\"\/><\/a><\/p>\n<p class=\"Typography_text-m__XI0da Typography_weight-bold__uT6mq storyline_lead_text_leadtext__q_wg8\">R\u00fcstungsexperten debattieren seit Jahren, ob Hyperschallraketen die bisherigen milit\u00e4rischen Kr\u00e4fteverh\u00e4ltnisse ver\u00e4ndern werden. Bislang verf\u00fcgt Europa nicht \u00fcber diese Technologie, doch ein M\u00fcnchner Startup \u00fcberrascht nun mit dem Bau des Raketentyps. <\/p>\n<p class=\"Typography_text-default__P3otY Typography_weight-normal__pqUbH storyline_paragraph_p__qSR5N\">Ein deutsch-britisches Start-up hat eine europ\u00e4ische Hyperschallrakete entwickelt und erstmals getestet. Der ohne Sprengk\u00f6rper ausger\u00fcstete Prototyp HS1 startete am 3. Februar vom norwegischen Weltraumbahnhof And\u00f8ya und erreichte eine Geschwindigkeit von Mach 6, wie das 2023 gegr\u00fcndete Unternehmen Hypersonica mitteilte. Das entspricht mehr als 7400 Kilometern pro Stunde. Die Rakete flog demnach 300 Kilometer weit. Bis 2029 soll der Flugk\u00f6rper serienreif sein.<\/p>\n<p class=\"Typography_text-default__P3otY Typography_weight-normal__pqUbH storyline_paragraph_p__qSR5N\">Mit dem Testflug \u00fcberrascht Hypersonica. Bisher verf\u00fcgen nur sehr wenige Staaten &#8211; darunter China, Russland und die USA &#8211; \u00fcber Hyperschallraketen oder entwickeln diese. Die Hypersonica-Rakete ist nach Unternehmensangaben mehrere Meter lang und wiegt \u00fcber eine Tonne. Technische Details machte das Unternehmen nicht publik. Hauptsitz von Hypersonica ist M\u00fcnchen, eine Tochtergesellschaft sitzt in London.<\/p>\n<p class=\"Typography_text-default__P3otY Typography_weight-normal__pqUbH storyline_paragraph_p__qSR5N\">Russland hat nach Angaben Moskaus im Ukraine-Krieg Hyperschallraketen eingesetzt, die wegen ihrer extrem hohen Geschwindigkeit sehr schwer abzufangen sind. Milit\u00e4rs und R\u00fcstungsexperten debattieren seit Jahren, ob und inwieweit Hyperschallraketen die bisherigen milit\u00e4rischen Kr\u00e4fteverh\u00e4ltnisse zwischen USA und Europa einerseits und China und Russland andererseits ver\u00e4ndern werden.<\/p>\n<p class=\"Typography_text-default__P3otY Typography_weight-normal__pqUbH storyline_paragraph_p__qSR5N\">Angesichts der europ\u00e4ischen Zweifel an der Verl\u00e4sslichkeit der USA unter der Regierung von Pr\u00e4sident Donald Trump wollen die Hypersonica-Gr\u00fcnder Europa bis 2029 &#8222;die erste souver\u00e4ne Hyperschall-F\u00e4higkeit&#8220; zur Verf\u00fcgung zu stellen.<\/p>\n<p class=\"Typography_text-default__P3otY Typography_weight-normal__pqUbH storyline_paragraph_p__qSR5N\">Neu ist die Hyperschalltechnologie nicht, die Wurzeln reichen bis in die 1930er Jahre zur\u00fcck. Moderne Hyperschallraketen sollen jedoch steuerbar sein. &#8222;Der Motor ist nicht so sehr das Problem, die technische Herausforderung besteht darin, mit Hyperschallgeschwindigkeit zu fliegen und gleichzeitig mit hoher Pr\u00e4zision zu man\u00f6vrieren&#8220;, sagte Gesch\u00e4ftsf\u00fchrer und Mitgr\u00fcnder Philipp Kerth. &#8222;Bei der hohen Geschwindigkeit entsteht sehr gro\u00dfe Hitze.&#8220; Ziel des Testflugs war es, so viele Daten wie m\u00f6glich zu sammeln. &#8222;Wir sind die erste Firma in Europa, die einen privat finanzierten Hyperschall-Testflug durchgef\u00fchrt hat.&#8220; Der Physiker gr\u00fcndete Hypersonica gemeinsam mit dem Luftfahrt-Ingenieur Marc Ewenz, beide haben in Oxford \u00fcber Hyperschall promoviert.<\/p>\n<p class=\"Typography_text-default__P3otY Typography_weight-normal__pqUbH storyline_paragraph_p__qSR5N\">Hyperschall sei in Europa seit \u00fcber drei\u00dfig Jahren vernachl\u00e4ssigt worden, sagte Kerth. &#8222;Europa hat keine 20 Jahre Zeit, und wir haben keine 20 Milliarden.&#8220; US-Milliard\u00e4r Elon Musk und dessen Raumfahrtunternehmen Space X h\u00e4tten gezeigt, dass sich die Entwicklungszeit von Raketen sehr stark beschleunigen lasse. &#8222;Die haben Entwicklungszeit und -aufwand um 80 bis 90 Prozent reduziert&#8220;, sagte Kerth. &#8222;Das \u00fcbertragen wir jetzt auf den Hyperschallbereich. F\u00fcr uns ist es ein riesiger Erfolg, in so kurzer Zeit zur Erprobung des ersten Prototyps gekommen zu sein.&#8220; Nach Unternehmensangaben ben\u00f6tigte Hypersonica neun Monate vom Entwurf bis zum Testflug.<\/p>\n<p class=\"Typography_text-s__wu_cm Typography_weight-normal__pqUbH Typography_color-darkgrey__sZEnP article-detail-footer_source__KslPc\">Quelle: ntv.de, mba\/dpa<\/p>\n","protected":false},"excerpt":{"rendered":"&#8222;Europa hat keine 20 Jahre Zeit&#8220;M\u00fcnchner Startup testet erfolgreich Hyperschallrakete 10.02.2026, 09:38 Uhr Artikel anh\u00f6ren(03:29 min) Hypersonica hat&hellip;\n","protected":false},"author":2,"featured_media":786260,"comment_status":"","ping_status":"","sticky":false,"template":"","format":"standard","meta":{"footnotes":"","_share_on_mastodon":"0"},"categories":[134],"tags":[175,170,169,29,663,30,156600,171,174,129934,173,172,4743,55],"class_list":["post-786259","post","type-post","status-publish","format-standard","has-post-thumbnail","category-unternehmen-maerkte","tag-business","tag-companies","tag-companies-markets","tag-deutschland","tag-europa","tag-germany","tag-hyperschallraketen","tag-markets","tag-maerkte","tag-raketentests","tag-unternehmen","tag-unternehmen-maerkte","tag-waffen","tag-wirtschaft"],"share_on_mastodon":{"url":"https:\/\/pubeurope.com\/@de\/116045698190812562","error":""},"_links":{"self":[{"href":"https:\/\/www.europesays.com\/de\/wp-json\/wp\/v2\/posts\/786259","targetHints":{"allow":["GET"]}}],"collection":[{"href":"https:\/\/www.europesays.com\/de\/wp-json\/wp\/v2\/posts"}],"about":[{"href":"https:\/\/www.europesays.com\/de\/wp-json\/wp\/v2\/types\/post"}],"author":[{"embeddable":true,"href":"https:\/\/www.europesays.com\/de\/wp-json\/wp\/v2\/users\/2"}],"replies":[{"embeddable":true,"href":"https:\/\/www.europesays.com\/de\/wp-json\/wp\/v2\/comments?post=786259"}],"version-history":[{"count":0,"href":"https:\/\/www.europesays.com\/de\/wp-json\/wp\/v2\/posts\/786259\/revisions"}],"wp:featuredmedia":[{"embeddable":true,"href":"https:\/\/www.europesays.com\/de\/wp-json\/wp\/v2\/media\/786260"}],"wp:attachment":[{"href":"https:\/\/www.europesays.com\/de\/wp-json\/wp\/v2\/media?parent=786259"}],"wp:term":[{"taxonomy":"category","embeddable":true,"href":"https:\/\/www.europesays.com\/de\/wp-json\/wp\/v2\/categories?post=786259"},{"taxonomy":"post_tag","embeddable":true,"href":"https:\/\/www.europesays.com\/de\/wp-json\/wp\/v2\/tags?post=786259"}],"curies":[{"name":"wp","href":"https:\/\/api.w.org\/{rel}","templated":true}]}}