{"id":786324,"date":"2026-02-10T10:25:13","date_gmt":"2026-02-10T10:25:13","guid":{"rendered":"https:\/\/www.europesays.com\/de\/786324\/"},"modified":"2026-02-10T10:25:13","modified_gmt":"2026-02-10T10:25:13","slug":"tv-doku-spuert-mitschueler-in-australien-auf","status":"publish","type":"post","link":"https:\/\/www.europesays.com\/de\/786324\/","title":{"rendered":"TV-Doku sp\u00fcrt Mitsch\u00fcler in Australien auf"},"content":{"rendered":"<p class=\"expressive-copy-lg-body\">\u201eDieses Jahr haben wir ein wenig Schwund, weil doch mehrere wegen Erk\u00e4ltung abgesagt haben\u201c, erl\u00e4utert Detlef Christoph beinahe entschuldigend, als er auf die lange Tafel im <a href=\"https:\/\/www.waz.de\/staedte\/duisburg\/nord\/article233328485\/Koenig-Pavillon-Neue-Wirtin-will-mehr-Leben-am-Kometenplatz.html\" data-category-full-path=\"\/staedte\/duisburg\/nord\/\" data-paid-status=\"premium\" data-article-publish-date=\"1631712937\" rel=\"nofollow noopener\" target=\"_blank\">Haus Garden in Aldenrade<\/a> zeigt. Hier plaudern immerhin gerade zw\u00f6lf gut gelaunte Ehemalige der Realschule Walsum \u00fcber alte, aber auch ganz aktuelle Themen. \u201eJe \u00e4lter wir werden, desto \u00f6fter treffen wir uns. Fr\u00fcher waren es alle f\u00fcnf Jahre, danach alle drei und jetzt sehen wir uns tats\u00e4chlich j\u00e4hrlich\u201c, sagt Detlef Christoph. <\/p>\n<p class=\"expressive-copy-lg-body\">+++ Lassen Sie sich den Duisburg-Newsletter per E-Mail schicken: <a href=\"https:\/\/abo-funkemedien.de\/?k=2025%2FNewsletter_WAZ%2FDuisburg_WAZ_Redaktion%2F1%2Fwaz\" target=\"_blank\" rel=\"nofollow noopener\">hier anmelden<\/a> +++<\/p>\n<p>Einen Schulkameraden haben sie im Fernsehen wiederentdeckt \u2013 er reist aus Australien an<\/p>\n<p class=\"expressive-copy-lg-body\">Mit von der Partie ist auch J\u00fcrgen Fengels. Ihn hatte die <a href=\"https:\/\/www.waz.de\/lokales\/duisburg\/article408675674\/klassentreffen-nach-71-jahren-in-der-schule-hagelte-es-ohrfeigen.html\" data-category-full-path=\"https:\/\/www.waz.de\/lokales\/duisburg\/\" data-paid-status=\"premium\" data-article-publish-date=\"1743420438\" rel=\"nofollow noopener\" target=\"_blank\">Klassengemeinschaft<\/a> zwischenzeitlich aus den Augen verloren, schlie\u00dflich war er direkt nach seinem Schulabschluss mit 16 weggezogen. \u201eIch hab\u2019 dann vor ein paar Jahren auf Vox diese Auswandererserie geguckt und da hat der J\u00fcrgen mitgemacht und erz\u00e4hlt, wie das Leben in Australien so ist\u201c, strahlt Christoph. Er hat seinen alten Klassenkameraden sofort erkannt und \u00fcber den Sender die Adresse in Melbourne herausbekommen, wo Fengels seit nunmehr 58 Jahren wohnt. <\/p>\n<p class=\"expressive-copy-lg-body\">\u201eIch bin aber immer noch drei bis viermal gesch\u00e4ftlich im Jahr in Deutschland oder Europa, hab den Kontakt nie wirklich verloren\u201c, erz\u00e4hlt er gut gelaunt und mit deutlich h\u00f6rbarem australischen Akzent. Er hat eine Exportfirma und es klingt so, als ob Fengels auch mit 81 bisher nicht wirklich daran denkt, sich zur Ruhe zu setzen. <\/p>\n<p class=\"expressive-copy-lg-body\">Da ist er nicht der Einzige, denn die Schulausbildung damals war hart, aber gerecht und gut, da sind sich alle einig. Viele haben solide Karrieren gemacht und Erf\u00fcllung im Job gefunden.\u00a0\u201eEs gab ja noch die Pr\u00fcgelstrafe, aber jedes Mal, wenn ich mit dem Lineal was auf die Finger bekommen habe, dann hatte ich es auch tats\u00e4chlich verdient\u201c, erinnert sich Hans Scherak grinsend. <\/p>\n<p>Alle sind sich einig: \u201eEs war eine sch\u00f6ne Zeit\u201c<\/p>\n<p class=\"expressive-copy-lg-body\">Schikanen, Ungerechtigkeiten oder Mobbing hat keiner der Anwesenden erfahren. \u201eWir hatten wohl Spitznamen f\u00fcreinander, aber das war auch schon alles, es war eine tolle Zeit\u201c, schwelgen J\u00fcrgen und Hans tief in Erinnerungen. Besonders gern kommen alle auf die Ausfl\u00fcge und Klassenfahrten zu sprechen. <\/p>\n<p>            Duisburg-Newsletter: Jetzt kostenlos anmelden!<\/p>\n<p>Nachrichten, Service, Reportagen: Jeden Tag wissen, was in unserer Stadt los ist.<\/p>\n<p>            <img decoding=\"async\" src=\"https:\/\/www.europesays.com\/de\/wp-content\/uploads\/2026\/02\/1770719112_670_newsletter-envelope.png\" alt=\"Newsletter Illustration\" class=\"h-full w-full max-w-full object-cover md:max-w-[226px] lg:max-w-[234px]\" loading=\"lazy\"\/><\/p>\n<p>              Duisburg-Newsletter: Jetzt kostenlos anmelden!<\/p>\n<p>Nachrichten, Service, Reportagen: Jeden Tag wissen, was in unserer Stadt los ist.<\/p>\n<p>              Mit meiner Anmeldung zum Newsletter stimme ich der<br \/>\n              <a href=\"https:\/\/www.waz.de\/service\/newsletter-adconsent\" class=\"text-copy-accent underline decoration-solid underline-offset-1 hover:text-primary-700\" rel=\"nofollow noopener\" target=\"_blank\">Werbevereinbarung<\/a><br \/>\n              zu.<\/p>\n<p class=\"expressive-copy-lg-body\">\u201eSuper war die Brauereibesichtigung im letzten Schuljahr. Nach der Verkostung kann ich mich an einige erinnern, die mit Unterhose im Pool gelandet sind\u201c, feixt Detlef Christoph und versucht krampfhaft, niemanden anzusehen. Klassengemeinschaft ist schlie\u00dflich Klassengemeinschaft, auch nach \u00fcber 60 Jahren h\u00e4lt die M\u00e4nnertruppe fest zusammen. <\/p>\n<p>    <img decoding=\"async\" src=\"https:\/\/www.europesays.com\/de\/wp-content\/uploads\/2026\/02\/411156072_1770717896_v16_9_1200.jpeg\" class=\"relative z-10 block w-full object-cover aspect-[16\/9] md:aspect-[16\/9] lg:aspect-[16\/9]\" alt=\"Das Erinnerungsfoto wurde in die Runde geschickt.\" title=\"Das Erinnerungsfoto wurde in die Runde geschickt.\" loading=\"lazy\"\/><\/p>\n<p>\n      Das Erinnerungsfoto wurde in die Runde geschickt.<br \/>\n      \u00a9 Hans Scherak\n    <\/p>\n<p class=\"expressive-copy-lg-body\">Auch Hans Scherak ist nach wie vor stolz auf die gelungene R\u00fcckeroberung der Zigarettenp\u00e4ckchen, die die Jungs bei einem Klassenausflug nach Luxemburg billig erworben hatten, aber aus p\u00e4dagogischen Gr\u00fcnden abgeben mussten. \u201eDas gab im Landschulheim m\u00e4chtig \u00c4rger, wir mussten nachts antreten und unseren Schatz rausr\u00fccken. Als die Schule umzog und wir den Keller ausmisten mussten, da haben wir die Packungen wiedergefunden und zur\u00fcck in unseren Besitz gebracht\u201c, grinst er. \u201eAn die Fahrt werd\u2019 ich mich auch mein Leben lang erinnern, schlie\u00dflich hab\u2019 ich nicht nur meine Zigaretten, sondern auch meinen Blinddarm in Thalfang verloren\u201c, lacht Udo. Er hat damals die Klassenfahrt gr\u00f6\u00dftenteils im <a href=\"https:\/\/www.waz.de\/lokales\/duisburg\/article410936812\/paukenschlag-breite-fraktion-fordert-abriss-des-lost-place-barbara-hospital.html\" data-category-full-path=\"https:\/\/www.waz.de\/lokales\/duisburg\/\" data-paid-status=\"premium\" data-article-publish-date=\"1768536240\" rel=\"nofollow noopener\" target=\"_blank\">Krankenhaus<\/a> verbracht. <\/p>\n<p class=\"expressive-copy-lg-body\">Solche und \u00e4hnliche Storys hallen noch lange \u00fcber den Tisch und auch im kommenden Jahr wird sich die Gruppe hoffentlich ohne Krankheitsausf\u00e4lle wieder an ihre sch\u00f6ne Schulzeit erinnern. <\/p>\n","protected":false},"excerpt":{"rendered":"\u201eDieses Jahr haben wir ein wenig Schwund, weil doch mehrere wegen Erk\u00e4ltung abgesagt haben\u201c, erl\u00e4utert Detlef Christoph beinahe&hellip;\n","protected":false},"author":2,"featured_media":786325,"comment_status":"","ping_status":"","sticky":false,"template":"","format":"standard","meta":{"footnotes":"","_share_on_mastodon":"0"},"categories":[1838],"tags":[3364,29,3715,30,1209],"class_list":["post-786324","post","type-post","status-publish","format-standard","has-post-thumbnail","category-duisburg","tag-de","tag-deutschland","tag-duisburg","tag-germany","tag-nordrhein-westfalen"],"share_on_mastodon":{"url":"https:\/\/pubeurope.com\/@de\/116045855203918304","error":""},"_links":{"self":[{"href":"https:\/\/www.europesays.com\/de\/wp-json\/wp\/v2\/posts\/786324","targetHints":{"allow":["GET"]}}],"collection":[{"href":"https:\/\/www.europesays.com\/de\/wp-json\/wp\/v2\/posts"}],"about":[{"href":"https:\/\/www.europesays.com\/de\/wp-json\/wp\/v2\/types\/post"}],"author":[{"embeddable":true,"href":"https:\/\/www.europesays.com\/de\/wp-json\/wp\/v2\/users\/2"}],"replies":[{"embeddable":true,"href":"https:\/\/www.europesays.com\/de\/wp-json\/wp\/v2\/comments?post=786324"}],"version-history":[{"count":0,"href":"https:\/\/www.europesays.com\/de\/wp-json\/wp\/v2\/posts\/786324\/revisions"}],"wp:featuredmedia":[{"embeddable":true,"href":"https:\/\/www.europesays.com\/de\/wp-json\/wp\/v2\/media\/786325"}],"wp:attachment":[{"href":"https:\/\/www.europesays.com\/de\/wp-json\/wp\/v2\/media?parent=786324"}],"wp:term":[{"taxonomy":"category","embeddable":true,"href":"https:\/\/www.europesays.com\/de\/wp-json\/wp\/v2\/categories?post=786324"},{"taxonomy":"post_tag","embeddable":true,"href":"https:\/\/www.europesays.com\/de\/wp-json\/wp\/v2\/tags?post=786324"}],"curies":[{"name":"wp","href":"https:\/\/api.w.org\/{rel}","templated":true}]}}