{"id":786328,"date":"2026-02-10T10:27:50","date_gmt":"2026-02-10T10:27:50","guid":{"rendered":"https:\/\/www.europesays.com\/de\/786328\/"},"modified":"2026-02-10T10:27:50","modified_gmt":"2026-02-10T10:27:50","slug":"nuernberg-oelaustritt-auf-main-donau-kanal-amt-mit-update","status":"publish","type":"post","link":"https:\/\/www.europesays.com\/de\/786328\/","title":{"rendered":"N\u00fcrnberg: \u00d6laustritt auf Main-Donau-Kanal &#8211; Amt mit Update"},"content":{"rendered":"<p class=\"desc-read\"><strong><br \/>\n           Im Bereich der Schleuse Eibach am Main-Donau-Kanal in N\u00fcrnberg sorgt ein Vorfall f\u00fcr Behinderungen beim Schiffsverkehr. Fachleute versuchen, die Lage unter Kontrolle zu bringen.<br \/>\n          <\/strong>\n          <\/p>\n<p>          Update vom 10.02.2026: Schleuse am Main-Donau-Kanal in N\u00fcrnberg wieder passierbar<\/p>\n<p>Nach einer mehrst\u00fcndigen Sperrung der Schleuse Eibach am Main-Donau-Kanal in N\u00fcrnberg aufgrund eines \u00d6lfilms auf dem Wasser kann der Schiffsverkehr ab Dienstagmorgen (10. Februar 2026) wieder regul\u00e4r fahren. Ab 6 Uhr sollte die Schleuse wieder in Betrieb genommen werden, sagte ein Sprecher des Wasserstra\u00dfen- und Schifffahrtsamts Donau MDK der Deutschen Presse-Agentur in M\u00fcnchen. Zwischen 20 Uhr und 6 Uhr war der Schiffsverkehr witterungsbedingt wegen des Eises ohnehin eingestellt.<\/p>\n<p>Am Montag hatte ein \u00d6lfilm den Schiffsverkehr an der Schleuse Eibach vor\u00fcbergehend zum Erliegen gebracht. Das \u00d6l hatte ein Frachtschiff vermutlich aufgrund eines technischen Defekts verloren. &#8222;Es war vermutlich Hydraulik\u00f6l, das an einer Buchse an der Antriebswelle ausgetreten ist&#8220;, sagte der Sprecher. Da dieses nur bei der Fahrt austrete, bestehe derzeit keine Gefahr mehr. Der Schaden m\u00fcsse nun behoben werden. Das betroffene Schiff machte demnach zun\u00e4chst hinter der Schleuse fest.<\/p>\n<p><img decoding=\"async\" loading=\"lazy\" src=\"https:\/\/www.infranken.de\/storage\/image\/0\/5\/4\/9\/4489450_oel-alarm-am-main-donau-kanal-schiffsverkehr-vorerst-gesperrt_artikel-detail-bild-748_1FyurL_9xZTQr.jpg\" alt=\"\u00d6l-Alarm am Main-Donau-Kanal: Schiffsverkehr vorerst gesperrt\" title=\"\u00d6l-Alarm am Main-Donau-Kanal: Schiffsverkehr vorerst gesperrt\" width=\"748\" height=\"421\"\/><\/p>\n<p>        <b>\u00d6l-Alarm am Main-Donau-Kanal: Schiffsverkehr vorerst gesperrt<\/b><\/p>\n<p>Das Schiff, das mit Edelstahl beladen ist, liegt derzeit an der Schleuse Eibach fest. Die Feuerwehr ist vor Ort, um das Ausma\u00df des Schadens am Schiff zu pr\u00fcfen &#8230;<\/p>\n<p>                NEWS5 \/ Lars Haubner (NEWS5)<\/p>\n<p>    <a class=\"icon-zoom-in ifimages button\" style=\"width:32px\" onclick=\"document.querySelector('#bild_4489450').click();\"><\/p>\n<p>          <\/a><\/p>\n<p>Eine Spezialfirma pumpte in der Folge \u00fcber mehrere Stunden bis zum Abend das \u00d6l aus der Schleuse ab. Am Montagabend hatte dann ein Gutachter den Erfolg der Ma\u00dfnahme gepr\u00fcft, der Schiffsverkehr konnte jedoch nicht mehr sofort stattfinden, da ab 20 Uhr keine Eisbrecher mehr im Einsatz waren und deswegen auch keine Durchfahrten m\u00f6glich waren. Einige Schiffe mussten deshalb notgedrungen warten.<\/p>\n<p>Unsere Top-Nachrichten des Tages f\u00fcr deinen schnellen \u00dcberblick am Abend.<\/p>\n<p>\n                      Nichts verpassen mit dem Top-Themen-Newsletter t\u00e4glich um 18 Uhr\n                <\/p>\n<p class=\"hint\">Mit deiner Registrierung nimmst du die <a href=\"https:\/\/www.infranken.de\/datenschutz\/datenschutz-art-3144\" target=\"_blank\" rel=\"nofollow noopener\">Datenschutzerkl\u00e4rung<\/a> zur Kenntnis<\/p>\n<p>Wichtiger Wasserweg zwischen Rhein, Main und Donau<\/p>\n<p>Der etwa 170 Kilometer lange Main-Donau-Kanal verbindet den Main bei Bamberg mit der Donau bei Kelheim. Die bedeutende Wasserstra\u00dfe verkn\u00fcpft die Flusssysteme von Donau und Rhein und schafft damit eine schiffbare Verbindung vom Schwarzen Meer bis zur Nordsee.<\/p>\n<p>Ursprungsmeldung vom 09.02.2026: \u00d6l-Alarm auf dem Main-Donau-Kanal &#8211; Schifffahrt unterbrochen<\/p>\n<p>Ein \u00d6lfilm hat den Schiffsverkehr an der Schleuse Eibach am Main-Donau-Kanal in N\u00fcrnberg vor\u00fcbergehend zum Stillstand gebracht. Das \u00d6l habe ein Frachtschiff vermutlich aufgrund eines technischen Defekts verloren, erkl\u00e4rte ein Sprecher vom Wasserstra\u00dfen- und Schifffahrtsamt Donau MDK.<\/p>\n<p>Wie viel \u00d6l ausgetreten sei, sei noch unklar. Die Feuerwehr bem\u00fche sich nun, das \u00d6l mit einem speziellen Mittel zu binden. Solange werde die Schleuse geschlossen bleiben, denn das \u00d6l sei momentan in dieser eingeschlossen, erl\u00e4uterte der Sprecher. Wann die Schleuse wieder passierbar sein werde, sei noch nicht absehbar.<\/p>\n<p>Derzeit warteten bereits mehrere Schiffe auf die Durchfahrt. Das betroffene Schiff legte demnach hinter der Schleuse an, damit Fachleute den Schaden untersuchen konnten. Der etwa 170 Kilometer lange Main-Donau-Kanal verbindet den Main bei Bamberg mit der Donau bei Kelheim. Er verkn\u00fcpft die Flusssysteme von Donau und Rhein und erm\u00f6glicht damit eine schiffbare Verbindung vom Schwarzen Meer bis zur Nordsee.<\/p>\n","protected":false},"excerpt":{"rendered":"Im Bereich der Schleuse Eibach am Main-Donau-Kanal in N\u00fcrnberg sorgt ein Vorfall f\u00fcr Behinderungen beim Schiffsverkehr. Fachleute versuchen,&hellip;\n","protected":false},"author":2,"featured_media":786329,"comment_status":"","ping_status":"","sticky":false,"template":"","format":"standard","meta":{"footnotes":"","_share_on_mastodon":"0"},"categories":[1837],"tags":[772,3364,29,30,3783],"class_list":["post-786328","post","type-post","status-publish","format-standard","has-post-thumbnail","category-nuernberg","tag-bayern","tag-de","tag-deutschland","tag-germany","tag-nuernberg"],"share_on_mastodon":{"url":"https:\/\/pubeurope.com\/@de\/116045866944948372","error":""},"_links":{"self":[{"href":"https:\/\/www.europesays.com\/de\/wp-json\/wp\/v2\/posts\/786328","targetHints":{"allow":["GET"]}}],"collection":[{"href":"https:\/\/www.europesays.com\/de\/wp-json\/wp\/v2\/posts"}],"about":[{"href":"https:\/\/www.europesays.com\/de\/wp-json\/wp\/v2\/types\/post"}],"author":[{"embeddable":true,"href":"https:\/\/www.europesays.com\/de\/wp-json\/wp\/v2\/users\/2"}],"replies":[{"embeddable":true,"href":"https:\/\/www.europesays.com\/de\/wp-json\/wp\/v2\/comments?post=786328"}],"version-history":[{"count":0,"href":"https:\/\/www.europesays.com\/de\/wp-json\/wp\/v2\/posts\/786328\/revisions"}],"wp:featuredmedia":[{"embeddable":true,"href":"https:\/\/www.europesays.com\/de\/wp-json\/wp\/v2\/media\/786329"}],"wp:attachment":[{"href":"https:\/\/www.europesays.com\/de\/wp-json\/wp\/v2\/media?parent=786328"}],"wp:term":[{"taxonomy":"category","embeddable":true,"href":"https:\/\/www.europesays.com\/de\/wp-json\/wp\/v2\/categories?post=786328"},{"taxonomy":"post_tag","embeddable":true,"href":"https:\/\/www.europesays.com\/de\/wp-json\/wp\/v2\/tags?post=786328"}],"curies":[{"name":"wp","href":"https:\/\/api.w.org\/{rel}","templated":true}]}}