{"id":786334,"date":"2026-02-10T10:31:13","date_gmt":"2026-02-10T10:31:13","guid":{"rendered":"https:\/\/www.europesays.com\/de\/786334\/"},"modified":"2026-02-10T10:31:13","modified_gmt":"2026-02-10T10:31:13","slug":"neues-haus-sonnenstrahl-fuer-krebskranke-kinder-und-ihre-familien","status":"publish","type":"post","link":"https:\/\/www.europesays.com\/de\/786334\/","title":{"rendered":"Neues Haus Sonnenstrahl f\u00fcr krebskranke Kinder und ihre Familien"},"content":{"rendered":"<p class=\"Textstyled__Text-sc-1cqv9mi-0 dKgfuR\">Dresden. Leben zieht ein. Daf\u00fcr ist dieses Haus gebaut: f\u00fcrs Leben. Auch wenn sich Krebs zun\u00e4chst wie Weltende anf\u00fchlt \u2013 hier b\u00fcndeln Menschen alle Kr\u00e4fte, um Wege \u00fcber Br\u00fccken zwischen Krankheit und Genesung zu weisen. Selbst wenn Heilung nicht gelingt, z\u00e4hlt das Hier und Jetzt.<\/p>\n<p>Weiterlesen nach der Anzeige<\/p>\n<p>Weiterlesen nach der Anzeige<\/p>\n<p class=\"Textstyled__Text-sc-1cqv9mi-0 dKgfuR\">Die Villa Sonnenstrahl in Blasewitz ist weithin bekannt, genauso wie die Arbeit des Vereins, der dort an Krebs erkrankten Kindern und Angeh\u00f6rigen w\u00e4hrend der Behandlung am Dresdner Uniklinikum ein Zuhause auf Zeit gibt und verschiedene Therapien und Beratungen anbietet.<\/p>\n<p>Immer mehr Bedarf <\/p>\n<p class=\"Textstyled__Text-sc-1cqv9mi-0 dKgfuR\">Doch die Betroffenen kommen von immer weiter her in die hoch spezialisierte kinderonkologische Klinik. Das Dresdner Uniklinikum nimmt pro Jahr rund 100 neu erkrankte Kinder auf. Die durchschnittliche Heilungsrate, gemittelt \u00fcber alle Krebsarten bei Kindern und Jugendlichen, betr\u00e4gt fast 90 Prozent. Damit steigt auch die Zahl derer, die Unterst\u00fctzung ben\u00f6tigen, und der Bedarf an Nachsorge. Parallel dazu erweitert der Sonnenstrahl e.V. sein Betreuungsangebot stetig. So ist es \u00fcber die Jahre in der Villa zu eng geworden und die Vereinsspitze ging schon vor Jahren auf die Suche nach einem neuen Objekt.<\/p>\n<p>Weiterlesen nach der Anzeige<\/p>\n<p>Weiterlesen nach der Anzeige<\/p>\n<p class=\"Textstyled__Text-sc-1cqv9mi-0 dKgfuR\">Das ist nun beinahe fertig: ein Neubau auf der Schubertstra\u00dfe in unmittelbarer N\u00e4he zur Uniklinik. Diese hat dem Verein das 970 Quadratmeter gro\u00dfe Grundst\u00fcck per Erbpacht \u00fcberlassen und zieht mit dem S\u00e4chsischen Kinderpalliativzentrum auf zweieinhalb Etagen mit ein.<\/p>\n<p>Kunst-, Musik-, Sporttherapie<\/p>\n<p class=\"Textstyled__Text-sc-1cqv9mi-0 dKgfuR\">Den gro\u00dfen Rest der insgesamt 1.500 Quadratmeter Nutzfl\u00e4che bezieht der Sonnenstrahl e.V. Anfang Mai. \u201eWir sitzen quasi auf gepackten Koffern\u201c, sagt Gesch\u00e4ftsf\u00fchrer Falk Noack und stellt zusammen mit dem Vereinsvorsitzenden Andreas F\u00fchrlich und der Leiterin des psychosozialen Teams, Ulrike Grundmann, schon jetzt die R\u00e4umlichkeiten vor.<\/p>\n<p><img decoding=\"async\" alt=\"Der Einzug in die neuen R\u00e4ume des Sonnenstrahl e.V. auf der Schubertstra\u00dfe steht kurz bevor.\" loading=\"lazy\"  src=\"https:\/\/www.europesays.com\/de\/wp-content\/uploads\/2026\/02\/QDEVEW357NDPTMJ2ZYND42DTSY.jpg\" \/><\/p>\n<p class=\"Textstyled__Text-sc-1cqv9mi-0 dKgfuR\">Darin riecht es nagelneu nach Farbe und Bodenbelag. Die M\u00f6bel in der neuen Gesch\u00e4ftsstelle stehen, ebenso in den Beratungs- und Therapier\u00e4umen. Ein 70 Quadratmeter gro\u00dfer Sportraum entspricht dem Wissen von \u00c4rzten und Wissenschaftlern: Sport ist eine wichtige Medizin, auch im Kampf gegen Krebs.<\/p>\n<p>Gro\u00dfer Mehrzweckraum <\/p>\n<p class=\"Textstyled__Text-sc-1cqv9mi-0 dKgfuR\">Gerade Kinder sind durch die Krankheit in ihrem Bewegungsdrang ausgebremst. Ihr K\u00f6rper ben\u00f6tigt dringend Kr\u00e4ftigung. Im neuen Sportraum k\u00f6nnen die M\u00e4dchen und Jungen an einer Kletterwand trainieren. Es gibt einen Hometrainer, ein Laufband, ein Terra-X-Band, Matten und bald sicher noch mehr Sportger\u00e4te.<\/p>\n<p>Weiterlesen nach der Anzeige<\/p>\n<p>Weiterlesen nach der Anzeige<\/p>\n<p class=\"Textstyled__Text-sc-1cqv9mi-0 dKgfuR\">Barrierefreie Umkleidem\u00f6glichkeiten, Duschen und Toiletten sind im neuen Haus Sonnenstrahl selbstverst\u00e4ndlich. Das gilt auch f\u00fcr die K\u00fcchen, zum Beispiel im neuen Mehrzweckraum, in dem es endlich nicht mehr beengt zugehen wird, wenn sich 60 G\u00e4ste zum gemeinsamen Feiern, T\u00f6pfern oder f\u00fcr Vortr\u00e4ge und Info-Abende anmelden.<\/p>\n<p>Verein f\u00fcr rund 300 Familien <\/p>\n<p class=\"Textstyled__Text-sc-1cqv9mi-0 dKgfuR\">Insgesamt betreut der Sonnenstrahl e.V. rund 300 Familien. Wenn ein Kind den Krebs \u00fcberstanden oder den Kampf gegen die Krankheit verloren hat, bedeutet das nicht automatisch den Abschied vom Verein. Er bietet auch dar\u00fcber hinaus Hilfe an \u2013 zum Beispiel psychologische und soziale Begleitung, Kunst-, Sport- und Musiktherapie. Viele Familien, deren Kinder nicht mehr leben, bleiben der st\u00fctzenden Gemeinschaft verbunden.<\/p>\n<p><img decoding=\"async\" alt=\"Falk Noack im neuen Sportraum des Hauses Sonnenstrahl: Der Gesch\u00e4ftsf\u00fchrer ist besonders sportbegeistert und leitete fr\u00fcher ein Fitness-Studio. \" loading=\"lazy\"  src=\"https:\/\/www.europesays.com\/de\/wp-content\/uploads\/2026\/02\/7LOJLR3RL5HI7AMS3OUENQSTGI.jpg\" \/><\/p>\n<p class=\"Textstyled__Text-sc-1cqv9mi-0 dKgfuR\">Ebenso wie die Jugendlichen, die im Kindesalter an Krebs erkrankten. F\u00fcr sie gibt es ein Extra-Programm. Dazu geh\u00f6rt die sogenannte Transitionssprechstunde. \u201eWenn junge Patienten vollj\u00e4hrig werden, m\u00fcssen sie in die Erwachsenenonkologie wechseln.<\/p>\n<p>Weiterlesen nach der Anzeige<\/p>\n<p>Weiterlesen nach der Anzeige<\/p>\n<p>Herausforderung Vollj\u00e4hrigkeit <\/p>\n<p class=\"Textstyled__Text-sc-1cqv9mi-0 dKgfuR\">Aber viele sind damit \u00fcberfordert\u201c, erkl\u00e4rt Ulrike Grundmann. Mit ihrem psychosozialen Team hat sie eine eigene Anlaufstelle f\u00fcr diese Jugendlichen aufgebaut und steht ihnen \u00fcber das 18. Lebensjahr hinaus hinsichtlich der Organisation von medizinischer Betreuung und begleitender Therapien zur Seite. \u201eWir beobachten, dass die jungen Leute sich zu wenig um ihre Krebsbehandlung k\u00fcmmern, und bieten ihnen Begleitung an, auch nach der Krebstherapie in der Nachsorge.\u201c Dieses Angebot ist bundesweit wegweisend.<\/p>\n<p>Weitere Spenden willkommen <\/p>\n<p class=\"Textstyled__Text-sc-1cqv9mi-0 dKgfuR\">Insgesamt 7,1 Millionen Euro kostet das neue Haus Sonnenstrahl. F\u00fcr die Finanzierung hatte der Verein von langer Hand R\u00fccklagen gebildet. Die R\u00e4umlichkeiten des Kinderpalliativzentrums finanziert er \u00fcber einen Kredit und k\u00fcnftige Mieteinnahmen. Zudem haben Baupaten 370.000 Euro erbracht und verschiedene Stiftungen 1,2 Millionen Euro beigesteuert. Der verstorbene Kabarettist Olaf B\u00f6hme hinterlie\u00df dem Sonnenstrahl e.V. eine Million Euro. Etwa 1,3 Millionen warb der Verein mit vielf\u00e4ltigen Spendenaktionen ein. <\/p>\n<p class=\"Textstyled__Text-sc-1cqv9mi-0 dKgfuR\">Beispielsweise unterst\u00fctzen Stiftungen die Inneneinrichtung mit m\u00f6glichst langlebigen und vielseitigen B\u00fcrom\u00f6beln sowie die K\u00fcchenausstattung. Alles N\u00f6tige f\u00fcr die Aufnahme der Arbeit im neuen Haus ist abgesichert. <a href=\"https:\/\/www.sonnenstrahl-ev.org\/spenden-helfen\" target=\"_self\" rel=\"nofollow noopener\" title=\"https:\/\/www.sonnenstrahl-ev.org\/spenden-helfen\" data-vars-event-category=\"intext_link\" data-vars-event-action=\"click\" data-vars-event-label=\"https:\/\/www.sonnenstrahl-ev.org\/spenden-helfen\">Doch um die R\u00e4umlichkeiten wirklich einladend zu gestalten, braucht es noch weitere Spenden \u2013 f\u00fcr m\u00f6glichst warme Sonnenstrahlen<\/a>.<\/p>\n<p class=\"Editorialstyled__Editorial-sc-1bfvh9l-0 cSmjnJ\">SZ<\/p>\n","protected":false},"excerpt":{"rendered":"Dresden. Leben zieht ein. Daf\u00fcr ist dieses Haus gebaut: f\u00fcrs Leben. Auch wenn sich Krebs zun\u00e4chst wie Weltende&hellip;\n","protected":false},"author":2,"featured_media":786335,"comment_status":"","ping_status":"","sticky":false,"template":"","format":"standard","meta":{"footnotes":"","_share_on_mastodon":"0"},"categories":[1835],"tags":[3364,29,2386,30,859],"class_list":["post-786334","post","type-post","status-publish","format-standard","has-post-thumbnail","category-dresden","tag-de","tag-deutschland","tag-dresden","tag-germany","tag-sachsen"],"share_on_mastodon":{"url":"https:\/\/pubeurope.com\/@de\/116045878759167835","error":""},"_links":{"self":[{"href":"https:\/\/www.europesays.com\/de\/wp-json\/wp\/v2\/posts\/786334","targetHints":{"allow":["GET"]}}],"collection":[{"href":"https:\/\/www.europesays.com\/de\/wp-json\/wp\/v2\/posts"}],"about":[{"href":"https:\/\/www.europesays.com\/de\/wp-json\/wp\/v2\/types\/post"}],"author":[{"embeddable":true,"href":"https:\/\/www.europesays.com\/de\/wp-json\/wp\/v2\/users\/2"}],"replies":[{"embeddable":true,"href":"https:\/\/www.europesays.com\/de\/wp-json\/wp\/v2\/comments?post=786334"}],"version-history":[{"count":0,"href":"https:\/\/www.europesays.com\/de\/wp-json\/wp\/v2\/posts\/786334\/revisions"}],"wp:featuredmedia":[{"embeddable":true,"href":"https:\/\/www.europesays.com\/de\/wp-json\/wp\/v2\/media\/786335"}],"wp:attachment":[{"href":"https:\/\/www.europesays.com\/de\/wp-json\/wp\/v2\/media?parent=786334"}],"wp:term":[{"taxonomy":"category","embeddable":true,"href":"https:\/\/www.europesays.com\/de\/wp-json\/wp\/v2\/categories?post=786334"},{"taxonomy":"post_tag","embeddable":true,"href":"https:\/\/www.europesays.com\/de\/wp-json\/wp\/v2\/tags?post=786334"}],"curies":[{"name":"wp","href":"https:\/\/api.w.org\/{rel}","templated":true}]}}