{"id":786375,"date":"2026-02-10T10:53:18","date_gmt":"2026-02-10T10:53:18","guid":{"rendered":"https:\/\/www.europesays.com\/de\/786375\/"},"modified":"2026-02-10T10:53:18","modified_gmt":"2026-02-10T10:53:18","slug":"organisierte-kriminalitaet-senatorin-neue-bedrohungslage-bei-bandenkriegen-in-berlin","status":"publish","type":"post","link":"https:\/\/www.europesays.com\/de\/786375\/","title":{"rendered":"Organisierte Kriminalit\u00e4t: Senatorin: Neue Bedrohungslage bei Bandenkriegen in Berlin"},"content":{"rendered":"<p class=\"paragraph article__item\">Die Gefahren durch bewaffnete Banden der organisierten Kriminalit\u00e4t mit Auslandsbezug hat in <a class=\"rtr-entity\" href=\"https:\/\/www.zeit.de\/thema\/berlin\" rel=\"nofollow noopener\" target=\"_blank\">Berlin<\/a> nach Einsch\u00e4tzung der Justizsenatorin zuletzt deutlich zugenommen. In dem Bereich habe man \u00abeine neue Dimension erreicht\u00bb, sagte Felor Badenberg (CDU) dem RBB-Inforadio. Es sei sowohl \u00abquantitativ als auch qualitativ eine neue Bedrohungslage entstanden\u00bb.\u00a0\n<\/p>\n<p>Aktuelles<\/p>\n<p>                <a href=\"https:\/\/www.zeit.de\/politik\/deutschland\/2026-01\/stromausfall-berlin-anschlag-linksextreme-felor-badenberg-gxe\" data-ct-label=\"Stromausfall in Berlin: Berlins Justizsenatorin fordert st\u00e4rkere Beobachtung von Linksextremen\" data-uuid=\"cc2306ed-493c-488b-84ee-fc6d7699ed51\" rel=\"nofollow noopener\" target=\"_blank\"><\/p>\n<p>                        Stromausfall in Berlin:<br \/>\n                        Berlins Justizsenatorin fordert st\u00e4rkere Beobachtung von Linksextremen<\/p>\n<p>                <\/a><\/p>\n<p>                <a href=\"https:\/\/www.zeit.de\/politik\/ausland\/2026-02\/usa-kolumbien-trump-petro-treffen\" data-ct-label=\"Treffen im Wei\u00dfen Haus: Trump bezeichnet kolumbianischen Staatschef als &quot;wunderbar&quot;\" data-uuid=\"8271e346-873e-40d9-a4e8-52559cd902b7\" rel=\"nofollow noopener\" target=\"_blank\"><\/p>\n<p>                        Treffen im Wei\u00dfen Haus:<br \/>\n                        Trump bezeichnet kolumbianischen Staatschef als &#8222;wunderbar&#8220;<\/p>\n<p>                <\/a><\/p>\n<p>                <a href=\"https:\/\/www.zeit.de\/politik\/deutschland\/2026-01\/geopolitik-ostseeraum-johann-wadepfuhl-groenland-russland\" data-ct-label=\"Johann Wadephul: Blo\u00df nicht den Fokus verlieren\" data-uuid=\"88609ef2-0249-401b-bf9e-8d8f992a5955\" rel=\"nofollow noopener\" target=\"_blank\"><\/p>\n<p>                        Johann Wadephul:<br \/>\n                        Blo\u00df nicht den Fokus verlieren<\/p>\n<p>                <\/a><\/p>\n<p class=\"paragraph article__item\">Badenberg sagte weiter: \u00abWir sehen inzwischen rivalisierende Banden, die auf Berlins Stra\u00dfen sichtbar Gewalt einsetzen, sei es durch Handgranatenw\u00fcrfe auf Lokale, sei es durch Sch\u00fcsse auf Menschen, Fahrzeuge und auch Geb\u00e4ude.\u00bb Vor allem sollten Gesch\u00e4ftsleute eingesch\u00fcchtert und zu Zahlungen erpresst werden. Es gehe um Revierk\u00e4mpfe, darum die Stadt aufzuteilen, um Drogengesch\u00e4fte und sogenannte Schutzgelderpressung.\n<\/p>\n<p class=\"paragraph article__item\">Die Herkunft und der Migrationshintergrund von T\u00e4tern und Opfern spielten demnach eine Rolle. T\u00e4ter w\u00fcrden gezielt aus dem Ausland nach Berlin gebracht, um Gesch\u00e4ftsleute aus demselben Herkunftsland zu bedrohen, sagte Badenberg. Es gebe in Berlin eine aktive Struktur der organisierten Kriminalit\u00e4t. \u00abUnd insofern zieht man auch dorthin, wo man schon Bekannte und Verwandte hat, wo man dann relativ einfach in die Strukturen einsteigen kann.\u00bb\u00a0\n<\/p>\n<p class=\"paragraph article__item\">Genutzt werde von den Banden oft das illegale sogenannte Hawala-Banking, sagte Badenberg. Dabei werdw Geld ohne regul\u00e4re Banken zwischen oft im Ausland sitzenden Partnern etwa in der T\u00fcrkei und arabischen Staaten hin- und hergeschoben. Gerade bei der Geldw\u00e4sche nach Drogengesch\u00e4ften spiele das eine gro\u00dfe Rolle. Dieser Zahlungsverkehr m\u00fcsse mit sch\u00e4rferen Ma\u00dfnahmen deutlich eingeschr\u00e4nkt werden, betonte die Senatorin.\n<\/p>\n<p class=\"paragraph article__item\">Auch um die Hinterm\u00e4nner und Strukturen aufzukl\u00e4ren und Beweise vorlegen zu k\u00f6nnen, seien sch\u00e4rfere Gesetze f\u00fcr die Aufkl\u00e4rung n\u00f6tig, sagte Badenberg. So sei der illegale Waffenbesitz juristisch bisher nur ein Vergehen und kein Verbrechen. Einen Haftbefehl gegen Verd\u00e4chtige zu erreichen oder sie abzuh\u00f6ren, sei so f\u00fcr die Polizei kaum m\u00f6glich. Die Polizei brauche auch Programme der K\u00fcnstlichen Intelligenz zur Auswertung der riesigen Datenmengen bei beschlagnahmten Handys und Computern.\n<\/p>\n<p class=\"paragraph article__item\">\u00a9 dpa-infocom, dpa:260210-930-665770\/1<\/p>\n","protected":false},"excerpt":{"rendered":"Die Gefahren durch bewaffnete Banden der organisierten Kriminalit\u00e4t mit Auslandsbezug hat in Berlin nach Einsch\u00e4tzung der Justizsenatorin zuletzt&hellip;\n","protected":false},"author":2,"featured_media":786376,"comment_status":"","ping_status":"","sticky":false,"template":"","format":"standard","meta":{"footnotes":"","_share_on_mastodon":"0"},"categories":[1825],"tags":[1941,1939,177536,55578,9499,296,1937,31,29,30,1940,15,1938,3084],"class_list":["post-786375","post","type-post","status-publish","format-standard","has-post-thumbnail","category-berlin","tag-aktuelle-nachrichten-aus-berlin","tag-aktuelle-news-aus-berlin","tag-auslandsbezug","tag-bandenkrieg","tag-bedrohungslage","tag-berlin","tag-berlin-news","tag-cdu","tag-deutschland","tag-germany","tag-nachrichten-aus-berlin","tag-news","tag-news-aus-berlin","tag-organisierte-kriminalitaet"],"share_on_mastodon":{"url":"https:\/\/pubeurope.com\/@de\/116045965242186301","error":""},"_links":{"self":[{"href":"https:\/\/www.europesays.com\/de\/wp-json\/wp\/v2\/posts\/786375","targetHints":{"allow":["GET"]}}],"collection":[{"href":"https:\/\/www.europesays.com\/de\/wp-json\/wp\/v2\/posts"}],"about":[{"href":"https:\/\/www.europesays.com\/de\/wp-json\/wp\/v2\/types\/post"}],"author":[{"embeddable":true,"href":"https:\/\/www.europesays.com\/de\/wp-json\/wp\/v2\/users\/2"}],"replies":[{"embeddable":true,"href":"https:\/\/www.europesays.com\/de\/wp-json\/wp\/v2\/comments?post=786375"}],"version-history":[{"count":0,"href":"https:\/\/www.europesays.com\/de\/wp-json\/wp\/v2\/posts\/786375\/revisions"}],"wp:featuredmedia":[{"embeddable":true,"href":"https:\/\/www.europesays.com\/de\/wp-json\/wp\/v2\/media\/786376"}],"wp:attachment":[{"href":"https:\/\/www.europesays.com\/de\/wp-json\/wp\/v2\/media?parent=786375"}],"wp:term":[{"taxonomy":"category","embeddable":true,"href":"https:\/\/www.europesays.com\/de\/wp-json\/wp\/v2\/categories?post=786375"},{"taxonomy":"post_tag","embeddable":true,"href":"https:\/\/www.europesays.com\/de\/wp-json\/wp\/v2\/tags?post=786375"}],"curies":[{"name":"wp","href":"https:\/\/api.w.org\/{rel}","templated":true}]}}