{"id":786558,"date":"2026-02-10T12:33:27","date_gmt":"2026-02-10T12:33:27","guid":{"rendered":"https:\/\/www.europesays.com\/de\/786558\/"},"modified":"2026-02-10T12:33:27","modified_gmt":"2026-02-10T12:33:27","slug":"a4-bei-aachen-spuren-ab-dienstag-gesperrt","status":"publish","type":"post","link":"https:\/\/www.europesays.com\/de\/786558\/","title":{"rendered":"A4 bei Aachen: Spuren ab Dienstag gesperrt"},"content":{"rendered":"<p>Verkehrseinschr\u00e4nkungen <\/p>\n<p>A4: Spuren werden gesperrt \u2013 Auswirkungen auf Autofahrer<\/p>\n<p>10.02.2026 &#8211; 13:02 UhrLesedauer: 1 Min.<\/p>\n<p><a href=\"#focus-0\" class=\"transition-colors duration-200 block text-current relative\" data-sctrack=\"FocusGalleryImage.Reference\"><img fetchpriority=\"high\" data-testid=\"Opener.Image\" style=\"--lqipURL:url('https:\/\/images.t-online.de\/2026\/02\/G4MUDhpVHMJb\/0x107:2048x1152\/fit-in\/150x0\/filters:blur(25)\/bauarbeiten-auf-der-autobahn-symbolbild-auf-der-a4-kommt-es-zu-einschraenkungen.jpg')\"   loading=\"eager\" src=\"https:\/\/www.europesays.com\/de\/wp-content\/uploads\/2026\/02\/bauarbeiten-auf-der-autobahn-symbolbild-auf-der-a4-kommt-es-zu-einschraenkungen.jpg\" alt=\"urn:newsml:dpa.com:20090101:250709-935-703056\" title=\"urn:newsml:dpa.com:20090101:250709-935-703056\" width=\"2048\" height=\"1152\" class=\"bg-[url:var(--lqipURL)] bg-cover bg-center flex h-full w-full max-w-full\" decoding=\"async\"\/><img style=\"--width:32;--height:32\" loading=\"lazy\" src=\"https:\/\/aachen.t-online.de\/s\/paper\/_next\/static\/media\/zoom-in.f7dae02f.svg\" alt=\"Vergr\u00f6\u00dfern des Bildes\" title=\"Vergr\u00f6\u00dfern des Bildes\" class=\"block h-[calc(var(--height)_\/_16_*_1rem)] w-[calc(var(--width)_\/_16_*_1rem)] max-w-none absolute bottom-8 right-8 rounded-4 bg-snow p-8\" decoding=\"async\"\/><\/a><\/p>\n<p>Bauarbeiten auf der Autobahn (Symbolbild): Auf der A4 kommt es zu Einschr\u00e4nkungen. (Quelle: Jan Woitas)<\/p>\n<p class=\"font-bold text-18 leading-17 user-text-lg:text-22 user-text-xl:text-24\">Ab Dienstag kommt es auf der A4 zwischen Aachen und Laurensberg zu tempor\u00e4ren Fahrspur-Sperrungen. Vorarbeiten f\u00fcr eine neue Verkehrsf\u00fchrung sind der Grund.<\/p>\n<p class=\"text-18 leading-17 user-text-lg:text-22 user-text-xl:text-24\">Zwischen dem Autobahnkreuz Aachen und der Anschlussstelle Laurensberg werden ab Dienstag, 19 Uhr, bis Mittwoch, 5 Uhr, tempor\u00e4r Fahrspuren gesperrt. Wie die Autobahn GmbH mitteilt, sind Vorarbeiten f\u00fcr eine neue Verkehrsf\u00fchrung auf der A4 der Grund f\u00fcr die Sperrungen. In den n\u00e4chsten zwei Wochen k\u00f6nnten weitere kurzzeitige Einschr\u00e4nkungen dazukommen.<\/p>\n<p class=\"text-18 leading-17 user-text-lg:text-22 user-text-xl:text-24\">Die Sperrungen sind Teil der Bauarbeiten auf der A4 und betreffen die Fahrtrichtungen Niederlande und K\u00f6ln. Die neue Verkehrsf\u00fchrung wird als 3+1-System eingerichtet: In Richtung Niederlande bleibt eine Fahrspur, in Richtung K\u00f6ln stehen drei Fahrspuren zur Verf\u00fcgung. Diese Ma\u00dfnahmen sollen den Verkehr w\u00e4hrend der Bauarbeiten fl\u00fcssiger gestalten.<\/p>\n<p class=\"text-18 leading-17 user-text-lg:text-22 user-text-xl:text-24\">Vom 23. Februar bis 30. Mai wird au\u00dferdem der \u00dcberholstreifen in Richtung Niederlande erneuert, was zu weiteren Einschr\u00e4nkungen f\u00fchren k\u00f6nnte. Die Arbeiten h\u00e4ngen stark vom Wetter ab, Verz\u00f6gerungen sind laut der Autobahn GmbH m\u00f6glich.<\/p>\n","protected":false},"excerpt":{"rendered":"Verkehrseinschr\u00e4nkungen A4: Spuren werden gesperrt \u2013 Auswirkungen auf Autofahrer 10.02.2026 &#8211; 13:02 UhrLesedauer: 1 Min. Bauarbeiten auf der&hellip;\n","protected":false},"author":2,"featured_media":786559,"comment_status":"","ping_status":"","sticky":false,"template":"","format":"standard","meta":{"footnotes":"","_share_on_mastodon":"0"},"categories":[1853],"tags":[722,17161,1424,3364,29,2451,548,663,3934,30,13,1420,84260,14,15,965,1209,12,8568,9067,113533],"class_list":["post-786558","post","type-post","status-publish","format-standard","has-post-thumbnail","category-aachen","tag-722","tag-17161","tag-aachen","tag-de","tag-deutschland","tag-die-autobahn-gmbh-des-bundes","tag-eu","tag-europa","tag-europe","tag-germany","tag-headlines","tag-koeln","tag-laurensberg","tag-nachrichten","tag-news","tag-niederlande","tag-nordrhein-westfalen","tag-schlagzeilen","tag-verkehrseinschraenkung","tag-verkehrsfuehrung","tag-vorarbeit"],"share_on_mastodon":{"url":"https:\/\/pubeurope.com\/@de\/116046358653923076","error":""},"_links":{"self":[{"href":"https:\/\/www.europesays.com\/de\/wp-json\/wp\/v2\/posts\/786558","targetHints":{"allow":["GET"]}}],"collection":[{"href":"https:\/\/www.europesays.com\/de\/wp-json\/wp\/v2\/posts"}],"about":[{"href":"https:\/\/www.europesays.com\/de\/wp-json\/wp\/v2\/types\/post"}],"author":[{"embeddable":true,"href":"https:\/\/www.europesays.com\/de\/wp-json\/wp\/v2\/users\/2"}],"replies":[{"embeddable":true,"href":"https:\/\/www.europesays.com\/de\/wp-json\/wp\/v2\/comments?post=786558"}],"version-history":[{"count":0,"href":"https:\/\/www.europesays.com\/de\/wp-json\/wp\/v2\/posts\/786558\/revisions"}],"wp:featuredmedia":[{"embeddable":true,"href":"https:\/\/www.europesays.com\/de\/wp-json\/wp\/v2\/media\/786559"}],"wp:attachment":[{"href":"https:\/\/www.europesays.com\/de\/wp-json\/wp\/v2\/media?parent=786558"}],"wp:term":[{"taxonomy":"category","embeddable":true,"href":"https:\/\/www.europesays.com\/de\/wp-json\/wp\/v2\/categories?post=786558"},{"taxonomy":"post_tag","embeddable":true,"href":"https:\/\/www.europesays.com\/de\/wp-json\/wp\/v2\/tags?post=786558"}],"curies":[{"name":"wp","href":"https:\/\/api.w.org\/{rel}","templated":true}]}}