{"id":786576,"date":"2026-02-10T12:42:16","date_gmt":"2026-02-10T12:42:16","guid":{"rendered":"https:\/\/www.europesays.com\/de\/786576\/"},"modified":"2026-02-10T12:42:16","modified_gmt":"2026-02-10T12:42:16","slug":"einbruch-in-reisebuero-kasse-mit-bargeld-gestohlen-kandel","status":"publish","type":"post","link":"https:\/\/www.europesays.com\/de\/786576\/","title":{"rendered":"Einbruch in Reiseb\u00fcro: Kasse mit Bargeld gestohlen &#8211; Kandel"},"content":{"rendered":"<p><b\/> Unbekannte sind am Wochenende in ein Reiseb\u00fcro in <a class=\"rtr-entity\" data-rtr-entity=\"Kandel\" data-rtr-id=\"ec2ca730440441e0984b84f0ecb5d345d041998e\" data-rtr-score=\"26.853526220614828\" data-rtr-etype=\"location\" data-rtr-index=\"4\" href=\"https:\/\/www.rheinpfalz.de\/themen\/kandel?utm_source=rheinpfalz.de&amp;utm_medium=tms&amp;utm_campaign=intext\" rel=\"nofollow noopener\" target=\"_blank\">Kandel<\/a> eingebrochen. Laut Polizei verschafften sich die T\u00e4ter zwischen Samstag, 7. Februar, 14 Uhr, und Montag, 9. Februar, 9.30 Uhr, gewaltsam Zutritt zu den Gesch\u00e4ftsr\u00e4umen in der Nansenstra\u00dfe. Sie stahlen eine Kasse mit Bargeld. Der Gesamtschaden betr\u00e4gt rund 4200 Euro. Hinweise  nimmt die Polizei W\u00f6rth unter  Telefon 07271 92210 oder per E-Mail an <a href=\"https:\/\/www.rheinpfalz.de\/lokal\/mailto:piwoerth@polizei.rlp.de\" target=\"_blank\" class=\"external-link-new-window\" title=\"\" rel=\"nofollow noopener\">piwoerth@polizei.rlp.de<\/a> entgegen. <\/p>\n","protected":false},"excerpt":{"rendered":"Unbekannte sind am Wochenende in ein Reiseb\u00fcro in Kandel eingebrochen. Laut Polizei verschafften sich die T\u00e4ter zwischen Samstag,&hellip;\n","protected":false},"author":2,"featured_media":786577,"comment_status":"","ping_status":"","sticky":false,"template":"","format":"standard","meta":{"footnotes":"","_share_on_mastodon":"0"},"categories":[1844],"tags":[1634,3364,29,2819,30,34959,8903,4060,121,137174],"class_list":["post-786576","post","type-post","status-publish","format-standard","has-post-thumbnail","category-karlsruhe","tag-baden-wuerttemberg","tag-de","tag-deutschland","tag-einbruch","tag-germany","tag-kandel","tag-karlsruhe","tag-lokal","tag-polizei","tag-reisebuero"],"share_on_mastodon":{"url":"https:\/\/pubeurope.com\/@de\/116046393978043556","error":""},"_links":{"self":[{"href":"https:\/\/www.europesays.com\/de\/wp-json\/wp\/v2\/posts\/786576","targetHints":{"allow":["GET"]}}],"collection":[{"href":"https:\/\/www.europesays.com\/de\/wp-json\/wp\/v2\/posts"}],"about":[{"href":"https:\/\/www.europesays.com\/de\/wp-json\/wp\/v2\/types\/post"}],"author":[{"embeddable":true,"href":"https:\/\/www.europesays.com\/de\/wp-json\/wp\/v2\/users\/2"}],"replies":[{"embeddable":true,"href":"https:\/\/www.europesays.com\/de\/wp-json\/wp\/v2\/comments?post=786576"}],"version-history":[{"count":0,"href":"https:\/\/www.europesays.com\/de\/wp-json\/wp\/v2\/posts\/786576\/revisions"}],"wp:featuredmedia":[{"embeddable":true,"href":"https:\/\/www.europesays.com\/de\/wp-json\/wp\/v2\/media\/786577"}],"wp:attachment":[{"href":"https:\/\/www.europesays.com\/de\/wp-json\/wp\/v2\/media?parent=786576"}],"wp:term":[{"taxonomy":"category","embeddable":true,"href":"https:\/\/www.europesays.com\/de\/wp-json\/wp\/v2\/categories?post=786576"},{"taxonomy":"post_tag","embeddable":true,"href":"https:\/\/www.europesays.com\/de\/wp-json\/wp\/v2\/tags?post=786576"}],"curies":[{"name":"wp","href":"https:\/\/api.w.org\/{rel}","templated":true}]}}