{"id":786616,"date":"2026-02-10T13:03:13","date_gmt":"2026-02-10T13:03:13","guid":{"rendered":"https:\/\/www.europesays.com\/de\/786616\/"},"modified":"2026-02-10T13:03:13","modified_gmt":"2026-02-10T13:03:13","slug":"boeing-747-8f-muss-flug-nach-hongkong-abbrechen","status":"publish","type":"post","link":"https:\/\/www.europesays.com\/de\/786616\/","title":{"rendered":"Boeing 747-8F muss Flug nach Hongkong abbrechen"},"content":{"rendered":"<p>Von K\u00f6ln nach Hongkong <\/p>\n<p>Jumbo-Jet muss Flug nach 20 Minuten abbrechen<\/p>\n<p>10.02.2026 &#8211; 13:59 UhrLesedauer: 1 Min.<\/p>\n<p><a href=\"#focus-0\" class=\"transition-colors duration-200 block text-current relative\" data-sctrack=\"FocusGalleryImage.Reference\"><img fetchpriority=\"high\" data-testid=\"Opener.Image\" style=\"--lqipURL:url('https:\/\/images.t-online.de\/2026\/02\/k6bRq7z2VuVI\/102x525:3810x2143\/fit-in\/150x0\/filters:blur(25)\/flughafen-koeln-bonn-airport-frachtflugzeug-beim-start-luftfahrzeugkennzeichen-n612up-united-parcel-service-ups-boeing-747-8f-29-042025-koeln-nordrhein-westfalen-deutschland-europa-cologne-bonn-airport-cargo-plane-taking-off-aircraft-registration-n612up-united-parcel-service-ups-boeing-747-8f-29-04-2025-cologne-north-rhine-westphalia-germany-europe.jpg')\"   loading=\"eager\" src=\"https:\/\/www.europesays.com\/de\/wp-content\/uploads\/2026\/02\/flughafen-koeln-bonn-airport-frachtflugzeug-beim-start-luftfahrzeugkennzeichen-n612up-united-parcel-.jpeg\" alt=\"imago images 0818327098\" title=\"imago images 0818327098\" width=\"3810\" height=\"2143\" class=\"bg-[url:var(--lqipURL)] bg-cover bg-center flex h-full w-full max-w-full\" decoding=\"async\"\/><img style=\"--width:32;--height:32\" loading=\"lazy\" src=\"https:\/\/koeln.t-online.de\/s\/paper\/_next\/static\/media\/zoom-in.f7dae02f.svg\" alt=\"Vergr\u00f6\u00dfern des Bildes\" title=\"Vergr\u00f6\u00dfern des Bildes\" class=\"block h-[calc(var(--height)_\/_16_*_1rem)] w-[calc(var(--width)_\/_16_*_1rem)] max-w-none absolute bottom-8 right-8 rounded-4 bg-snow p-8\" decoding=\"async\"\/><\/a><\/p>\n<p>Eine Boeing 747-8F von UPS (Symbolbild): In K\u00f6ln betreit das US-Unternehmen ein Sortierzentrum. (Quelle: IMAGO\/Arnulf Hettrich\/imago)<\/p>\n<p class=\"font-bold text-18 leading-17 user-text-lg:text-22 user-text-xl:text-24\">Nach einem Vorfall in luftiger H\u00f6he muss eine Boeing ihren Flug nach China abbrechen und zum Flughafen K\u00f6ln\/Bonn zur\u00fcckkehren. Hier steht die Maschine noch immer.<\/p>\n<p class=\"text-18 leading-17 user-text-lg:text-22 user-text-xl:text-24\">Seit mehr als einer Woche sitzt ein Jumbo-Jet am <a class=\"transition-colors duration-200 cursor-pointer text-inherit no-underline text-salemsfur md:hover:text-magenta md:hover:border-magenta md:focus:text-magenta border-current border-b border-solid break-words\" href=\"https:\/\/www.t-online.de\/themen\/flughafen-koeln-bonn\/\" data-sctrack=\"BodyAnchor\" rel=\"nofollow noopener\" target=\"_blank\">Flughafen K\u00f6ln\/Bonn<\/a> fest. Das berichtet unter anderem die &#8222;Flug Revue&#8220;. Demnach handele es sich um eine Boeing 747-8F des US-amerikanischen Kurierdienstes UPS. Das Flugzeug sei am 1. Februar in K\u00f6ln gestartet und auf dem Weg in das chinesische Hongkong gewesen, als die Crew den Flug bereits nach 20 Minuten abbrechen musste.<\/p>\n<p class=\"text-18 leading-17 user-text-lg:text-22 user-text-xl:text-24\">Im Gespr\u00e4ch mit der &#8222;Flug Revue&#8220; best\u00e4tigte UPS einen Vorfall mit einem seiner Flugzeuge, machte zu den genauen Hintergr\u00fcnden aber keine weiteren Angaben. Laut der englischsprachigen Webseite &#8222;The Aviation Herald&#8220; waren mehrere V\u00f6gel in eine Turbine der Maschine gelangt, was die Piloten zum R\u00fcckflug nach K\u00f6ln gezwungen habe. Die Webseite berichtet \u00fcber sicherheitsrelevante Ereignisse und Nachrichten aus der kommerziellen Luftfahrt. Der Vogelschlag habe sich in einer H\u00f6he von rund 1.500 Metern ereignet.<\/p>\n<p class=\"text-18 leading-17 user-text-lg:text-22 user-text-xl:text-24\">Laut UPS seien bei dem R\u00fcckflug nach K\u00f6ln keine Komplikationen aufgetreten. Der &#8222;Flug Revue&#8220; sagte das Unternehmen, dass nun eine Inspektion der Maschine und notwendige Wartungsarbeiten durchgef\u00fchrt w\u00fcrden, ehe das Flugzeug wieder in Betrieb genommen werde. Solange wird die Boeing 747-8F wohl noch am Flughafen K\u00f6ln\/Bonn stehen.<\/p>\n<p class=\"text-18 leading-17 user-text-lg:text-22 user-text-xl:text-24\">UPS betreibt an dem Airport seit 1986 einen sogenannten &#8222;Air Hub&#8220;, ein internationales Paket-Sortierzentrum, in dem Sendungen f\u00fcr und aus Europa verarbeitet und f\u00fcr den Weitertransport vorbereitet werden.<\/p>\n","protected":false},"excerpt":{"rendered":"Von K\u00f6ln nach Hongkong Jumbo-Jet muss Flug nach 20 Minuten abbrechen 10.02.2026 &#8211; 13:59 UhrLesedauer: 1 Min. Eine&hellip;\n","protected":false},"author":2,"featured_media":786617,"comment_status":"","ping_status":"","sticky":false,"template":"","format":"standard","meta":{"footnotes":"","_share_on_mastodon":"0"},"categories":[1842],"tags":[90938,3088,40933,1741,227,3364,29,2031,30,14048,1420,1209,177596,70013],"class_list":["post-786616","post","type-post","status-publish","format-standard","has-post-thumbnail","category-bonn","tag-90938","tag-boeing","tag-boeing-747","tag-bonn","tag-china","tag-de","tag-deutschland","tag-flughafen-koeln-bonn","tag-germany","tag-hongkong","tag-koeln","tag-nordrhein-westfalen","tag-sortierzentrum","tag-ups"],"share_on_mastodon":{"url":"https:\/\/pubeurope.com\/@de\/116046476543785958","error":""},"_links":{"self":[{"href":"https:\/\/www.europesays.com\/de\/wp-json\/wp\/v2\/posts\/786616","targetHints":{"allow":["GET"]}}],"collection":[{"href":"https:\/\/www.europesays.com\/de\/wp-json\/wp\/v2\/posts"}],"about":[{"href":"https:\/\/www.europesays.com\/de\/wp-json\/wp\/v2\/types\/post"}],"author":[{"embeddable":true,"href":"https:\/\/www.europesays.com\/de\/wp-json\/wp\/v2\/users\/2"}],"replies":[{"embeddable":true,"href":"https:\/\/www.europesays.com\/de\/wp-json\/wp\/v2\/comments?post=786616"}],"version-history":[{"count":0,"href":"https:\/\/www.europesays.com\/de\/wp-json\/wp\/v2\/posts\/786616\/revisions"}],"wp:featuredmedia":[{"embeddable":true,"href":"https:\/\/www.europesays.com\/de\/wp-json\/wp\/v2\/media\/786617"}],"wp:attachment":[{"href":"https:\/\/www.europesays.com\/de\/wp-json\/wp\/v2\/media?parent=786616"}],"wp:term":[{"taxonomy":"category","embeddable":true,"href":"https:\/\/www.europesays.com\/de\/wp-json\/wp\/v2\/categories?post=786616"},{"taxonomy":"post_tag","embeddable":true,"href":"https:\/\/www.europesays.com\/de\/wp-json\/wp\/v2\/tags?post=786616"}],"curies":[{"name":"wp","href":"https:\/\/api.w.org\/{rel}","templated":true}]}}