{"id":786682,"date":"2026-02-10T13:37:14","date_gmt":"2026-02-10T13:37:14","guid":{"rendered":"https:\/\/www.europesays.com\/de\/786682\/"},"modified":"2026-02-10T13:37:14","modified_gmt":"2026-02-10T13:37:14","slug":"berlin-senat-will-lachgas-verbot-durchsetzen","status":"publish","type":"post","link":"https:\/\/www.europesays.com\/de\/786682\/","title":{"rendered":"Berlin: Senat will Lachgas-Verbot durchsetzen"},"content":{"rendered":"<p>Aus f\u00fcr Partydroge <\/p>\n<p>Gesundheitliche Risiken: Berlin will Lachgas-Verbot durchsetzen<\/p>\n<p>10.02.2026 &#8211; 14:28 UhrLesedauer: 1 Min.<\/p>\n<p><a href=\"#focus-0\" class=\"transition-colors duration-200 block text-current relative\" data-sctrack=\"FocusGalleryImage.Reference\"><img fetchpriority=\"high\" data-testid=\"Opener.Image\" style=\"--lqipURL:url('https:\/\/images.t-online.de\/2026\/02\/cRnQfohryMc3\/0x209:4000x2250\/fit-in\/150x0\/filters:blur(25)\/lachgas-archivbild-es-wird-oft-zu-rauschzecken-missbraucht.jpg')\"   loading=\"eager\" src=\"https:\/\/www.europesays.com\/de\/wp-content\/uploads\/2026\/02\/lachgas-archivbild-es-wird-oft-zu-rauschzecken-missbraucht.jpg\" alt=\"Lachgas (Archivbild): Es wird oft zu Rauschzecken missbraucht.\" title=\"Lachgas (Archivbild): Es wird oft zu Rauschzecken missbraucht.\" width=\"4000\" height=\"2250\" class=\"bg-[url:var(--lqipURL)] bg-cover bg-center flex h-full w-full max-w-full\" decoding=\"async\"\/><img style=\"--width:32;--height:32\" loading=\"lazy\" src=\"https:\/\/berlin.t-online.de\/s\/paper\/_next\/static\/media\/zoom-in.f7dae02f.svg\" alt=\"Vergr\u00f6\u00dfern des Bildes\" title=\"Vergr\u00f6\u00dfern des Bildes\" class=\"block h-[calc(var(--height)_\/_16_*_1rem)] w-[calc(var(--width)_\/_16_*_1rem)] max-w-none absolute bottom-8 right-8 rounded-4 bg-snow p-8\" decoding=\"async\"\/><\/a><\/p>\n<p>Lachgas (Archivbild): Es wird oft zu Rauschzecken missbraucht. (Quelle: IMAGO\/ANP)<\/p>\n<p class=\"font-bold text-18 leading-17 user-text-lg:text-22 user-text-xl:text-24\">Lachgas ist eine riskante Freizeitdroge, die insbesondere Jugendliche nutzen. Das Land Berlin m\u00f6chte bald einen Bundestagsbeschluss zu einem Verbot umsetzen.<\/p>\n<p class=\"text-18 leading-17 user-text-lg:text-22 user-text-xl:text-24\">Das Land Berlin will den Verkauf und die Nutzung von Lachgas einschr\u00e4nken. Bald soll der Onlinehandel und der Kauf des Dickstickstoffmonoxids (N2O) an Automaten in der Hauptstadt verboten werden. Au\u00dferdem soll der Erwerb und Besitz f\u00fcr Minderj\u00e4hrige illegal sein. Das hat der Senat am Dienstag entschieden.<\/p>\n<p class=\"text-18 leading-17 user-text-lg:text-22 user-text-xl:text-24\">Dem vorausgegangen war am 13. November 2025 ein Bundestagsbeschluss zur \u00c4nderung des Neue-Psychoaktive-Stoffe-Gesetzes. Dieser wurde am 19. Dezember 2025 vom Bundesrat beschlossen. &#8222;Das Gesetz wird vom Land Berlin begr\u00fc\u00dft und nach Inkrafttreten entsprechend umgesetzt&#8220;, so der Senat.<\/p>\n<p class=\"text-18 leading-17 user-text-lg:text-22 user-text-xl:text-24\">Durch das Gesetz soll der zunehmende Missbrauch von Lachgas unterbunden werden. H\u00e4ufig atmen Konsumenten Lachgas als euphorisierenden Stoff \u00fcber Luftballons ein. Gerade f\u00fcr Kinder und Jugendliche sind die gesundheitlichen Risiken hoch. Viele Minderj\u00e4hrige litten nach dem Konsum etwa unter Bewusstlosigkeit bis hin zu bleibenden Sch\u00e4den des Nervensystems. Die Verf\u00fcgbarkeit der Droge soll durch das Gesetz verringert und dem Konsum auch bei kleineren F\u00fcllmengen soll entgegengewirkt werden.<\/p>\n<p class=\"text-18 leading-17 user-text-lg:text-22 user-text-xl:text-24\"><a class=\"transition-colors duration-200 cursor-pointer text-inherit no-underline text-salemsfur md:hover:text-magenta md:hover:border-magenta md:focus:text-magenta border-current border-b border-solid break-words\" href=\"https:\/\/www.t-online.de\/leben\/familie\/id_101096980\/lachgas-verbot-tritt-am-12-april-in-kraft-jugendschutz-verschaerft.html\" data-sctrack=\"BodyAnchor\" rel=\"nofollow noopener\" target=\"_blank\">Das Verbot soll ab dem 12. April gelten<\/a>, wie es Ende Januar in einer Verk\u00fcndung im Bundesgesetzblatt hie\u00df. Strikte Regeln kommen auch f\u00fcr die Chemikalien Gamma-Butyrolacton (GBL) und 1,4-Butandiol (BDO). Man kennt sie als K.-o.-Tropfen, die T\u00e4ter heimlich in die Getr\u00e4nke potenzieller Opfer geben.<\/p>\n","protected":false},"excerpt":{"rendered":"Aus f\u00fcr Partydroge Gesundheitliche Risiken: Berlin will Lachgas-Verbot durchsetzen 10.02.2026 &#8211; 14:28 UhrLesedauer: 1 Min. Lachgas (Archivbild): Es&hellip;\n","protected":false},"author":2,"featured_media":786683,"comment_status":"","ping_status":"","sticky":false,"template":"","format":"standard","meta":{"footnotes":"","_share_on_mastodon":"0"},"categories":[1825],"tags":[12559,296,4029,177603,29,177602,30,12557,12558,177604],"class_list":["post-786682","post","type-post","status-publish","format-standard","has-post-thumbnail","category-berlin","tag-automat","tag-berlin","tag-bundesrat","tag-bundestagsbeschluss","tag-deutschland","tag-freizeitdroge","tag-germany","tag-lachgas","tag-partydroge","tag-rauschzecke"],"share_on_mastodon":{"url":"https:\/\/pubeurope.com\/@de\/116046610226310703","error":""},"_links":{"self":[{"href":"https:\/\/www.europesays.com\/de\/wp-json\/wp\/v2\/posts\/786682","targetHints":{"allow":["GET"]}}],"collection":[{"href":"https:\/\/www.europesays.com\/de\/wp-json\/wp\/v2\/posts"}],"about":[{"href":"https:\/\/www.europesays.com\/de\/wp-json\/wp\/v2\/types\/post"}],"author":[{"embeddable":true,"href":"https:\/\/www.europesays.com\/de\/wp-json\/wp\/v2\/users\/2"}],"replies":[{"embeddable":true,"href":"https:\/\/www.europesays.com\/de\/wp-json\/wp\/v2\/comments?post=786682"}],"version-history":[{"count":0,"href":"https:\/\/www.europesays.com\/de\/wp-json\/wp\/v2\/posts\/786682\/revisions"}],"wp:featuredmedia":[{"embeddable":true,"href":"https:\/\/www.europesays.com\/de\/wp-json\/wp\/v2\/media\/786683"}],"wp:attachment":[{"href":"https:\/\/www.europesays.com\/de\/wp-json\/wp\/v2\/media?parent=786682"}],"wp:term":[{"taxonomy":"category","embeddable":true,"href":"https:\/\/www.europesays.com\/de\/wp-json\/wp\/v2\/categories?post=786682"},{"taxonomy":"post_tag","embeddable":true,"href":"https:\/\/www.europesays.com\/de\/wp-json\/wp\/v2\/tags?post=786682"}],"curies":[{"name":"wp","href":"https:\/\/api.w.org\/{rel}","templated":true}]}}