{"id":786705,"date":"2026-02-10T13:50:12","date_gmt":"2026-02-10T13:50:12","guid":{"rendered":"https:\/\/www.europesays.com\/de\/786705\/"},"modified":"2026-02-10T13:50:12","modified_gmt":"2026-02-10T13:50:12","slug":"kanzlergattin-stuerzt-auf-radtour-und-muss-in-klinik","status":"publish","type":"post","link":"https:\/\/www.europesays.com\/de\/786705\/","title":{"rendered":"Kanzlergattin st\u00fcrzt auf Radtour und muss in Klinik"},"content":{"rendered":"<p>Unfall im Sauerland <\/p>\n<p>Sturz bei Radtour mit Kanzler: Charlotte Merz in Klinik<\/p>\n<p>Aktualisiert am 10.02.2026 &#8211; 14:45 UhrLesedauer: 1 Min.<\/p>\n<p><a href=\"#focus-0\" class=\"transition-colors duration-200 block text-current relative\" data-sctrack=\"FocusGalleryImage.Reference\"><img fetchpriority=\"high\" data-testid=\"Opener.Image\" style=\"--lqipURL:url('https:\/\/images.t-online.de\/2026\/02\/pNzhCcszbc1T\/0x107:2048x1152\/fit-in\/150x0\/filters:blur(25)\/bundeskanzler-friedrich-merz-cdu-und-seine-frau-charlotte-archivfoto.jpg')\"   loading=\"eager\" src=\"https:\/\/www.europesays.com\/de\/wp-content\/uploads\/2026\/02\/bundeskanzler-friedrich-merz-cdu-und-seine-frau-charlotte-archivfoto.jpg\" alt=\"Friedrich und Charlotte Merz\" title=\"Friedrich und Charlotte Merz\" width=\"2048\" height=\"1152\" class=\"bg-[url:var(--lqipURL)] bg-cover bg-center flex h-full w-full max-w-full\" decoding=\"async\"\/><img style=\"--width:32;--height:32\" loading=\"lazy\" src=\"https:\/\/www.t-online.de\/s\/paper\/_next\/static\/media\/zoom-in.f7dae02f.svg\" alt=\"Vergr\u00f6\u00dfern des Bildes\" title=\"Vergr\u00f6\u00dfern des Bildes\" class=\"block h-[calc(var(--height)_\/_16_*_1rem)] w-[calc(var(--width)_\/_16_*_1rem)] max-w-none absolute bottom-8 right-8 rounded-4 bg-snow p-8\" decoding=\"async\"\/><\/a><\/p>\n<p>Bundeskanzler Friedrich Merz (CDU) und seine Frau Charlotte: Sie waren mit dem Fahrrad unterwegs. (Quelle: Christoph Reichwein\/dpa\/dpa-bilder)<\/p>\n<p class=\"font-bold text-18 leading-17 user-text-lg:text-22 user-text-xl:text-24\">Nach einem Sturz bei einer Radtour mit ihrem Mann Friedrich Merz musste Charlotte Merz ins Krankenhaus. Warum sie Gl\u00fcck hatte und schnell wieder entlassen wurde.<\/p>\n<p class=\"text-18 leading-17 user-text-lg:text-22 user-text-xl:text-24\">Kanzlergattin Charlotte Merz ist bei einer Radtour mit ihrem Mann <a class=\"transition-colors duration-200 cursor-pointer text-inherit no-underline text-salemsfur md:hover:text-magenta md:hover:border-magenta md:focus:text-magenta border-current border-b border-solid break-words\" href=\"https:\/\/www.t-online.de\/themen\/friedrich-merz\/\" data-sctrack=\"BodyAnchor\" rel=\"nofollow noopener\" target=\"_blank\">Friedrich Merz<\/a> im sauerl\u00e4ndischen Arnsberg gest\u00fcrzt. Daraufhin kam sie am Samstagnachmittag ins Krankenhaus. Das best\u00e4tigte eine Regierungssprecherin auf dpa-Anfrage.<\/p>\n<p class=\"text-18 leading-17 user-text-lg:text-22 user-text-xl:text-24\">&#8222;Auch weil sie von einem Helm gesch\u00fctzt war, hat sie keine gravierenden Verletzungen davongetragen und wurde nach kurzer Beobachtung wieder entlassen&#8220;, sagte die Sprecherin. Sie betonte: &#8222;Der Bundeskanzler selbst war stets an ihrer Seite.&#8220;<\/p>\n<p class=\"text-18 leading-17 user-text-lg:text-22 user-text-xl:text-24\">Friedrich Merz startete am Tag danach erneut zu einer Radtour und machte am Sonntag einen Stopp in einem Caf\u00e9 an der Ruhr in seinem Heimatort Arnsberg.<\/p>\n<p class=\"text-18 leading-17 user-text-lg:text-22 user-text-xl:text-24\">&#8222;Er wollte eigentlich nur in Ruhe ein Bier trinken, was er auch getan hat&#8220;, berichtete der Gastronom gegen\u00fcber der &#8222;Westfalenpost&#8220;. Es seien aber immer wieder G\u00e4ste gekommen, die ein Foto mit dem Kanzler haben wollten. Bei Facebook lud das Caf\u00e9 das Selfie eines Kellners mit Merz hoch.<\/p>\n","protected":false},"excerpt":{"rendered":"Unfall im Sauerland Sturz bei Radtour mit Kanzler: Charlotte Merz in Klinik Aktualisiert am 10.02.2026 &#8211; 14:45 UhrLesedauer:&hellip;\n","protected":false},"author":2,"featured_media":786706,"comment_status":"","ping_status":"","sticky":false,"template":"","format":"standard","meta":{"footnotes":"","_share_on_mastodon":"0"},"categories":[2],"tags":[326,21012,6762,31,177605,29,1234,775,30,13,14,15,5430,21744,12,10,8,9,11,1284],"class_list":["post-786705","post","type-post","status-publish","format-standard","has-post-thumbnail","category-deutschland","tag-326","tag-arnsberg","tag-cafe","tag-cdu","tag-charlotte-merz","tag-deutschland","tag-fahrrad","tag-friedrich-merz","tag-germany","tag-headlines","tag-nachrichten","tag-news","tag-radtour","tag-sauerland","tag-schlagzeilen","tag-top-news","tag-top-meldungen","tag-topmeldungen","tag-topnews","tag-unfall"],"share_on_mastodon":{"url":"https:\/\/pubeurope.com\/@de\/116046661335433538","error":""},"_links":{"self":[{"href":"https:\/\/www.europesays.com\/de\/wp-json\/wp\/v2\/posts\/786705","targetHints":{"allow":["GET"]}}],"collection":[{"href":"https:\/\/www.europesays.com\/de\/wp-json\/wp\/v2\/posts"}],"about":[{"href":"https:\/\/www.europesays.com\/de\/wp-json\/wp\/v2\/types\/post"}],"author":[{"embeddable":true,"href":"https:\/\/www.europesays.com\/de\/wp-json\/wp\/v2\/users\/2"}],"replies":[{"embeddable":true,"href":"https:\/\/www.europesays.com\/de\/wp-json\/wp\/v2\/comments?post=786705"}],"version-history":[{"count":0,"href":"https:\/\/www.europesays.com\/de\/wp-json\/wp\/v2\/posts\/786705\/revisions"}],"wp:featuredmedia":[{"embeddable":true,"href":"https:\/\/www.europesays.com\/de\/wp-json\/wp\/v2\/media\/786706"}],"wp:attachment":[{"href":"https:\/\/www.europesays.com\/de\/wp-json\/wp\/v2\/media?parent=786705"}],"wp:term":[{"taxonomy":"category","embeddable":true,"href":"https:\/\/www.europesays.com\/de\/wp-json\/wp\/v2\/categories?post=786705"},{"taxonomy":"post_tag","embeddable":true,"href":"https:\/\/www.europesays.com\/de\/wp-json\/wp\/v2\/tags?post=786705"}],"curies":[{"name":"wp","href":"https:\/\/api.w.org\/{rel}","templated":true}]}}