{"id":786794,"date":"2026-02-10T14:39:12","date_gmt":"2026-02-10T14:39:12","guid":{"rendered":"https:\/\/www.europesays.com\/de\/786794\/"},"modified":"2026-02-10T14:39:12","modified_gmt":"2026-02-10T14:39:12","slug":"kinderhospiz-baerenherz-in-leipzig-beteiligt-sich-an-bundesweitem-aktionstag","status":"publish","type":"post","link":"https:\/\/www.europesays.com\/de\/786794\/","title":{"rendered":"Kinderhospiz B\u00e4renherz in Leipzig beteiligt sich an bundesweitem Aktionstag"},"content":{"rendered":"<p class=\"text\">\nBundesweit wird am Dienstag auf die Arbeit von Kinderhospizen aufmerksam gemacht. Der Aktionstag soll Familien st\u00e4rken, deren Kinder unheilbar erkrankt sind. In Deutschland betrifft das rund 50.000 junge Menschen. Die einzige station\u00e4re Einrichtung in Sachsen ist das Kinderhospiz B\u00e4renherz in Leipzig. <\/p>\n<p>&#8222;Wir begleiten die Familien nicht nur in der letzten Lebensphase der jungen Patienten, sondern ab dem Moment, wenn die Diagnose gestellt wird&#8220;, sagt Gesch\u00e4ftsf\u00fchrerin Ulrike Herkner.\n<\/p>\n<p>Die Farbe gr\u00fcn als Zeichen f\u00fcr Solidarit\u00e4t<\/p>\n<p class=\"text\">\nHilfe leisteten die Hospizmitarbeiter sowohl \u00fcber den Verlauf der Krankheit bis zum Versterben der Kinder und sogar dar\u00fcber hinaus. Die Begleitung sei sehr umfassend. &#8222;Sie bezieht sich nicht nur auf die erkrankten Kinder, sondern auch auf die Geschwisterkinder, die Eltern, das erweiterte Umfeld&#8220;, so Herkner. Um ein Zeichen f\u00fcr Solidarit\u00e4t und gesellschaftliche Verantwortung f\u00fcr die Kinderhospitzarbeit zu setzen ruft B\u00e4renherz am Dienstag dazu auf, ein gr\u00fcnes Band zu tragen.\n<\/p>\n<p class=\"text\">\nAuch Zwickau beteiligt sich an dem bundesweiten Aktionstag. So werden die Kulturst\u00e4tten Alter Gasometer und Gewandhaus am Abend gr\u00fcn erstrahlen. Koordiniert wird diese Aktion vom Ambulanten Kinder -und Jugendhospizdienst Westsachsen. Ziel ist es, m\u00f6glichst viele Menschen \u00fcber die Themen Krankheit, Sterben und Trauer zu informieren, um die Unterst\u00fctzungsm\u00f6glichkeiten f\u00fcr die Familien transparenter zu gestalten. <\/p>\n<p>Und auch Chemnitz setzt ein Zeichen. Hier wird die \u00fcber 300 Meter hohe bunte Esse am Abend nur in gr\u00fcner Farbe leuchten.<\/p>\n","protected":false},"excerpt":{"rendered":"Bundesweit wird am Dienstag auf die Arbeit von Kinderhospizen aufmerksam gemacht. Der Aktionstag soll Familien st\u00e4rken, deren Kinder&hellip;\n","protected":false},"author":2,"featured_media":786795,"comment_status":"","ping_status":"","sticky":false,"template":"","format":"standard","meta":{"footnotes":"","_share_on_mastodon":"0"},"categories":[1832],"tags":[21985,177633,3364,29,30,1460,24077,71,81,859,21142,3259],"class_list":["post-786794","post","type-post","status-publish","format-standard","has-post-thumbnail","category-leipzig","tag-aktionstag","tag-baerenherz","tag-de","tag-deutschland","tag-germany","tag-kind","tag-kinderhospiz","tag-leipzig","tag-mdr","tag-sachsen","tag-sterben","tag-tod"],"share_on_mastodon":{"url":"https:\/\/pubeurope.com\/@de\/116046853937007514","error":""},"_links":{"self":[{"href":"https:\/\/www.europesays.com\/de\/wp-json\/wp\/v2\/posts\/786794","targetHints":{"allow":["GET"]}}],"collection":[{"href":"https:\/\/www.europesays.com\/de\/wp-json\/wp\/v2\/posts"}],"about":[{"href":"https:\/\/www.europesays.com\/de\/wp-json\/wp\/v2\/types\/post"}],"author":[{"embeddable":true,"href":"https:\/\/www.europesays.com\/de\/wp-json\/wp\/v2\/users\/2"}],"replies":[{"embeddable":true,"href":"https:\/\/www.europesays.com\/de\/wp-json\/wp\/v2\/comments?post=786794"}],"version-history":[{"count":0,"href":"https:\/\/www.europesays.com\/de\/wp-json\/wp\/v2\/posts\/786794\/revisions"}],"wp:featuredmedia":[{"embeddable":true,"href":"https:\/\/www.europesays.com\/de\/wp-json\/wp\/v2\/media\/786795"}],"wp:attachment":[{"href":"https:\/\/www.europesays.com\/de\/wp-json\/wp\/v2\/media?parent=786794"}],"wp:term":[{"taxonomy":"category","embeddable":true,"href":"https:\/\/www.europesays.com\/de\/wp-json\/wp\/v2\/categories?post=786794"},{"taxonomy":"post_tag","embeddable":true,"href":"https:\/\/www.europesays.com\/de\/wp-json\/wp\/v2\/tags?post=786794"}],"curies":[{"name":"wp","href":"https:\/\/api.w.org\/{rel}","templated":true}]}}