{"id":786828,"date":"2026-02-10T14:57:13","date_gmt":"2026-02-10T14:57:13","guid":{"rendered":"https:\/\/www.europesays.com\/de\/786828\/"},"modified":"2026-02-10T14:57:13","modified_gmt":"2026-02-10T14:57:13","slug":"berlin-brandenburg-fuer-den-winterdienst-sollen-einheitliche-standards-gelten","status":"publish","type":"post","link":"https:\/\/www.europesays.com\/de\/786828\/","title":{"rendered":"Berlin &#038; Brandenburg: F\u00fcr den Winterdienst sollen einheitliche Standards gelten"},"content":{"rendered":"<p>Berlin &amp; BrandenburgF\u00fcr den Winterdienst sollen einheitliche Standards gelten<img decoding=\"async\" class=\"Image_img__fQCi0 Image_Img_16_9__4BLfH\" loading=\"eager\" fetchpriority=\"high\" src=\"https:\/\/www.europesays.com\/de\/wp-content\/uploads\/2026\/02\/Beim-Winterdienst-lief-in-den-vergangenen-Wochen-in-Berlin-nicht-alles-rund.webp.webp\" alt=\"Beim-Winterdienst-lief-in-den-vergangenen-Wochen-in-Berlin-nicht-alles-rund\"\/>(Foto: Sebastian Christoph Gollnow\/dpa)TeilenFolgen auf:<a href=\"https:\/\/www.whatsapp.com\/channel\/0029Va5cdVJD8SDp5YZgYF01\" title=\"Auf WhatsApp folgen\" target=\"_blank\" rel=\"nofollow noopener\"><img decoding=\"async\" src=\"https:\/\/www.n-tv.de\/socialIcons\/whatsapp.svg\" alt=\"whatsapp\" class=\"ArticleShare_icon__FsrC2\"\/><\/a><a href=\"https:\/\/news.google.com\/publications\/CAAiEPMdif5mpRNxiLOeUpHCwwsqFAgKIhDzHYn-ZqUTcYiznlKRwsML?hl=de&amp;gl=DE&amp;ceid=DE%3Ade\" title=\"Auf Google News folgen\" target=\"_blank\" rel=\"nofollow noopener\"><img decoding=\"async\" src=\"https:\/\/www.n-tv.de\/socialIcons\/google.svg\" alt=\"whatsapp\" class=\"ArticleShare_icon__FsrC2\"\/><\/a><\/p>\n<p class=\"Typography_text-m__XI0da Typography_weight-bold__uT6mq storyline_lead_text_leadtext__q_wg8\">Wochenlanges Frostwetter, spiegelglatte Gehwege, zahlreiche Unf\u00e4lle &#8211; welche Konsequenzen soll das haben? CDU- und SPD-Fraktion machen Druck auf den Senat.<\/p>\n<p class=\"Typography_text-default__P3otY Typography_weight-normal__pqUbH storyline_paragraph_p__qSR5N\">Berlin (dpa\/bb) &#8211; Aus Sicht der Abgeordneten der Regierungskoalition muss es k\u00fcnftig einheitliche Standards beim Winterdienst in Berlin geben. Das geht aus dem Entwurf f\u00fcr einen gemeinsamen Antrag von CDU- und SPD-Fraktion hervor, der der Deutschen Presse-Agentur vorliegt.<\/p>\n<p class=\"Typography_text-default__P3otY Typography_weight-normal__pqUbH storyline_paragraph_p__qSR5N\">&#8222;Wir k\u00fcmmern uns um Verbesserungen beim Winterdienst, insbesondere auf den Fu\u00dfwegen&#8220;, so CDU-Fraktionsvorsitzender Dirk Stettner. &#8222;Dazu bringen die Koalitionsfraktionen heute nach Beratung in den Fraktionen einen gemeinsamen Entschlie\u00dfungsantrag zur Evaluation des Winterdienstes ein.&#8220; Das Ziel sei, die bisherigen Regelungen zu \u00fcberpr\u00fcfen, Verbesserungen zu erreichen und Vorsorge f\u00fcr die kommenden Winter zu treffen.<\/p>\n<p class=\"Typography_text-default__P3otY Typography_weight-normal__pqUbH storyline_paragraph_p__qSR5N\">SPD-Fraktionschef Raed Saleh erg\u00e4nzte: &#8222;Berlin darf nicht von einer Krise in die n\u00e4chste schlittern. Deshalb bleiben wir nicht bei Sofortma\u00dfnahmen stehen, sondern haben die Regierung mit einer grunds\u00e4tzlichen Reform beauftragt.&#8220;<\/p>\n<p class=\"Typography_text-default__P3otY Typography_weight-normal__pqUbH storyline_paragraph_p__qSR5N\">Nach der tagelangen, zum Teil gef\u00e4hrlichen Eisgl\u00e4tte auf Berliner Gehwegen in diesem Winter wird der Senat aufgefordert, dem Abgeordnetenhaus eine Evaluation der Regelungen zum Winterdienst bis zum 1. Juni vorzulegen. Sie soll Grundlage f\u00fcr m\u00f6gliche Reformma\u00dfnahmen sein.<\/p>\n<p>Mehr Kontrollen und mehr Bu\u00dfgelder<\/p>\n<p class=\"Typography_text-default__P3otY Typography_weight-normal__pqUbH storyline_paragraph_p__qSR5N\">Unter anderem soll der Senat eine detaillierte \u00dcbersicht zu Glatteisunf\u00e4llen oder auch zu Geldbu\u00dfen wegen Verst\u00f6\u00dfen gegen die R\u00e4umpflicht in den vergangenen f\u00fcnf Jahren vorlegen. Auch eine Auswertung der Eins\u00e4tze von Feuerwehr und Rettungsdiensten sowie der Krankenh\u00e4user in diesem Zeitraum wird eingefordert. Gleichzeitig soll der Senat daraus Schl\u00fcsse f\u00fcr m\u00f6gliche Gesetzes\u00e4nderungen ziehen und entsprechende Entw\u00fcrfe vorlegen.<\/p>\n<p class=\"Typography_text-default__P3otY Typography_weight-normal__pqUbH storyline_paragraph_p__qSR5N\">Um die R\u00e4umpflicht durchzusetzen, sollen unter anderem Kontrollen und Bu\u00dfgelder &#8222;erheblich verst\u00e4rkt&#8220; werden. Au\u00dferdem soll der Senat ein Konzept entwickeln, das &#8222;einen qualifizierten Winterdienst nach einheitlichen Standards sicherstellt&#8220;.<\/p>\n<p class=\"Typography_text-default__P3otY Typography_weight-normal__pqUbH storyline_paragraph_p__qSR5N\">Der Senat soll pr\u00fcfen, die Berliner Stadtreinigung (BSR) personell und technisch so auszustatten, dass sie gegebenenfalls f\u00fcr weitere Unterst\u00fctzungsleistungen \u2013 insbesondere auf \u00f6ffentlichen Fl\u00e4chen \u2013 herangezogen werden kann, hei\u00dft es im Antragsentwurf.<\/p>\n<p class=\"Typography_text-s__wu_cm Typography_weight-normal__pqUbH Typography_color-darkgrey__sZEnP article-detail-footer_source__KslPc\">Quelle: dpa<\/p>\n","protected":false},"excerpt":{"rendered":"Berlin &amp; BrandenburgF\u00fcr den Winterdienst sollen einheitliche Standards gelten(Foto: Sebastian Christoph Gollnow\/dpa)TeilenFolgen auf: Wochenlanges Frostwetter, spiegelglatte Gehwege, zahlreiche&hellip;\n","protected":false},"author":2,"featured_media":786829,"comment_status":"","ping_status":"","sticky":false,"template":"","format":"standard","meta":{"footnotes":"","_share_on_mastodon":"0"},"categories":[1825],"tags":[296,29,30],"class_list":["post-786828","post","type-post","status-publish","format-standard","has-post-thumbnail","category-berlin","tag-berlin","tag-deutschland","tag-germany"],"share_on_mastodon":{"url":"https:\/\/pubeurope.com\/@de\/116046924732025115","error":""},"_links":{"self":[{"href":"https:\/\/www.europesays.com\/de\/wp-json\/wp\/v2\/posts\/786828","targetHints":{"allow":["GET"]}}],"collection":[{"href":"https:\/\/www.europesays.com\/de\/wp-json\/wp\/v2\/posts"}],"about":[{"href":"https:\/\/www.europesays.com\/de\/wp-json\/wp\/v2\/types\/post"}],"author":[{"embeddable":true,"href":"https:\/\/www.europesays.com\/de\/wp-json\/wp\/v2\/users\/2"}],"replies":[{"embeddable":true,"href":"https:\/\/www.europesays.com\/de\/wp-json\/wp\/v2\/comments?post=786828"}],"version-history":[{"count":0,"href":"https:\/\/www.europesays.com\/de\/wp-json\/wp\/v2\/posts\/786828\/revisions"}],"wp:featuredmedia":[{"embeddable":true,"href":"https:\/\/www.europesays.com\/de\/wp-json\/wp\/v2\/media\/786829"}],"wp:attachment":[{"href":"https:\/\/www.europesays.com\/de\/wp-json\/wp\/v2\/media?parent=786828"}],"wp:term":[{"taxonomy":"category","embeddable":true,"href":"https:\/\/www.europesays.com\/de\/wp-json\/wp\/v2\/categories?post=786828"},{"taxonomy":"post_tag","embeddable":true,"href":"https:\/\/www.europesays.com\/de\/wp-json\/wp\/v2\/tags?post=786828"}],"curies":[{"name":"wp","href":"https:\/\/api.w.org\/{rel}","templated":true}]}}