{"id":786873,"date":"2026-02-10T15:21:10","date_gmt":"2026-02-10T15:21:10","guid":{"rendered":"https:\/\/www.europesays.com\/de\/786873\/"},"modified":"2026-02-10T15:21:10","modified_gmt":"2026-02-10T15:21:10","slug":"weltmeister-politiker-musiker-die-bekannten-maenner-aus-dem-stadtteil-gartenstadt-ludwigshafen","status":"publish","type":"post","link":"https:\/\/www.europesays.com\/de\/786873\/","title":{"rendered":"Weltmeister, Politiker, Musiker: Die bekannten M\u00e4nner aus dem Stadtteil Gartenstadt &#8211; Ludwigshafen"},"content":{"rendered":"<p class=\"rhp-dpa-teaser\"><b>Mit einem Alter von nicht einmal 120 Jahren ist die Gartenstadt einer der j\u00fcngsten Stadtteile von Ludwigshafen. Trotzdem hat sie einige bekannte Leute hervorgebracht.<\/b><\/p>\n<p> Seit ihrer Gr\u00fcndung um das Jahr 1909 hat sich die <a class=\"rtr-entity\" data-rtr-entity=\"Gartenstadt\" data-rtr-id=\"f4475e62413073f3501124a9139fd25ed921104a\" data-rtr-score=\"176.41228070175438\" data-rtr-etype=\"location\" data-rtr-index=\"13\" href=\"https:\/\/www.rheinpfalz.de\/themen\/ludwigshafen-gartenstadt?utm_source=rheinpfalz.de&amp;utm_medium=tms&amp;utm_campaign=intext\" rel=\"nofollow noopener\" target=\"_blank\">Gartenstadt<\/a> als guter und ertragreicher N\u00e4hrboden f\u00fcr mehr als ein halbes Dutzend M\u00e4nner erwiesen, die nicht nur vor Ort von sich reden machten. Da ist zum einen der Ludwigshafener Rekord-<a href=\"https:\/\/www.rheinpfalz.de\/lokal\/ludwigshafen_artikel,-ludwigshafen-alt-oberb%C3%BCrgermeister-werner-ludwig-gestorben-_arid,5037323.html\" target=\"_blank\" class=\"external-link-new-window\" title=\"\" rel=\"nofollow noopener\">Oberb\u00fcrgermeister Werner Ludwig<\/a><\/p>\n<p> (1926-2020),<\/p>\n<p class=\"rhp-teaser\"><b>Mit einem Alter von nicht einmal 120 Jahren ist die Gartenstadt einer der j\u00fcngsten Stadtteile von Ludwigshafen. Trotzdem hat sie einige bekannte Leute hervorgebracht.<\/b><\/p>\n","protected":false},"excerpt":{"rendered":"Mit einem Alter von nicht einmal 120 Jahren ist die Gartenstadt einer der j\u00fcngsten Stadtteile von Ludwigshafen. Trotzdem&hellip;\n","protected":false},"author":2,"featured_media":786874,"comment_status":"","ping_status":"","sticky":false,"template":"","format":"standard","meta":{"footnotes":"","_share_on_mastodon":"0"},"categories":[1845],"tags":[37341,1634,31,3364,29,548,663,3934,38692,28800,30,177653,13,44123,177656,177655,4060,25476,2096,14,15,27789,177654,4534,12,17303,177652,148720],"class_list":["post-786873","post","type-post","status-publish","format-standard","has-post-thumbnail","category-mannheim","tag-bad-duerkheim","tag-baden-wuerttemberg","tag-cdu","tag-de","tag-deutschland","tag-eu","tag-europa","tag-europe","tag-friesenheim","tag-gartenstadt","tag-germany","tag-hans-loschky","tag-headlines","tag-helmut-kohl","tag-helmut-schumann","tag-hubert-schuler","tag-lokal","tag-ludwigshafen","tag-mannheim","tag-nachrichten","tag-news","tag-oggersheim","tag-otto-feick","tag-rhoen","tag-schlagzeilen","tag-speyer","tag-tiroler-strasse","tag-werner-ludwig"],"share_on_mastodon":{"url":"https:\/\/pubeurope.com\/@de\/116047019028472363","error":""},"_links":{"self":[{"href":"https:\/\/www.europesays.com\/de\/wp-json\/wp\/v2\/posts\/786873","targetHints":{"allow":["GET"]}}],"collection":[{"href":"https:\/\/www.europesays.com\/de\/wp-json\/wp\/v2\/posts"}],"about":[{"href":"https:\/\/www.europesays.com\/de\/wp-json\/wp\/v2\/types\/post"}],"author":[{"embeddable":true,"href":"https:\/\/www.europesays.com\/de\/wp-json\/wp\/v2\/users\/2"}],"replies":[{"embeddable":true,"href":"https:\/\/www.europesays.com\/de\/wp-json\/wp\/v2\/comments?post=786873"}],"version-history":[{"count":0,"href":"https:\/\/www.europesays.com\/de\/wp-json\/wp\/v2\/posts\/786873\/revisions"}],"wp:featuredmedia":[{"embeddable":true,"href":"https:\/\/www.europesays.com\/de\/wp-json\/wp\/v2\/media\/786874"}],"wp:attachment":[{"href":"https:\/\/www.europesays.com\/de\/wp-json\/wp\/v2\/media?parent=786873"}],"wp:term":[{"taxonomy":"category","embeddable":true,"href":"https:\/\/www.europesays.com\/de\/wp-json\/wp\/v2\/categories?post=786873"},{"taxonomy":"post_tag","embeddable":true,"href":"https:\/\/www.europesays.com\/de\/wp-json\/wp\/v2\/tags?post=786873"}],"curies":[{"name":"wp","href":"https:\/\/api.w.org\/{rel}","templated":true}]}}