{"id":786877,"date":"2026-02-10T15:23:13","date_gmt":"2026-02-10T15:23:13","guid":{"rendered":"https:\/\/www.europesays.com\/de\/786877\/"},"modified":"2026-02-10T15:23:13","modified_gmt":"2026-02-10T15:23:13","slug":"karlsruhe-verleiht-saatgut-zum-schutz-lokaler-pflanzen","status":"publish","type":"post","link":"https:\/\/www.europesays.com\/de\/786877\/","title":{"rendered":"Karlsruhe verleiht Saatgut zum Schutz lokaler Pflanzen!"},"content":{"rendered":"<p class=\"mb-6 text-xs md:text-m lg:text-l font-serif group-[.font-sans]:font-sans \">\n    Die<strong class=\"font-bold\"> Kooperation zwischen Stadt und der gr\u00fcn-alternativen Hochschulgruppe (GAHG)<\/strong> bringt seltene und lokale Pflanzenarten zur\u00fcck in Karlsruher G\u00e4rten. Die GAHG und die Stadt <a href=\"https:\/\/www.ka-news.de\/promis\/karlsruhe-kulturlandschaft-technologieregion-und-residenz-des-rechts-die-faecherstadt-im-ueberblick-art-2783253\" target=\"_self\" class=\"underline \" rel=\"nofollow noopener\">Karlsruhe<\/a> setzen hierbei auf ein <strong class=\"font-bold\">Ausleihprinzip: \u201eAusleihe\u00a0\u2013 R\u00fcckgabe\u00a0\u2013 Erhalt\u201c<\/strong>. Dies sei dabei entscheidend, damit das Angebot langfristig erhalten bleibe.\n  <\/p>\n<p>    <img decoding=\"async\" src=\"https:\/\/images.mgpd.de\/img\/109812424\/crop\/c16_9-w100\/1256372688\/1034864626\/stadtbibliothek-2.jpg\" alt=\"(Symbolbild)\" title=\"(Symbolbild)\" loading=\"lazy\" class=\"h-full w-full object-cover\"\/><\/p>\n<p>      Icon vergr\u00f6\u00dfern<\/p>\n<p>    (Symbolbild)<br \/>\n    Foto: Paul Needham<\/p>\n<p>        Schlie\u00dfen <\/p>\n<p>      Icon Schlie\u00dfen<\/p>\n<p>        Icon vergr\u00f6\u00dfern<\/p>\n<p>        Icon verkleinern<\/p>\n<p>      Icon Pfeil bewegen<\/p>\n<p>    (Symbolbild)<br \/>\n    Foto: Paul Needham<\/p>\n<p>            Wie funktioniert das Ausleihprinzip?<\/p>\n<p class=\"mb-6 text-xs md:text-m lg:text-l font-serif group-[.font-sans]:font-sans \">\n    Das ausgegebene <strong class=\"font-bold\">Saatgut ist samenfest<\/strong>, das hei\u00dft, dass die Samen reproduktionsf\u00e4hig sind und damit auch die Eigenschaften der Elternpflanzen mit sich tragen. Damit <strong class=\"font-bold\">erweitert sich das Saatgut nach jeder Pflanzung und geht nicht verloren.<\/strong> Wie die Stadt Karlsruhe berichtet, sei somit der \u00e4lteste Samen aus dem <strong class=\"font-bold\">16. Jahrhundert und damit eine reine Kulturgeschichte. <\/strong>\n  <\/p>\n<p>            Was muss beachtet werden?<\/p>\n<p class=\"mb-6 text-xs md:text-m lg:text-l font-serif group-[.font-sans]:font-sans \">\n    Folgende Dinge gelten f\u00fcr das Ausleihen und Pflanzen:\n  <\/p>\n<ul rel=\"\" class=\"[&amp;&gt;li]:relative list-none  [&amp;&gt;li]:pl-[1.2em] [&amp;&gt;li]:marker:text-[0] [&amp;&gt;li]:relative [&amp;&gt;li]:before:absolute [&amp;&gt;li]:before:w-3 [&amp;&gt;li]:before:h-3 [&amp;&gt;li]:before:bg-brand [&amp;&gt;li]:before:left-0 [&amp;&gt;li]:before:top-[8px] [&amp;&gt;li]:before:rounded-full  my-5\">\n<li class=\" mb-3 text-xs md:text-m lg:text-l\">Ausleihen darf jeder, es wird keine vorherige Anmeldung oder ein Bibliotheksausweis ben\u00f6tigt<\/li>\n<li class=\" mb-3 text-xs md:text-m lg:text-l\">Die T\u00fcten sind mit Punkten gekennzeichnet: gr\u00fcn=leicht, gelb=mittel, rot=schwer<\/li>\n<li class=\" mb-3 text-xs md:text-m lg:text-l\">Kreuzungen zwischen dem Saatgut sollen unbedingt vermieden werden<\/li>\n<li class=\" mb-3 text-xs md:text-m lg:text-l\">Pro Haushalt 3 T\u00fcten<\/li>\n<li class=\" mb-3 text-xs md:text-m lg:text-l\">Von jeder Art nur eine T\u00fcte<\/li>\n<li class=\" mb-3 text-xs md:text-m lg:text-l\">Fremdes Saatgut wird nicht angenommen<\/li>\n<\/ul>\n<p>            Wann findet die Abgabe statt?<\/p>\n<p class=\"mb-6 text-xs md:text-m lg:text-l font-serif group-[.font-sans]:font-sans \">\n    Nach der Ernte im Herbst werden alle Hobbyg\u00e4rtner gebeten, das<strong class=\"font-bold\"> gewonnene Saatgut zur\u00fcckzubringen.<\/strong> Folgendes muss dabei beachtet werden:\n  <\/p>\n<ul rel=\"\" class=\"[&amp;&gt;li]:relative list-none  [&amp;&gt;li]:pl-[1.2em] [&amp;&gt;li]:marker:text-[0] [&amp;&gt;li]:relative [&amp;&gt;li]:before:absolute [&amp;&gt;li]:before:w-3 [&amp;&gt;li]:before:h-3 [&amp;&gt;li]:before:bg-brand [&amp;&gt;li]:before:left-0 [&amp;&gt;li]:before:top-[8px] [&amp;&gt;li]:before:rounded-full  my-5\">\n<li class=\" mb-3 text-xs md:text-m lg:text-l\">Braune Saatgut\u00fctchen werden in einer R\u00fcckgabebox bei der Stadtbibliothek zur\u00fcckgelegt<\/li>\n<li class=\" mb-3 text-xs md:text-m lg:text-l\">Saatgut seltener Sorten wird im ersten Stockwerk zur\u00fcckgelegt<\/li>\n<li class=\" mb-3 text-xs md:text-m lg:text-l\">Bei keiner Ernte wird gebeten, das leere T\u00fctchen mit Hinweis abzugeben<\/li>\n<\/ul>\n<p>            Welche weiteren Formen von Unterst\u00fctzung gibt es?<\/p>\n<p class=\"mb-6 text-xs md:text-m lg:text-l font-serif group-[.font-sans]:font-sans \">\n    <strong class=\"font-bold\">Die GAHG bietet eine Saatgutpatenschaft<\/strong> an, welche sich dazu bereit erkl\u00e4rt, das Saatgut weiterzuvermehren. Ziel sei es, eine <strong class=\"font-bold\">lebendige Community aus gemeinschaftlichen G\u00e4rtnern zu bilden<\/strong>, um das Projekt weiter zu unterst\u00fctzen.\n  <\/p>\n<p>            Weitere Informationen<\/p>\n<p class=\"mb-6 text-xs md:text-m lg:text-l font-serif group-[.font-sans]:font-sans \">\n    Weitere Informationen bez\u00fcglich der<strong class=\"font-bold\"> Pflanzen und Gem\u00fcsearten<\/strong>, sowie zugeh\u00f6rige Steckbriefe finden Sie auf der offiziellen Website der Veranstalter:<a href=\"https:\/\/gahg-karlsruhe.de\/\" rel=\"nofollow noopener\" target=\"_blank\" class=\"underline \"> gahg-karlsruhe.de<\/a> oder der <a href=\"https:\/\/www.karlsruhe.de\/stadt-rathaus\/aktuelles\/meldungen\/saatgutbibliothek-oeffnet-ihre-pforten#:~:text=Das%20innovative%20Projekt%2C%20das%20in,ein%20Bibliotheksausweis%20sind%20nicht%20erforderlich.\" rel=\"nofollow noopener\" target=\"_blank\" class=\"underline \">Stadt Karlsruhe<\/a>.\n  <\/p>\n<ul data-module-id=\"DragDropModule\" class=\"flex flex-wrap justify-start group-[.no-bookmarks]:hidden\">\n<li class=\"mb-3 mr-3\">\n    Viviane Turhan<\/p>\n<p>      Icon Haken im Kreis gesetzt<\/p>\n<p>      Icon Plus im Kreis<\/p>\n<\/li>\n<li class=\"mb-3 mr-3\">\n    Karlsruhe<\/p>\n<p>      Icon Haken im Kreis gesetzt<\/p>\n<p>      Icon Plus im Kreis<\/p>\n<\/li>\n<li class=\"mb-3 mr-3\">\n    Valentinstag<\/p>\n<p>      Icon Haken im Kreis gesetzt<\/p>\n<p>      Icon Plus im Kreis<\/p>\n<\/li>\n<\/ul>\n","protected":false},"excerpt":{"rendered":"Die Kooperation zwischen Stadt und der gr\u00fcn-alternativen Hochschulgruppe (GAHG) bringt seltene und lokale Pflanzenarten zur\u00fcck in Karlsruher G\u00e4rten.&hellip;\n","protected":false},"author":2,"featured_media":786878,"comment_status":"","ping_status":"","sticky":false,"template":"","format":"standard","meta":{"footnotes":"","_share_on_mastodon":"0"},"categories":[1844],"tags":[14910,177657,1634,3364,29,30,115774,8903,39584,63948,8320,61],"class_list":["post-786877","post","type-post","status-publish","format-standard","has-post-thumbnail","category-karlsruhe","tag-artenvielfalt","tag-ausleihprinzip","tag-baden-wuerttemberg","tag-de","tag-deutschland","tag-germany","tag-hochschulgruppe","tag-karlsruhe","tag-saatgut","tag-tuetchen","tag-valentinstag","tag-vielfalt"],"share_on_mastodon":{"url":"https:\/\/pubeurope.com\/@de\/116047027141770404","error":""},"_links":{"self":[{"href":"https:\/\/www.europesays.com\/de\/wp-json\/wp\/v2\/posts\/786877","targetHints":{"allow":["GET"]}}],"collection":[{"href":"https:\/\/www.europesays.com\/de\/wp-json\/wp\/v2\/posts"}],"about":[{"href":"https:\/\/www.europesays.com\/de\/wp-json\/wp\/v2\/types\/post"}],"author":[{"embeddable":true,"href":"https:\/\/www.europesays.com\/de\/wp-json\/wp\/v2\/users\/2"}],"replies":[{"embeddable":true,"href":"https:\/\/www.europesays.com\/de\/wp-json\/wp\/v2\/comments?post=786877"}],"version-history":[{"count":0,"href":"https:\/\/www.europesays.com\/de\/wp-json\/wp\/v2\/posts\/786877\/revisions"}],"wp:featuredmedia":[{"embeddable":true,"href":"https:\/\/www.europesays.com\/de\/wp-json\/wp\/v2\/media\/786878"}],"wp:attachment":[{"href":"https:\/\/www.europesays.com\/de\/wp-json\/wp\/v2\/media?parent=786877"}],"wp:term":[{"taxonomy":"category","embeddable":true,"href":"https:\/\/www.europesays.com\/de\/wp-json\/wp\/v2\/categories?post=786877"},{"taxonomy":"post_tag","embeddable":true,"href":"https:\/\/www.europesays.com\/de\/wp-json\/wp\/v2\/tags?post=786877"}],"curies":[{"name":"wp","href":"https:\/\/api.w.org\/{rel}","templated":true}]}}