{"id":786925,"date":"2026-02-10T15:49:18","date_gmt":"2026-02-10T15:49:18","guid":{"rendered":"https:\/\/www.europesays.com\/de\/786925\/"},"modified":"2026-02-10T15:49:18","modified_gmt":"2026-02-10T15:49:18","slug":"millionenbetrug-mit-corona-tests-mann-zu-haftstrafe-verurteilt","status":"publish","type":"post","link":"https:\/\/www.europesays.com\/de\/786925\/","title":{"rendered":"Millionenbetrug mit Corona-Tests: Mann zu Haftstrafe verurteilt"},"content":{"rendered":"<p>        Millionenbetrug mit Corona-Tests: Mann zu Haftstrafe verurteilt | ndr.de<\/p>\n<p>    <a id=\"anchor-content\"\/><\/p>\n<p>        <img decoding=\"async\" src=\"https:\/\/www.europesays.com\/de\/wp-content\/uploads\/2026\/02\/coronatest162.webp.webp\" alt=\"Eine Person mit blauen Handschuhen h\u00e4lt ein Abstrichst\u00e4bchen in der Hand.\" title=\"Eine Person mit blauen Handschuhen h\u00e4lt ein Abstrichst\u00e4bchen in der Hand. | photocase, Luisrojas\" class=\"responsive\"\/><\/p>\n<p>\n                Stand: 10.02.2026 16:44 Uhr<\/p>\n<p class=\"preface\">Er soll mit falsch abgerechneten Corona-Tests einen Schaden in Millionenh\u00f6he angerichtet haben: Am Amstgericht Hannover ist ein Mann zu drei Jahren und f\u00fcnf Monaten Gef\u00e4ngnis verurteilt worden.<\/p>\n<p class=\"\">Der 27-J\u00e4hrige hatte im Jahr 2022 ein Testzentrum im Stadtteil Hannover-Anderten betrieben. Ihm wurde vorgeworfen, zwischen M\u00e4rz und Dezember 2022 zu viele Corona-Tests bei der Kassen\u00e4rztlichen Vereinigung abgerechnet zu haben. Entstanden war ein Schaden von mehr als 1,6 Millionen Euro. Die Einziehung dieser Summe werde angeordnet, sagte der Richter am Dienstag. Neben der hohen Schadenssumme brachte er vor Gericht zur Begr\u00fcndung des Urteils weitere Punkte an. Der Verurteilte habe zwar gestanden, aber nur minimale Reue gezeigt. Au\u00dferdem habe der 27-J\u00e4hrige in der Corona-Pandemie eine nationale Notlage ausgenutzt, so der Richter.<\/p>\n<p>    Mann hatte zu Prozessbeginn gestanden<\/p>\n<p class=\"\">Der 27-J\u00e4hrige hat die Vorw\u00fcrfe am Dienstag zu Prozessbeginn vollumf\u00e4nglich einger\u00e4umt. \u00dcber seinen Anwalt gab er eine Erkl\u00e4rung ab. Es habe &#8222;erkennbar zu viele Fehler&#8220; bei der Abrechnung gegeben, manche Tests seien mehrfach abgerechnet worden. &#8222;Mir ist das \u00fcber den Kopf gewachsen&#8220;, hie\u00df es weiter. Der 27-J\u00e4hrige gab an, so viel Geld wie noch nie zuvor gehabt zu haben und es davon geblendet in St\u00e4dten wie Dubai, Monte-Carlo und Cannes ausgegeben zu haben &#8211; etwa f\u00fcr Hotels, Mietwagen oder Luxusartikel. Schlie\u00dflich entschuldigte sich der Mann.<\/p>\n<p>    Bargeld an Dritte weitergegeben?<\/p>\n<p class=\"\">Der Richter dr\u00fcckte im Prozess Zweifel aus, dass der Mann das ganze Geld allein ausgegeben habe. Er gehe davon aus, dass Bargeld an Dritte weitergereicht wurde. Die Ermittlungen gegen den 27-J\u00e4hrigen waren wegen des Verdachts auf Geldw\u00e4sche eingeleitet worden. Von der Strafe soll ein Monat wegen der langen Verfahrensdauer als vollzogen gelten. Das Urteil ist noch nicht rechtskr\u00e4ftig.<\/p>\n<p>    Freund des Angeklagten ebenfalls verurteilt?<\/p>\n<p class=\"\">Erst Mitte Januar wurde ein weiterer <a href=\"https:\/\/www.ndr.de\/nachrichten\/niedersachsen\/hannover_weser-leinegebiet\/urteil-nach-betrug-mit-corona-tests-27-jaehriger-verurteilt,coronabetrug-102.html\" title=\"Urteil nach Betrug mit Corona-Tests: 27-J\u00e4hriger verurteilt\" rel=\"nofollow noopener\" target=\"_blank\">27-J\u00e4hriger zu einer Freiheitsstrafe<\/a> von zwei Jahren und sieben Monaten verurteilt. Mit gef\u00e4lschten Corona-Tests soll er fast 900.000 Euro erschlichen haben. Beide Beschuldigte kannten sich, der 27-J\u00e4hrige soll dem nun Verurteilten 90.000 Euro als Privatdarlehen \u00fcberwiesen haben. In welchem Verh\u00e4ltnis sie zueinander standen und ob sie sich in den Betrugsf\u00e4llen unterst\u00fctzt haben, ist laut Amtsgericht Hannover nicht bekannt.<\/p>\n<p>        <img decoding=\"async\" src=\"https:\/\/www.europesays.com\/de\/wp-content\/uploads\/2026\/01\/coronatest348.webp.webp\" alt=\"Ein Corona-Antigen-Test mit Ergebnis &quot;ung\u00fcltig&quot;.\" title=\"Ein Corona-Antigen-Test mit Ergebnis &quot;ung\u00fcltig&quot;. | Colourbox, Vladimir G\" class=\"responsive\" loading=\"lazy\"\/><\/p>\n<p>Der Mann hatte mehrere Teststationen in Hannover und Umgebung betrieben. Er soll fast 900.000 Euro zu viel abgerechnet haben.<\/p>\n<p>        Schlagw\u00f6rter zu diesem Artikel<\/p>\n<p>            <a href=\"https:\/\/www.ndr.de\/nachrichten\/niedersachsen\/hannover_weser-leinegebiet\/Hannover-Aktuelle-News-und-Nachrichten,hannover18518.html\" rel=\"nofollow noopener\" target=\"_blank\">Hannover<\/a><\/p>\n<p>        <img decoding=\"async\" src=\"https:\/\/www.europesays.com\/de\/wp-content\/uploads\/2026\/02\/rauchmelder224.webp.webp\" alt=\"Rauch vor einem Brandmelder\" title=\"Rauch vor einem Brandmelder | Fotolia, psdesign1\" class=\"responsive\" loading=\"lazy\"\/><\/p>\n<p>Zuletzt wollten sich Unbekannte vor allem im Bereich Mei\u00dfendorf Zutritt zu Wohnungen verschaffen. Das steckt dahinter.<\/p>\n<p>        <img decoding=\"async\" src=\"https:\/\/www.europesays.com\/de\/wp-content\/uploads\/2026\/02\/rettungswagen316.webp.webp\" alt=\"Krankenwagen im Einsatz (Symbol). aha-Mitarbeiter bei Betriebsunfall eingeklemmt.\" title=\"Krankenwagen im Einsatz (Symbol). aha-Mitarbeiter bei Betriebsunfall eingeklemmt. | NDR, Julius Matuschik\" class=\"responsive\" loading=\"lazy\"\/><\/p>\n<p>Der 40-J\u00e4hrige wurde von einer Maschine eingeklemmt. Einsatzkr\u00e4fte befreiten den Mann mit schwerem technischen Ger\u00e4t.<\/p>\n<p>        <img decoding=\"async\" src=\"https:\/\/www.europesays.com\/de\/wp-content\/uploads\/2026\/02\/elzezugbergung-110.webp.webp\" alt=\"Bahnstrecke bei Elze nach G\u00fcterzug-Entgleisung, Gleise werden repariert.\" title=\"Bahnstrecke bei Elze nach G\u00fcterzug-Entgleisung, Gleise werden repariert. | NDR, Jasmin Janosch\" class=\"responsive\" loading=\"lazy\"\/><\/p>\n<p>Ab dem kommenden Montag soll der Abschnitt zwischen Nordstemmen und Banteln wieder frei sein. Allerdings nur eingleisig.<\/p>\n<p>        <img decoding=\"async\" src=\"https:\/\/www.europesays.com\/de\/wp-content\/uploads\/2026\/02\/sperrung-132.webp.webp\" alt=\"Baustellenschild\" title=\"Baustellenschild | Lars Engelbrecht\" class=\"responsive\" loading=\"lazy\"\/><\/p>\n<p>Rund 170 Millionen Euro flie\u00dfen in die Sanierung der Infrastruktur. Das Land nutzt daf\u00fcr auch das Sonderverm\u00f6gen des Bundes.<\/p>\n<p>        <img decoding=\"async\" src=\"https:\/\/www.europesays.com\/de\/wp-content\/uploads\/2026\/02\/prinzhoefte-102.webp.webp\" alt=\"Ein auto, das bei Prinzh\u00f6fte im Landkreis Oldenburg gegen einem Baum geprallt ist.\" title=\"Ein auto, das bei Prinzh\u00f6fte im Landkreis Oldenburg gegen einem Baum geprallt ist. | Nord-West-Media TV\" class=\"responsive\" loading=\"lazy\"\/><\/p>\n<p>        <img decoding=\"async\" src=\"https:\/\/www.europesays.com\/de\/wp-content\/uploads\/2026\/02\/segelschiff-110.webp.webp\" alt=\"Luftbild eines havarierten Segelschiffs vor Cuxhaven.\" title=\"Luftbild eines havarierten Segelschiffs vor Cuxhaven. | NDR\" class=\"responsive\" loading=\"lazy\"\/><\/p>\n","protected":false},"excerpt":{"rendered":"Millionenbetrug mit Corona-Tests: Mann zu Haftstrafe verurteilt | ndr.de Stand: 10.02.2026 16:44 Uhr Er soll mit falsch abgerechneten&hellip;\n","protected":false},"author":2,"featured_media":786926,"comment_status":"","ping_status":"","sticky":false,"template":"","format":"standard","meta":{"footnotes":"","_share_on_mastodon":"0"},"categories":[1836],"tags":[26651,1601,1483,3821,3364,29,30,46,1411,254,99970],"class_list":["post-786925","post","type-post","status-publish","format-standard","has-post-thumbnail","category-hannover","tag-27-jaehriger","tag-amtsgericht","tag-betrug","tag-corona","tag-de","tag-deutschland","tag-germany","tag-hannover","tag-niedersachsen","tag-test","tag-testzentrum"],"share_on_mastodon":{"url":"https:\/\/pubeurope.com\/@de\/116047129663132401","error":""},"_links":{"self":[{"href":"https:\/\/www.europesays.com\/de\/wp-json\/wp\/v2\/posts\/786925","targetHints":{"allow":["GET"]}}],"collection":[{"href":"https:\/\/www.europesays.com\/de\/wp-json\/wp\/v2\/posts"}],"about":[{"href":"https:\/\/www.europesays.com\/de\/wp-json\/wp\/v2\/types\/post"}],"author":[{"embeddable":true,"href":"https:\/\/www.europesays.com\/de\/wp-json\/wp\/v2\/users\/2"}],"replies":[{"embeddable":true,"href":"https:\/\/www.europesays.com\/de\/wp-json\/wp\/v2\/comments?post=786925"}],"version-history":[{"count":0,"href":"https:\/\/www.europesays.com\/de\/wp-json\/wp\/v2\/posts\/786925\/revisions"}],"wp:featuredmedia":[{"embeddable":true,"href":"https:\/\/www.europesays.com\/de\/wp-json\/wp\/v2\/media\/786926"}],"wp:attachment":[{"href":"https:\/\/www.europesays.com\/de\/wp-json\/wp\/v2\/media?parent=786925"}],"wp:term":[{"taxonomy":"category","embeddable":true,"href":"https:\/\/www.europesays.com\/de\/wp-json\/wp\/v2\/categories?post=786925"},{"taxonomy":"post_tag","embeddable":true,"href":"https:\/\/www.europesays.com\/de\/wp-json\/wp\/v2\/tags?post=786925"}],"curies":[{"name":"wp","href":"https:\/\/api.w.org\/{rel}","templated":true}]}}