{"id":786964,"date":"2026-02-10T16:09:12","date_gmt":"2026-02-10T16:09:12","guid":{"rendered":"https:\/\/www.europesays.com\/de\/786964\/"},"modified":"2026-02-10T16:09:12","modified_gmt":"2026-02-10T16:09:12","slug":"muenchen-schwabing-streit-um-alte-baeume-auf-grundstueck-an-der-koeniginstrasse-muenchen","status":"publish","type":"post","link":"https:\/\/www.europesays.com\/de\/786964\/","title":{"rendered":"M\u00fcnchen-Schwabing: Streit um alte B\u00e4ume auf Grundst\u00fcck an der K\u00f6niginstra\u00dfe &#8211; M\u00fcnchen"},"content":{"rendered":"<p data-manual=\"paragraph\" data-schema-org-speakable=\"true\" class=\"css-1ygz9cx\">Es sind drei m\u00e4chtige B\u00e4ume, Eschen, mehr als 100 Jahre alt, die St\u00e4mme haben Umf\u00e4nge zwischen zwei und fast drei Metern.\u00a0 Einer dieser B\u00e4ume ist gut zu sehen von der Stra\u00dfenecke K\u00f6nigin-\/Ohmstra\u00dfe aus. Seine \u00c4ste ragen \u00fcber das Privatgrundst\u00fcck K\u00f6niginstra\u00dfe 24 hinaus \u00fcber den Fu\u00dfweg. Die anderen beiden stehen dahinter im Hausgarten, der direkt an den Englischen Garten grenzt.<\/p>\n","protected":false},"excerpt":{"rendered":"Es sind drei m\u00e4chtige B\u00e4ume, Eschen, mehr als 100 Jahre alt, die St\u00e4mme haben Umf\u00e4nge zwischen zwei und&hellip;\n","protected":false},"author":2,"featured_media":786965,"comment_status":"","ping_status":"","sticky":false,"template":"","format":"standard","meta":{"footnotes":"","_share_on_mastodon":"0"},"categories":[1827],"tags":[20596,772,29,21263,2816,2634,30,5726,26705,6786,6778,1268,2813,25847,2814,149,26704,20505],"class_list":["post-786964","post","type-post","status-publish","format-standard","has-post-thumbnail","category-muenchen","tag-altstadt-lehel","tag-bayern","tag-deutschland","tag-englischer-garten","tag-freimann","tag-gerichtsprozesse-in-muenchen","tag-germany","tag-immobilien-und-wohnen-in-muenchen","tag-klimaschutz-in-muenchen","tag-lehel","tag-maxvorstadt","tag-muenchen","tag-muenchen-stadtteile","tag-parks-in-muenchen","tag-schwabing-freimann","tag-sueddeutsche-zeitung","tag-umweltschutz-in-muenchen","tag-verwaltungsgericht-muenchen"],"share_on_mastodon":{"url":"https:\/\/pubeurope.com\/@de\/116047207744635378","error":""},"_links":{"self":[{"href":"https:\/\/www.europesays.com\/de\/wp-json\/wp\/v2\/posts\/786964","targetHints":{"allow":["GET"]}}],"collection":[{"href":"https:\/\/www.europesays.com\/de\/wp-json\/wp\/v2\/posts"}],"about":[{"href":"https:\/\/www.europesays.com\/de\/wp-json\/wp\/v2\/types\/post"}],"author":[{"embeddable":true,"href":"https:\/\/www.europesays.com\/de\/wp-json\/wp\/v2\/users\/2"}],"replies":[{"embeddable":true,"href":"https:\/\/www.europesays.com\/de\/wp-json\/wp\/v2\/comments?post=786964"}],"version-history":[{"count":0,"href":"https:\/\/www.europesays.com\/de\/wp-json\/wp\/v2\/posts\/786964\/revisions"}],"wp:featuredmedia":[{"embeddable":true,"href":"https:\/\/www.europesays.com\/de\/wp-json\/wp\/v2\/media\/786965"}],"wp:attachment":[{"href":"https:\/\/www.europesays.com\/de\/wp-json\/wp\/v2\/media?parent=786964"}],"wp:term":[{"taxonomy":"category","embeddable":true,"href":"https:\/\/www.europesays.com\/de\/wp-json\/wp\/v2\/categories?post=786964"},{"taxonomy":"post_tag","embeddable":true,"href":"https:\/\/www.europesays.com\/de\/wp-json\/wp\/v2\/tags?post=786964"}],"curies":[{"name":"wp","href":"https:\/\/api.w.org\/{rel}","templated":true}]}}