{"id":786974,"date":"2026-02-10T16:14:12","date_gmt":"2026-02-10T16:14:12","guid":{"rendered":"https:\/\/www.europesays.com\/de\/786974\/"},"modified":"2026-02-10T16:14:12","modified_gmt":"2026-02-10T16:14:12","slug":"bvg-muva-endet-so-funktioniert-das-neue-fahrdienst-angebot","status":"publish","type":"post","link":"https:\/\/www.europesays.com\/de\/786974\/","title":{"rendered":"BVG Muva endet \u2013 So funktioniert das neue Fahrdienst-Angebot"},"content":{"rendered":"<p class=\"expressive-copy-lg-body\">Bald sind die Muva-Rufbusse der <a href=\"https:\/\/www.morgenpost.de\/berlin\/berliner-verkehrsbetriebe-bvg\/\" target=\"_blank\" rel=\"nofollow noopener\">Berliner Verkehrsbetriebe (BVG)<\/a> aus dem Stadtbild der Hauptstadt verschwunden. Das Angebot endet am 28. Februar 2026.\u00a0Ein neuer barrierefreier Fahrdienst mit dem etwas sperrigen Namen \u201eBarrierefreier Alternativ-Verkehr\u201c (BAV) ist aber bereits angelaufen. Dieser wird vom Verkehrsverbund Berlin-Brandenburg (VBB) koordiniert. Das neue Angebot nutzt die gro\u00dfe Flotte des Berliner Taxigewerbes, das aktuell mehr als 160 Inklusionstaxen umfasst.\u00a0<\/p>\n<p class=\"expressive-copy-lg-body\">Wie funktioniert der kostenlose Service? Wenn Fahrg\u00e4ste, die k\u00f6rperlich eingeschr\u00e4nkt sind, ihre Fahrt mit <a href=\"https:\/\/www.morgenpost.de\/berlin\/bus-berlin\/\" target=\"_blank\" rel=\"nofollow noopener\">Bus<\/a> oder <a href=\"https:\/\/www.morgenpost.de\/berlin\/u-bahn-berlin\/\" target=\"_blank\" rel=\"nofollow noopener\">Bahn<\/a> zum Beispiel aufgrund eines ausgefallenen oder nicht vorhandenen Aufzugs nicht fortsetzen k\u00f6nnen, k\u00f6nnen sie das BAV-Kundencenter\u00a0unter der Nummer (030) 25 41 44 44\u00a0anrufen. <\/p>\n<p class=\"expressive-copy-lg-body\">In einem n\u00e4chsten Schritt beraten die Mitarbeiter die Fahrg\u00e4ste, ob eine barrierefreie Umfahrung mit dem Nahverkehr m\u00f6glich ist. Sollte das nicht der Fall sein, wird ein geeignetes Taxi organisiert. Dieses bringt den Fahrgast direkt zu einer geeigneten barrierefreien Station oder Haltestelle. <\/p>\n<p>  Das sind die Vorteile des neuen Fahrdienstes BAV:<\/p>\n<ul class=\"[[data-group=summary]_&amp;]:my-0 my-10 [h3+&amp;]:mt-0 expressive-copy-lg\">\n<li>Durchschnittliche Wartezeit verk\u00fcrzt sich: Etwa 10 Minuten (BVG Muva: rund 22 Minuten)<\/li>\n<li>Deutlich h\u00f6here Fahrzeugverf\u00fcgbarkeit durch Einbindung des Taxigewerbes<\/li>\n<\/ul>\n<p>Muva-Rufbusse wegen hoher Fixkosten eingestellt<\/p>\n<p class=\"expressive-copy-lg-body\">Der Fahrdienst BVG Muva war im Herbst 2022 gestartet. Laut der Senatsverwaltung f\u00fcr Verkehr habe er zur \u201eErprobung eines erg\u00e4nzenden Fahrdienstes zur Sicherung vollst\u00e4ndiger Barrierefreiheit im \u00d6PNV\u201c gedient. Mit dem Abschluss habe im vergangenen Jahr aber festgestanden, dass eine L\u00f6sung f\u00fcr die sehr hohen Fixkosten der Fahrzeugflotte des BVG gefunden werden m\u00fcsse. Nun geht es also mit dem BAV f\u00fcr die Fahrg\u00e4ste weiter. <\/p>\n","protected":false},"excerpt":{"rendered":"Bald sind die Muva-Rufbusse der Berliner Verkehrsbetriebe (BVG) aus dem Stadtbild der Hauptstadt verschwunden. Das Angebot endet am&hellip;\n","protected":false},"author":2,"featured_media":786975,"comment_status":"","ping_status":"","sticky":false,"template":"","format":"standard","meta":{"footnotes":"","_share_on_mastodon":"0"},"categories":[1825],"tags":[1941,1939,296,1937,29,30,1940,1938],"class_list":["post-786974","post","type-post","status-publish","format-standard","has-post-thumbnail","category-berlin","tag-aktuelle-nachrichten-aus-berlin","tag-aktuelle-news-aus-berlin","tag-berlin","tag-berlin-news","tag-deutschland","tag-germany","tag-nachrichten-aus-berlin","tag-news-aus-berlin"],"share_on_mastodon":{"url":"https:\/\/pubeurope.com\/@de\/116047227536789687","error":""},"_links":{"self":[{"href":"https:\/\/www.europesays.com\/de\/wp-json\/wp\/v2\/posts\/786974","targetHints":{"allow":["GET"]}}],"collection":[{"href":"https:\/\/www.europesays.com\/de\/wp-json\/wp\/v2\/posts"}],"about":[{"href":"https:\/\/www.europesays.com\/de\/wp-json\/wp\/v2\/types\/post"}],"author":[{"embeddable":true,"href":"https:\/\/www.europesays.com\/de\/wp-json\/wp\/v2\/users\/2"}],"replies":[{"embeddable":true,"href":"https:\/\/www.europesays.com\/de\/wp-json\/wp\/v2\/comments?post=786974"}],"version-history":[{"count":0,"href":"https:\/\/www.europesays.com\/de\/wp-json\/wp\/v2\/posts\/786974\/revisions"}],"wp:featuredmedia":[{"embeddable":true,"href":"https:\/\/www.europesays.com\/de\/wp-json\/wp\/v2\/media\/786975"}],"wp:attachment":[{"href":"https:\/\/www.europesays.com\/de\/wp-json\/wp\/v2\/media?parent=786974"}],"wp:term":[{"taxonomy":"category","embeddable":true,"href":"https:\/\/www.europesays.com\/de\/wp-json\/wp\/v2\/categories?post=786974"},{"taxonomy":"post_tag","embeddable":true,"href":"https:\/\/www.europesays.com\/de\/wp-json\/wp\/v2\/tags?post=786974"}],"curies":[{"name":"wp","href":"https:\/\/api.w.org\/{rel}","templated":true}]}}