{"id":786982,"date":"2026-02-10T16:18:12","date_gmt":"2026-02-10T16:18:12","guid":{"rendered":"https:\/\/www.europesays.com\/de\/786982\/"},"modified":"2026-02-10T16:18:12","modified_gmt":"2026-02-10T16:18:12","slug":"cdu-und-spd-wollen-winterdienst-in-berlin-reformieren","status":"publish","type":"post","link":"https:\/\/www.europesays.com\/de\/786982\/","title":{"rendered":"CDU und SPD wollen Winterdienst in Berlin reformieren"},"content":{"rendered":"<p>Im Detail sind CDU und SPD mit ihren Forderungen allerdings deutlich zur\u00fcckhaltender als das, was in der SPD-Fraktion zuvor diskutiert wurde. Dort gibt es gro\u00dfe Sympathie f\u00fcr viel weitreichendere \u00c4nderungen als nun absehbar sind.<\/p>\n<p>Die Sozialdemokraten w\u00fcrden gerne den Flickenteppich beim Winterdienst beenden. Bisher \u00e4ndert sich die Zust\u00e4ndigkeit f\u00fcr die R\u00e4umpflicht auf verschiedenen Abschnitten eines Gehwegs oft alle 50 Meter. H\u00e4ufig werden jeweils unterschiedliche R\u00e4umdienste beauftragt. In der Praxis wird die R\u00e4umpflicht zum Teil au\u00dferdem nicht eingehalten, die Gehwege sind abschnittsweise gar nicht ger\u00e4umt. Wer f\u00fcr welchen Abschnitt verantwortlich ist, wissen h\u00e4ufig nicht mal diejenigen, die in der Stra\u00dfe wohnen.<\/p>\n<p>Die SPD hatte sich daher bei internen Beratungen des Themas f\u00fcr eine st\u00e4rkere Rolle der Berliner Stadtreinigung (BSR) bei der Organisation des Winterdienstes auch auf den Gehwegen ausgesprochen.<\/p>\n<p>Au\u00dferdem k\u00f6nnen die SPD-Abgeordneten der Idee viel abgewinnen, den Winterdienst nach dem Prinzip der Bezirksschornsteinfeger zu organisieren. Danach w\u00e4re \u00e4hnlich wie bei den Kehrbezirken jeder R\u00e4umdienst f\u00fcr die Gehwege in einem bestimmten Gebiet zust\u00e4ndig. Das hatte <a data-doctype=\"beitrag\" href=\"https:\/\/www.rbb24.de\/panorama\/beitrag\/2026\/01\/debatte-streusalz-fusswege-fuss-e-v--roland-stimpel-glatteis-raeumung-berlin.html\" rel=\"nofollow noopener\" target=\"_blank\">auch der Fachverband Fu\u00dfverkehr (Fuss e.V.) empfohlen<\/a>. Die Kosten w\u00fcrden weiterhin die Grundst\u00fcckseigent\u00fcmer \u00fcbernehmen.<\/p>\n","protected":false},"excerpt":{"rendered":"Im Detail sind CDU und SPD mit ihren Forderungen allerdings deutlich zur\u00fcckhaltender als das, was in der SPD-Fraktion&hellip;\n","protected":false},"author":2,"featured_media":786983,"comment_status":"","ping_status":"","sticky":false,"template":"","format":"standard","meta":{"footnotes":"","_share_on_mastodon":"0"},"categories":[1825],"tags":[296,29,30,134296],"class_list":["post-786982","post","type-post","status-publish","format-standard","has-post-thumbnail","category-berlin","tag-berlin","tag-deutschland","tag-germany","tag-rbb24tagesschau"],"share_on_mastodon":{"url":"https:\/\/pubeurope.com\/@de\/116047243328262573","error":""},"_links":{"self":[{"href":"https:\/\/www.europesays.com\/de\/wp-json\/wp\/v2\/posts\/786982","targetHints":{"allow":["GET"]}}],"collection":[{"href":"https:\/\/www.europesays.com\/de\/wp-json\/wp\/v2\/posts"}],"about":[{"href":"https:\/\/www.europesays.com\/de\/wp-json\/wp\/v2\/types\/post"}],"author":[{"embeddable":true,"href":"https:\/\/www.europesays.com\/de\/wp-json\/wp\/v2\/users\/2"}],"replies":[{"embeddable":true,"href":"https:\/\/www.europesays.com\/de\/wp-json\/wp\/v2\/comments?post=786982"}],"version-history":[{"count":0,"href":"https:\/\/www.europesays.com\/de\/wp-json\/wp\/v2\/posts\/786982\/revisions"}],"wp:featuredmedia":[{"embeddable":true,"href":"https:\/\/www.europesays.com\/de\/wp-json\/wp\/v2\/media\/786983"}],"wp:attachment":[{"href":"https:\/\/www.europesays.com\/de\/wp-json\/wp\/v2\/media?parent=786982"}],"wp:term":[{"taxonomy":"category","embeddable":true,"href":"https:\/\/www.europesays.com\/de\/wp-json\/wp\/v2\/categories?post=786982"},{"taxonomy":"post_tag","embeddable":true,"href":"https:\/\/www.europesays.com\/de\/wp-json\/wp\/v2\/tags?post=786982"}],"curies":[{"name":"wp","href":"https:\/\/api.w.org\/{rel}","templated":true}]}}