{"id":787026,"date":"2026-02-10T16:42:10","date_gmt":"2026-02-10T16:42:10","guid":{"rendered":"https:\/\/www.europesays.com\/de\/787026\/"},"modified":"2026-02-10T16:42:10","modified_gmt":"2026-02-10T16:42:10","slug":"falschparker-im-visier-so-geht-es-mit-dem-scan-auto-weiter","status":"publish","type":"post","link":"https:\/\/www.europesays.com\/de\/787026\/","title":{"rendered":"Falschparker im Visier: So geht es mit dem Scan-Auto weiter"},"content":{"rendered":"<p><a href=\"https:\/\/www.swr.de\/swraktuell\/baden-wuerttemberg\/mannheim\/scan-auto-test-falschparken-100.html\" class=\"link link-inline inline-link\" title=\"Nach Probephase in Heidelberg - Scan-Auto gegen Falschparker: Testbetrieb in Mannheim ist gestartet\" rel=\"nofollow noopener\" target=\"_blank\">Von Anfang November bis Mitte Dezember wurde das Scan-Fahrzeug im Stadtteil Neckarstadt eingesetzt.<\/a> Vier Mitarbeiter sind t\u00e4glich mit ihm unterwegs gewesen. Getestet wurde etwa der Scan von ordnungswidrig parkenden Autos vor Ausfahrten oder in Kreuzungen. An einem Tag sind die dabei entdeckten Verst\u00f6\u00dfe tats\u00e4chlich geahndet worden &#8211; 45 Ordnungswidrigkeiten konnten dabei festgestellt werden. Laut Stadt Mannheim sollen in einem m\u00f6glichen Regelbetrieb zehn Mal so viele Falschparker am Tag erfasst werden. <\/p>\n<p>Scan-Auto kommt &#8211; wenn die Gesetzeslage stimmt<\/p>\n<p>Laut dem Mannheimer B\u00fcrgermeister Volker Proffen (CDU) wartet man in der Verwaltung nur noch auf ein ein Bundesgesetz, das den Einsatz des Fahrzeugs regele. Dann k\u00f6nne man den entsprechenden Auftrag ausschreiben. Man rechne noch in diesem Jahr mit dem Gesetz. Ziel des Einsatzes von Scan-Fahrzeugen sei es, &#8222;die Verkehrsdisziplin zu steigern&#8220;, so Proffen. Ein Mannheimer Scan-Auto solle dann in Stadtteilen mit &#8222;hohem Parkdruck&#8220; eingesetzt werden.<\/p>\n<p>Lehren aus Mannheimer Pilotprojekt<\/p>\n<p>W\u00e4hrend der Testphase sind laut dem B\u00fcrgermeister auch Schwachstellen der Scan-Autos aufgedeckt worden. So sei der Betrieb bei Dunkelheit noch ausbauf\u00e4hig gewesen, zudem konnten nicht alle Kennzeichen richtig erfasst werden. Diese Fehler seien aber im laufenden Testbetrieb weitestgehend gel\u00f6st worden. Unklarheit herrsche noch bei der Erfassung von Behindertenausweisen &#8211; hier arbeite man aber ebenfalls an einem L\u00f6sungskonzept. Mitarbeiter sollen laut Angaben der Stadt nicht durch das Fahrzeug ersetzt werden.<\/p>\n","protected":false},"excerpt":{"rendered":"Von Anfang November bis Mitte Dezember wurde das Scan-Fahrzeug im Stadtteil Neckarstadt eingesetzt. Vier Mitarbeiter sind t\u00e4glich mit&hellip;\n","protected":false},"author":2,"featured_media":787027,"comment_status":"","ping_status":"","sticky":false,"template":"","format":"standard","meta":{"footnotes":"","_share_on_mastodon":"0"},"categories":[1845],"tags":[1634,3364,29,548,663,3934,30,13,2096,14,15,12],"class_list":["post-787026","post","type-post","status-publish","format-standard","has-post-thumbnail","category-mannheim","tag-baden-wuerttemberg","tag-de","tag-deutschland","tag-eu","tag-europa","tag-europe","tag-germany","tag-headlines","tag-mannheim","tag-nachrichten","tag-news","tag-schlagzeilen"],"share_on_mastodon":{"url":"https:\/\/pubeurope.com\/@de\/116047337612705705","error":""},"_links":{"self":[{"href":"https:\/\/www.europesays.com\/de\/wp-json\/wp\/v2\/posts\/787026","targetHints":{"allow":["GET"]}}],"collection":[{"href":"https:\/\/www.europesays.com\/de\/wp-json\/wp\/v2\/posts"}],"about":[{"href":"https:\/\/www.europesays.com\/de\/wp-json\/wp\/v2\/types\/post"}],"author":[{"embeddable":true,"href":"https:\/\/www.europesays.com\/de\/wp-json\/wp\/v2\/users\/2"}],"replies":[{"embeddable":true,"href":"https:\/\/www.europesays.com\/de\/wp-json\/wp\/v2\/comments?post=787026"}],"version-history":[{"count":0,"href":"https:\/\/www.europesays.com\/de\/wp-json\/wp\/v2\/posts\/787026\/revisions"}],"wp:featuredmedia":[{"embeddable":true,"href":"https:\/\/www.europesays.com\/de\/wp-json\/wp\/v2\/media\/787027"}],"wp:attachment":[{"href":"https:\/\/www.europesays.com\/de\/wp-json\/wp\/v2\/media?parent=787026"}],"wp:term":[{"taxonomy":"category","embeddable":true,"href":"https:\/\/www.europesays.com\/de\/wp-json\/wp\/v2\/categories?post=787026"},{"taxonomy":"post_tag","embeddable":true,"href":"https:\/\/www.europesays.com\/de\/wp-json\/wp\/v2\/tags?post=787026"}],"curies":[{"name":"wp","href":"https:\/\/api.w.org\/{rel}","templated":true}]}}