{"id":787130,"date":"2026-02-10T17:35:11","date_gmt":"2026-02-10T17:35:11","guid":{"rendered":"https:\/\/www.europesays.com\/de\/787130\/"},"modified":"2026-02-10T17:35:11","modified_gmt":"2026-02-10T17:35:11","slug":"kriminalitaet-mehr-angriffe-auf-journalisten-rund-die-haelfte-in-berlin-panorama","status":"publish","type":"post","link":"https:\/\/www.europesays.com\/de\/787130\/","title":{"rendered":"Kriminalit\u00e4t &#8211; Mehr Angriffe auf Journalisten &#8211; rund die H\u00e4lfte in Berlin &#8211; Panorama"},"content":{"rendered":"<p data-manual=\"paragraph\" data-schema-org-speakable=\"true\" class=\"css-1eosz7k\"><a href=\"https:\/\/www.sueddeutsche.de\/thema\/Berlin\" rel=\"nofollow noopener\" target=\"_blank\">Berlin<\/a> (dpa\/bb) &#8211; Journalisten und Medien sind zunehmend politisch motivierter Gewalt ausgesetzt &#8211; insbesondere in Berlin. Mit 406 F\u00e4llen ereigneten sich fast die H\u00e4lfte aller F\u00e4lle (818) in der Bundeshauptstadt, wie aus einer Statistik des Bundeskriminalamtes (BKA) f\u00fcr den Zeitraum vom 1. April 2024 bis 30. November 2025 hervorgeht.\u00a0<\/p>\n<p data-manual=\"paragraph\" data-schema-org-speakable=\"true\" class=\"css-1eosz7k\">Von den 89 bundesweit registrierten Gewalttaten wurden allein 51 in Berlin gez\u00e4hlt, wie weiter aus der Antwort der Bundesregierung auf eine Kleine Anfrage der Linksfraktion hervorgeht, \u00fcber die die \u201eRheinische Post\u201c berichtet. Sie wurde k\u00fcrzlich vom <a href=\"https:\/\/www.sueddeutsche.de\/thema\/Bundestag\" rel=\"nofollow noopener\" target=\"_blank\">Bundestag<\/a> ver\u00f6ffentlicht und liegt auch der dpa vor.\u00a0<\/p>\n<p>Viele Straftaten bei Demos<\/p>\n<p data-manual=\"paragraph\" data-schema-org-speakable=\"true\" class=\"css-1eosz7k\">Vor allem bei Demonstrationen kommt es regelm\u00e4\u00dfig zu Angriffen auf Medienvertreter. Das BKA erfasste in dem genannten Zeitraum bundesweit 211 Straftaten mit dem Angriffsziel \u201eMedien\u201c &#8211; davon 110 in Berlin, wo es regelm\u00e4\u00dfig wegen des Sitzes der Bundesregierung Protestkundgebungen gibt.<\/p>\n<p data-manual=\"paragraph\" data-schema-org-speakable=\"true\" class=\"css-1eosz7k\">Von den insgesamt 818 Straftaten deutschlandweit ordnet die Polizei rund ein Drittel &#8211; insgesamt 244 &#8211; dem rechten Spektrum zu, 78 dem linken. Hinter 153 F\u00e4llen sehen die Beh\u00f6rden eine ausl\u00e4ndische Ideologie, bei 31 eine religi\u00f6se. Weitere 312 Delikte laufen unter der Kategorie \u201esonstige Zuordnung\u201c. Die Zahlen wurden mit Stichtag 31. Dezember 2025 von den L\u00e4ndern an das Bundeskriminalamt gemeldet.\u00a0<\/p>\n<p>\u201eZahlen, die erschrecken\u201c\u00a0<\/p>\n<p data-manual=\"paragraph\" data-schema-org-speakable=\"true\" class=\"css-1eosz7k\">Im Vergleich zum Jahr 2023 ist das ein sp\u00fcrbarer Anstieg. Rechnet man die Zahl der Straftaten vom 1. April 2024 bis zum 30. November 2025 hoch, kommt man im Schnitt auf knapp 41 F\u00e4lle pro Monat. F\u00fcr das Jahr 2023 seien rund 290 F\u00e4lle ausgewiesen worden, das entspreche rund 24 pro Monat, berichtet die \u201eRheinische Post\u201c.<\/p>\n<p data-manual=\"paragraph\" data-schema-org-speakable=\"true\" class=\"css-1eosz7k\">David Schliesing, medienpolitischer Sprecher der Linken im Bundestag, zeigte sich alarmiert. \u201eDas Ausma\u00df an gewaltt\u00e4tigen \u00dcbergriffen und Straftaten gegen Medienschaffende erreicht ein erschreckend hohes Niveau. Bund und L\u00e4nder m\u00fcssen umgehend aktiv werden und deutlich mehr f\u00fcr den Schutz journalistischer Arbeit tun\u201c, sagte er der \u201eRheinischen Post\u201c.\u00a0<\/p>\n<p>Auch RSF berichtet von Gewalt und Einsch\u00fcchterung<\/p>\n<p data-manual=\"paragraph\" data-schema-org-speakable=\"true\" class=\"css-1eosz7k\">Die Organisation Reporter ohne Grenzen (RSF) hatte erst vergangene Woche Einsch\u00fcchterung und Gewalt gegen Journalisten in <a href=\"https:\/\/www.sueddeutsche.de\/thema\/Deutschland\" rel=\"nofollow noopener\" target=\"_blank\">Deutschland<\/a> beklagt. Zugleich werde auch eine Delegitimierung journalistischer Arbeit von vielen Reportern als gro\u00dfe Bedrohung f\u00fcr den Journalismus wahrgenommen, hei\u00dft es in dem Bericht \u201eNahaufnahme\u201c zur Lage der Pressefreiheit in Deutschland. RSF hat f\u00fcr das Jahr 2025 insgesamt 55 Angriffe auf Medienschaffende und Redaktionen dokumentiert und verifiziert. Im Vorjahr lag die Zahl bei 89.<\/p>\n<p data-manual=\"paragraph\" data-schema-org-speakable=\"true\" class=\"css-1eosz7k\">\u00a9 dpa-infocom, dpa:260210-930-669081\/1<\/p>\n","protected":false},"excerpt":{"rendered":"Berlin (dpa\/bb) &#8211; Journalisten und Medien sind zunehmend politisch motivierter Gewalt ausgesetzt &#8211; insbesondere in Berlin. Mit 406&hellip;\n","protected":false},"author":2,"featured_media":787131,"comment_status":"","ping_status":"","sticky":false,"template":"","format":"standard","meta":{"footnotes":"","_share_on_mastodon":"0"},"categories":[1825],"tags":[296,1180,43,29,30,1584,62,1974,149],"class_list":["post-787130","post","type-post","status-publish","format-standard","has-post-thumbnail","category-berlin","tag-berlin","tag-bundestag","tag-deutscher-bundestag","tag-deutschland","tag-germany","tag-kriminalitaet","tag-medien","tag-panorama","tag-sueddeutsche-zeitung"],"share_on_mastodon":{"url":"https:\/\/pubeurope.com\/@de\/116047545907259124","error":""},"_links":{"self":[{"href":"https:\/\/www.europesays.com\/de\/wp-json\/wp\/v2\/posts\/787130","targetHints":{"allow":["GET"]}}],"collection":[{"href":"https:\/\/www.europesays.com\/de\/wp-json\/wp\/v2\/posts"}],"about":[{"href":"https:\/\/www.europesays.com\/de\/wp-json\/wp\/v2\/types\/post"}],"author":[{"embeddable":true,"href":"https:\/\/www.europesays.com\/de\/wp-json\/wp\/v2\/users\/2"}],"replies":[{"embeddable":true,"href":"https:\/\/www.europesays.com\/de\/wp-json\/wp\/v2\/comments?post=787130"}],"version-history":[{"count":0,"href":"https:\/\/www.europesays.com\/de\/wp-json\/wp\/v2\/posts\/787130\/revisions"}],"wp:featuredmedia":[{"embeddable":true,"href":"https:\/\/www.europesays.com\/de\/wp-json\/wp\/v2\/media\/787131"}],"wp:attachment":[{"href":"https:\/\/www.europesays.com\/de\/wp-json\/wp\/v2\/media?parent=787130"}],"wp:term":[{"taxonomy":"category","embeddable":true,"href":"https:\/\/www.europesays.com\/de\/wp-json\/wp\/v2\/categories?post=787130"},{"taxonomy":"post_tag","embeddable":true,"href":"https:\/\/www.europesays.com\/de\/wp-json\/wp\/v2\/tags?post=787130"}],"curies":[{"name":"wp","href":"https:\/\/api.w.org\/{rel}","templated":true}]}}