{"id":787132,"date":"2026-02-10T17:36:20","date_gmt":"2026-02-10T17:36:20","guid":{"rendered":"https:\/\/www.europesays.com\/de\/787132\/"},"modified":"2026-02-10T17:36:20","modified_gmt":"2026-02-10T17:36:20","slug":"the-dean-eroeffnet-in-berlin","status":"publish","type":"post","link":"https:\/\/www.europesays.com\/de\/787132\/","title":{"rendered":"The Dean er\u00f6ffnet in Berlin"},"content":{"rendered":"<p>The Dean Berlin \u00a9The Dean<\/p>\n<p data-start=\"362\" data-end=\"715\">Im Februar 2026 hat The Dean Berlin offiziell er\u00f6ffnet. Es ist das erste internationale Projekt der Marke ausserhalb Irlands und markiert einen wichtigen Schritt in der Expansion von The Dean. Das Hotel befindet sich in einem Geb\u00e4ude aus dem sp\u00e4ten 19. Jahrhundert in Charlottenburg, einem traditionsreichen und zugleich kreativen Stadtteil Berlins.<\/p>\n<p data-start=\"717\" data-end=\"1117\">Das Interior Design stammt von <strong>Rachael Gowdridge<\/strong> und verbindet historische Substanz mit einer progressiven, selbstbewussten \u00c4sthetik. Originale architektonische Elemente wie Holzb\u00f6den, Mosaike und Putzw\u00e4nde treffen auf kr\u00e4ftige Farben, skulpturale Leuchten und massgefertigte M\u00f6bel.<\/p>\n<p data-start=\"1119\" data-end=\"1638\">Die 81 Zimmer sind in verschiedene Kategorien gegliedert, darunter The Cosy und The Double sowie gr\u00f6ssere Zimmer, Balkonzimmer und Suiten. Charakteristisch ist der bewusst inszenierte \u00dcbergang vom farbintensiven Vorraum in das ruhig gestaltete Schlafzimmer. Hochwertige Textilien, intelligente Staurauml\u00f6sungen und sanfte Beleuchtung schaffen urbane R\u00fcckzugsorte. In den Badezimmern werden originale Fliesen mit markanten Akzenten kombiniert.<\/p>\n<p><img loading=\"lazy\" decoding=\"async\" class=\"wp-image-1416098 size-full\" src=\"https:\/\/www.europesays.com\/de\/wp-content\/uploads\/2026\/02\/e13288c2-bad4-4c0e-92ac-7bb182246fe5.webp.webp\" alt=\"\" width=\"1440\" height=\"1080\"  \/>The Dean Berlin \u00a9The Dean<br \/>\n<strong>Ein Mix aus B\u00e4ckerei, Restaurant und Bar<\/strong><\/p>\n<p data-start=\"1640\" data-end=\"2077\">Kulinarisches Zentrum des Hotels ist Benedict, eine Kombination aus B\u00e4ckerei, Restaurant und Bar. Das ganzt\u00e4gig ge\u00f6ffnete Lokal richtet sich sowohl an Hotelg\u00e4ste als auch an die lokale Bev\u00f6lkerung und setzt den Fokus auf Fr\u00fchst\u00fccks- und Brunch-Klassiker mit internationalem Einschlag. Benedict versteht sich als sozialer Treffpunkt und spiegelt den Anspruch der Marke wider, Gastfreundschaft mit Qualit\u00e4t und Zug\u00e4nglichkeit zu verbinden.<\/p>\n<p data-start=\"2079\" data-end=\"2447\">Ein weiterer Schwerpunkt liegt auf Kunst und Kultur. Mit der kuratierten Sammlung \u2018Wanderers\u2019, entwickelt vom unabh\u00e4ngigen Kurator <strong>Thom Oosterhof<\/strong>, pr\u00e4sentiert das Hotel Werke von aufstrebenden und etablierten K\u00fcnstlerinnen und K\u00fcnstlern aus Deutschland.<\/p>\n<p data-start=\"2449\" data-end=\"2680\" data-is-last-node=\"\" data-is-only-node=\"\">Das The Dean Berlin baut auf dem Erfolg der bestehenden H\u00e4user in Dublin, Cork und Galway auf. Weitere Neuer\u00f6ffnungen in M\u00fcnchen und Miami sind bereits angek\u00fcndigt und unterstreichen die internationale Wachstumsstrategie der Marke. (TI)<\/p>\n<p>                <img decoding=\"async\" src=\"https:\/\/www.europesays.com\/de\/wp-content\/uploads\/2025\/05\/1747256352_441_print.png\" style=\"float: left;\"\/><\/p>\n<p style=\"margin-left: 34px;\">Drucken<\/p>\n","protected":false},"excerpt":{"rendered":"The Dean Berlin \u00a9The Dean Im Februar 2026 hat The Dean Berlin offiziell er\u00f6ffnet. Es ist das erste&hellip;\n","protected":false},"author":2,"featured_media":787133,"comment_status":"","ping_status":"","sticky":false,"template":"","format":"standard","meta":{"footnotes":"","_share_on_mastodon":"0"},"categories":[1825],"tags":[296,29,30],"class_list":["post-787132","post","type-post","status-publish","format-standard","has-post-thumbnail","category-berlin","tag-berlin","tag-deutschland","tag-germany"],"share_on_mastodon":{"url":"https:\/\/pubeurope.com\/@de\/116047550018073389","error":""},"_links":{"self":[{"href":"https:\/\/www.europesays.com\/de\/wp-json\/wp\/v2\/posts\/787132","targetHints":{"allow":["GET"]}}],"collection":[{"href":"https:\/\/www.europesays.com\/de\/wp-json\/wp\/v2\/posts"}],"about":[{"href":"https:\/\/www.europesays.com\/de\/wp-json\/wp\/v2\/types\/post"}],"author":[{"embeddable":true,"href":"https:\/\/www.europesays.com\/de\/wp-json\/wp\/v2\/users\/2"}],"replies":[{"embeddable":true,"href":"https:\/\/www.europesays.com\/de\/wp-json\/wp\/v2\/comments?post=787132"}],"version-history":[{"count":0,"href":"https:\/\/www.europesays.com\/de\/wp-json\/wp\/v2\/posts\/787132\/revisions"}],"wp:featuredmedia":[{"embeddable":true,"href":"https:\/\/www.europesays.com\/de\/wp-json\/wp\/v2\/media\/787133"}],"wp:attachment":[{"href":"https:\/\/www.europesays.com\/de\/wp-json\/wp\/v2\/media?parent=787132"}],"wp:term":[{"taxonomy":"category","embeddable":true,"href":"https:\/\/www.europesays.com\/de\/wp-json\/wp\/v2\/categories?post=787132"},{"taxonomy":"post_tag","embeddable":true,"href":"https:\/\/www.europesays.com\/de\/wp-json\/wp\/v2\/tags?post=787132"}],"curies":[{"name":"wp","href":"https:\/\/api.w.org\/{rel}","templated":true}]}}