{"id":787135,"date":"2026-02-10T17:38:24","date_gmt":"2026-02-10T17:38:24","guid":{"rendered":"https:\/\/www.europesays.com\/de\/787135\/"},"modified":"2026-02-10T17:38:24","modified_gmt":"2026-02-10T17:38:24","slug":"berlin-feuer-in-lichtenberger-hochhaus","status":"publish","type":"post","link":"https:\/\/www.europesays.com\/de\/787135\/","title":{"rendered":"Berlin: Feuer in Lichtenberger Hochhaus"},"content":{"rendered":"<p>Berlin &#8211; <b>Ein Wohnungsbrand in einem Hochhaus an der Frankfurter Allee hat am Dienstagnachmittag einen Gro\u00dfeinsatz der <\/b><a href=\"https:\/\/www.tag24.de\/berlin\/feuerwehreinsatz-berlin\" rel=\"nofollow noopener\" target=\"_blank\">Berliner Feuerwehr<\/a><b> ausgel\u00f6st.<\/b><\/p>\n<p>            <img loading=\"lazy\" decoding=\"async\" class=\"article__img\" alt=\"In einem 21-geschossigen Wohngeb\u00e4ude stand eine Wohnung im 15. Obergeschoss in Flammen.\" width=\"951\" height=\"634\" src=\"https:\/\/www.europesays.com\/de\/wp-content\/uploads\/2026\/02\/rykn46cw7uxnsdnyty66vz6hc52sbqfo.jpg\"  \/><\/p>\n<p>            In einem 21-geschossigen Wohngeb\u00e4ude stand eine Wohnung im 15. Obergeschoss in Flammen.\u00a0\u00a0\u00a9\u00a0Berliner Feuerwehr<\/p>\n<p>Gegen 16.30 Uhr wurden die Einsatzkr\u00e4fte nach Lichtenberg alarmiert.<\/p>\n<p>Beim Eintreffen der Feuerwehr schlugen bereits Flammen aus den Fenstern, weshalb weitere Einsatzkr\u00e4fte nachgefordert wurden.<\/p>\n<p>Zwei Menschen erlitten bei dem Brand leichte Verletzungen. Sie wurden vom Rettungsdienst vor Ort untersucht, mussten aber nicht ins Krankenhaus gebracht werden.<\/p>\n<p><b>Insgesamt waren rund 50 Einsatzkr\u00e4fte ausger\u00fcckt. Die Nachl\u00f6scharbeiten dauerten am sp\u00e4ten Nachmittag noch an. Zur Brandursache und zur H\u00f6he des Schadens gab es zun\u00e4chst keine Angaben.<\/b><\/p>\n","protected":false},"excerpt":{"rendered":"Berlin &#8211; Ein Wohnungsbrand in einem Hochhaus an der Frankfurter Allee hat am Dienstagnachmittag einen Gro\u00dfeinsatz der Berliner&hellip;\n","protected":false},"author":2,"featured_media":787136,"comment_status":"","ping_status":"","sticky":false,"template":"","format":"standard","meta":{"footnotes":"","_share_on_mastodon":"0"},"categories":[1825],"tags":[296,29,30],"class_list":["post-787135","post","type-post","status-publish","format-standard","has-post-thumbnail","category-berlin","tag-berlin","tag-deutschland","tag-germany"],"share_on_mastodon":{"url":"https:\/\/pubeurope.com\/@de\/116047557793002206","error":""},"_links":{"self":[{"href":"https:\/\/www.europesays.com\/de\/wp-json\/wp\/v2\/posts\/787135","targetHints":{"allow":["GET"]}}],"collection":[{"href":"https:\/\/www.europesays.com\/de\/wp-json\/wp\/v2\/posts"}],"about":[{"href":"https:\/\/www.europesays.com\/de\/wp-json\/wp\/v2\/types\/post"}],"author":[{"embeddable":true,"href":"https:\/\/www.europesays.com\/de\/wp-json\/wp\/v2\/users\/2"}],"replies":[{"embeddable":true,"href":"https:\/\/www.europesays.com\/de\/wp-json\/wp\/v2\/comments?post=787135"}],"version-history":[{"count":0,"href":"https:\/\/www.europesays.com\/de\/wp-json\/wp\/v2\/posts\/787135\/revisions"}],"wp:featuredmedia":[{"embeddable":true,"href":"https:\/\/www.europesays.com\/de\/wp-json\/wp\/v2\/media\/787136"}],"wp:attachment":[{"href":"https:\/\/www.europesays.com\/de\/wp-json\/wp\/v2\/media?parent=787135"}],"wp:term":[{"taxonomy":"category","embeddable":true,"href":"https:\/\/www.europesays.com\/de\/wp-json\/wp\/v2\/categories?post=787135"},{"taxonomy":"post_tag","embeddable":true,"href":"https:\/\/www.europesays.com\/de\/wp-json\/wp\/v2\/tags?post=787135"}],"curies":[{"name":"wp","href":"https:\/\/api.w.org\/{rel}","templated":true}]}}