{"id":787164,"date":"2026-02-10T17:54:14","date_gmt":"2026-02-10T17:54:14","guid":{"rendered":"https:\/\/www.europesays.com\/de\/787164\/"},"modified":"2026-02-10T17:54:14","modified_gmt":"2026-02-10T17:54:14","slug":"so-lief-das-debuet-des-delmenhorsters-omar-sillah-fuer-alemannia-aachen","status":"publish","type":"post","link":"https:\/\/www.europesays.com\/de\/787164\/","title":{"rendered":"So lief das Deb\u00fct des Delmenhorsters Omar Sillah f\u00fcr Alemannia Aachen"},"content":{"rendered":"<ul>\n<li>Omar Sillah wurde am &#8222;Deadline Day&#8220; von SpVgg Greuther F\u00fcrth bis zum Saisonende an Alemannia Aachen ausgeliehen, um dort mehr Spielpraxis in der dritten Liga zu sammeln.<\/li>\n<li>Bei seinem Deb\u00fct f\u00fcr Aachen wurde Sillah am vergangenen Sonntag gegen Rot-Wei\u00df Essen in der 77. Minute eingewechselt und erlebte ein 3:3 nach vorheriger Aachener F\u00fchrung.<\/li>\n<li>Im Testspiel gegen FC Eindhoven erzielte Sillah am Montag nach einem Torwartfehler das zwischenzeitliche 2:0 f\u00fcr Aachen, die Partie endete mit einem 4:1-Sieg f\u00fcr Alemannia.<\/li>\n<\/ul>\n<p>            Mehr anzeigen<br \/>\n            Weniger anzeigen<\/p>\n<p> Wie schnelllebig der Profifu\u00dfball ist, hat Omar Sillah in den vergangenen Wochen erfahren. Am 31. Januar sa\u00df der St\u00fcrmer aus Delmenhorst noch beim Zweitligisten SpVgg Greuther F\u00fcrth auf der Bank, als seine Mannschaft mit 2:1 bei Holstein Kiel gewann. Zwei Tage sp\u00e4ter war der 22-J\u00e4hrige dann pl\u00f6tzlich kein Kleeblatt mehr. Abstiegskampf in der dritten statt in der zweiten Liga hei\u00dft es seitdem f\u00fcr Sillah, der bis zum Saisonende an Alemannia Aachen ausgeliehen ist. Auf den letzten Dr\u00fccker wurde dieser Wechsel am &#8222;Deadline Day&#8220; perfekt gemacht. Sillah muss somit wieder einmal einen Umweg nehmen, doch das kennt er aus seiner bisherigen Karriere bereits.<\/p>\n<p>F\u00fcr die F\u00fcrther Profis hatte Sillah zw\u00f6lf Spiele in der 2. Bundesliga bestritten und dabei einmal getroffen. Dazu kamen zwei Partien im DFB-Pokal. Seine meisten Eins\u00e4tze f\u00fcr das aktuelle Zweitliga-Schlusslicht waren aber eher kurz, das soll sich in Aachen m\u00f6glichst \u00e4ndern. &#8222;Omar konnte sein Potenzial bei uns schon andeuten. Damit er sich weiter bestm\u00f6glich entwickeln kann, ist Spielpraxis f\u00fcr den Jungen aber das A und O. Wir sind \u00fcberzeugt, dass der Schritt in die dritte Liga zu Aachen in seiner aktuellen Situation genau der richtige ist&#8220;, erl\u00e4uterte F\u00fcrths Sportdirektor Stephan F\u00fcrstner die Gr\u00fcnde f\u00fcr das Leihgesch\u00e4ft.<\/p>\n<p>Eine Etage tiefer will Sillah nun zeigen, dass er auch den F\u00fcrthern weiterhelfen kann, schlie\u00dflich steht er beim Kleeblatt noch bis 2027 unter Vertrag. &#8222;F\u00fcr mich ist es wichtig, Spielminuten zu sammeln und diese M\u00f6glichkeit habe ich mit F\u00fcrth zusammen jetzt in Aachen gefunden. Ich werde die neue Herausforderung in der dritten Liga mit vollem Einsatz angehen, um m\u00f6glichst viel auf dem Platz stehen zu k\u00f6nnen&#8220;, wurde Sillah in der Mitteilung seines Klubs zitiert.<\/p>\n<p>&#8222;Tempo, Physis und Zug zum Tor&#8220;<\/p>\n<p>In Aachen freuen sie sich derweil \u00fcber die Verst\u00e4rkung. &#8222;Wir wollten in der Offensive noch mal gezielt nachsch\u00e4rfen und mit Omar bekommen wir einen jungen, hungrigen Mittelst\u00fcrmer, der in den vergangenen Jahren eine starke Entwicklung genommen hat. Er bringt Tempo, Physis und einen klaren Zug zum Tor mit&#8220;, erkl\u00e4rte Alemannia-Gesch\u00e4ftsf\u00fchrer Rachid Azzouzi, dessen F\u00fcrther Vergangenheit bei dem Deal sicherlich hilfreich war. Sillah blickte direkt nach vorne und versprach: &#8222;Jetzt geht es f\u00fcr mich darum, mich jeden Tag zu zeigen, hart zu arbeiten und meinen Teil auf dem Platz zum Erfolg beizutragen.&#8220;<\/p>\n<p>Gro\u00dfartig Zeit zum Eingew\u00f6hnen hatte er auch nicht. Sechs Tage nach dem Last-Minute-Wechsel stand f\u00fcr die Aachener bereits das Traditionsduell gegen Rot-Wei\u00df Essen an. 28.000 Zuschauer sorgten am Tivoli f\u00fcr eine prickelnde Atmosph\u00e4re. Davon befeuert f\u00fchrte die abstiegsbedrohte Alemannia am vergangenen Sonntag zun\u00e4chst mit 3:1. In der 77. Minute wurde dann Omar Sillah eingewechselt \u2013 und musste bei seinem Deb\u00fct f\u00fcr Aachen miterleben, wie noch zwei Gegentore fielen.<\/p>\n<p>Marek Janssen bereitet Tor vor<\/p>\n<p>\n    Essens Topst\u00fcrmer Marek Janssen, einst drei Jahre lang f\u00fcr den <a href=\"https:\/\/www.weser-kurier.de\/thema\/sv-atlas-delmenhorst\/\" rel=\"nofollow noopener\" target=\"_blank\">SV Atlas Delmenhorst<\/a> aktiv, traf <a href=\"https:\/\/www.weser-kurier.de\/stadt-delmenhorst\/sport\/ex-stuermer-des-sv-atlas-delmenhorst-marek-janssen-trifft-fuer-essen-doc84eln8uihzc17n83iohs\" rel=\"nofollow noopener\" target=\"_blank\">nach vier Spielen in Folge mit mindestens einem Tor<\/a> zwar nicht selbst, trat daf\u00fcr aber als Vorbereiter in Erscheinung. Das 2:3 durch Dickson Abiama legte Janssen auf (85.). In der 89. war es wieder Abiama, dem noch das 3:3 gelang.\n<\/p>\n<p>Der Tabellenf\u00fcnfte aus Essen bejubelte den sp\u00e4ten Punktgewinn, der ihn weiterhin im Aufstiegskampf mitmischen l\u00e4sst. Der Tabellen-15. aus Aachen \u00e4rgerte sich derweil \u00fcber den verpassten Befreiungsschlag. Drei Punkte Vorsprung hat das Team von Trainer Mersad Selimbegovic derzeit auf die Abstiegsr\u00e4nge. Omar Sillah soll mit Toren dazu beitragen, dass die Sorgen am Tivoli m\u00f6glichst bald kleiner werden.<\/p>\n<p>Dass er \u00fcber einen Torriecher verf\u00fcgt, bewies der neue St\u00fcrmer direkt am Montag bei einem Testspiel gegen den niederl\u00e4ndischen Zweitligisten FC Eindhoven. In der 32. Minute stand der Delmenhorster goldrichtig und staubte nach einem Torwartfehler zum zwischenzeitlichen 2:0 ab. Am Ende siegte Aachen mit 4:1 (2:0) und sammelte Selbstvertrauen f\u00fcr die wichtige Partie beim ebenfalls abstiegsbedrohten SSV Ulm am kommenden Sonntag (16.30 Uhr).<\/p>\n<p>Anf\u00e4nge liegen beim Delmenhorster TB<\/p>\n<p>\n    F\u00fcr Omar Sillah ist die dritte Liga noch Neuland. Tore schoss der schlaksige Angreifer bislang aber \u00fcberall. Von 2009 bis 2015 waren es Treffer am Flie\u00dfband f\u00fcr den Delmenhorster TB, wo er mit dem Fu\u00dfballspielen angefangen hatte. <a href=\"https:\/\/www.weser-kurier.de\/stadt-delmenhorst\/sport\/wie-omar-sillah-es-vom-delmenhorster-tb-in-die-bundesliga-schaffte-doc82uxh56t9201jw44sekg\" rel=\"nofollow noopener\" target=\"_blank\">&#8222;Er war ein echter Torgarant&#8220;, erinnerte sich Jens D\u00fc\u00dfmann, Sillahs Trainer beim DTB.<\/a><\/p>\n<p>Die gro\u00dfen Profiklubs hatten Sillah lange nicht auf dem Zettel. Er musste einige Umwege gehen, schoss etwa 31 Saisontore in der Bremen-Liga f\u00fcr den <a href=\"https:\/\/www.weser-kurier.de\/thema\/fc-oberneuland\/\" rel=\"nofollow noopener\" target=\"_blank\">FC Oberneuland<\/a>. 2023 landete er doch noch in der U21 des Hamburger SV. 2024\/25 wurde der Delmenhorster mit 20 Treffern Torsch\u00fctzenk\u00f6nig der Regionalliga Nord, dann ging es weiter nach F\u00fcrth.<\/p>\n<p>\n    Dort musste sich Sillah die Spielzeit hart erarbeiten. Er kam in der zweiten Mannschaft zum Einsatz, sah im DFB-Pokal gegen den 1. FC Kaiserslautern innerhalb von nur drei Minuten eine ungl\u00fcckliche Gelb-Rote Karte, lie\u00df sich aber nicht entmutigen. <a href=\"https:\/\/www.weser-kurier.de\/stadt-delmenhorst\/sport\/lokalsport-kolumne-omar-sillah-schiesst-erstes-zweitliga-tor-fuer-fuerth-doc834mtqjta3ru6ydbnye\" rel=\"nofollow noopener\" target=\"_blank\">Nur vier Tage danach folgte sein erstes Zweitliga-Tor beim 1:2 gegen den SC Paderborn.<\/a> Wie lange es nun bis zum ersten Drittliga-Treffer f\u00fcr Aachen dauert, wird sich zeigen.\n<\/p>\n<p>                Diese Fragen und Antworten wurden mit KI basierend auf unseren Artikeln erstellt.<br \/>\n                <a class=\"more-btn\" href=\"https:\/\/www.weser-kurier.de\/generative-ki\/\" rel=\"nofollow noopener\" target=\"_blank\"><br \/>\n                    \u2192 Mehr Infos<br \/>\n                <\/a><\/p>\n<p>                        <a href=\"https:\/\/www.weser-kurier.de\/\" id=\"home\" class=\"button primary-primary font-size-15_1 m-0a customEvent\" data-layer-event-name=\"customEvent\" data-layer-trigger=\"click\" data-layer-category=\"artikelscoring\" data-layer-action=\"startseite_button\" data-layer-label=\"doc84iiov3u66u1ec18f1f0\" data-layer-value=\"https:\/\/www.weser-kurier.de\/stadt-delmenhorst\/sport\/1\" rel=\"nofollow noopener\" target=\"_blank\">Zur Startseite<\/a><\/p>\n","protected":false},"excerpt":{"rendered":"Omar Sillah wurde am &#8222;Deadline Day&#8220; von SpVgg Greuther F\u00fcrth bis zum Saisonende an Alemannia Aachen ausgeliehen, um&hellip;\n","protected":false},"author":2,"featured_media":787165,"comment_status":"","ping_status":"","sticky":false,"template":"","format":"standard","meta":{"footnotes":"","_share_on_mastodon":"0"},"categories":[1853],"tags":[1424,3364,29,548,663,3934,30,13,14,15,1209,12],"class_list":["post-787164","post","type-post","status-publish","format-standard","has-post-thumbnail","category-aachen","tag-aachen","tag-de","tag-deutschland","tag-eu","tag-europa","tag-europe","tag-germany","tag-headlines","tag-nachrichten","tag-news","tag-nordrhein-westfalen","tag-schlagzeilen"],"share_on_mastodon":{"url":"https:\/\/pubeurope.com\/@de\/116047620592849471","error":""},"_links":{"self":[{"href":"https:\/\/www.europesays.com\/de\/wp-json\/wp\/v2\/posts\/787164","targetHints":{"allow":["GET"]}}],"collection":[{"href":"https:\/\/www.europesays.com\/de\/wp-json\/wp\/v2\/posts"}],"about":[{"href":"https:\/\/www.europesays.com\/de\/wp-json\/wp\/v2\/types\/post"}],"author":[{"embeddable":true,"href":"https:\/\/www.europesays.com\/de\/wp-json\/wp\/v2\/users\/2"}],"replies":[{"embeddable":true,"href":"https:\/\/www.europesays.com\/de\/wp-json\/wp\/v2\/comments?post=787164"}],"version-history":[{"count":0,"href":"https:\/\/www.europesays.com\/de\/wp-json\/wp\/v2\/posts\/787164\/revisions"}],"wp:featuredmedia":[{"embeddable":true,"href":"https:\/\/www.europesays.com\/de\/wp-json\/wp\/v2\/media\/787165"}],"wp:attachment":[{"href":"https:\/\/www.europesays.com\/de\/wp-json\/wp\/v2\/media?parent=787164"}],"wp:term":[{"taxonomy":"category","embeddable":true,"href":"https:\/\/www.europesays.com\/de\/wp-json\/wp\/v2\/categories?post=787164"},{"taxonomy":"post_tag","embeddable":true,"href":"https:\/\/www.europesays.com\/de\/wp-json\/wp\/v2\/tags?post=787164"}],"curies":[{"name":"wp","href":"https:\/\/api.w.org\/{rel}","templated":true}]}}