{"id":787166,"date":"2026-02-10T17:55:11","date_gmt":"2026-02-10T17:55:11","guid":{"rendered":"https:\/\/www.europesays.com\/de\/787166\/"},"modified":"2026-02-10T17:55:11","modified_gmt":"2026-02-10T17:55:11","slug":"sportler-des-jahres-in-kiel-hattrick-fuer-domagoj-duvnjak-und-premiere-fuer-rasmus-ankermann","status":"publish","type":"post","link":"https:\/\/www.europesays.com\/de\/787166\/","title":{"rendered":"Sportler des Jahres in Kiel: Hattrick f\u00fcr Domagoj Duvnjak und Premiere f\u00fcr Rasmus Ankermann"},"content":{"rendered":"<p><strong>Dule liebt Kiel<\/strong><\/p>\n<p><img loading=\"lazy\" decoding=\"async\" class=\"lazy lazy-hidden alignright size-medium wp-image-48163\" data-lazy-type=\"image\" src=\"https:\/\/www.europesays.com\/de\/wp-content\/uploads\/2026\/02\/25_sdj_titel_EmilDUle-300x197.jpg\" alt=\"Zwei m\u00e4nnliche Athleten in wei\u00dfen Trikots l\u00e4cheln und feiern gemeinsam auf einem Sportplatz, wobei der eine seine Hand auf die Schulter des anderen legt. Im Hintergrund sind unscharfe Zuschauer zu sehen.\" width=\"300\" height=\"197\"  \/>&#8222;Es ist ein Privileg, in diese Riege aufgestiegen zu sein&#8220;, sagte Duvnjak in den Kieler Nachrichten mit Blick auf die THW-Legenden Magnus Wislander, Henning Fritz, Nikola Karabatic, Filip Jicha und Niklas Landin, die ebenfalls (mindestens) dreimal in Serie zu Kiels Nummer eins gew\u00e4hlt wurden. An Weihnachten revanchierte sich der R\u00fcckraumspieler bei den Kielerinnen und Kielern, verk\u00fcndete nach zw\u00f6lf Jahren im Zebra-Trikot mit der Nummer 4 den Nachschlag um ein weiteres Jahr. &#8222;Auch wenn ich irgendwann auf Kr\u00fccken aufs Feld laufe &#8211; ich liebe diesen Verein, ich liebe diese Stadt&#8220;, hatte Duvnjak unter dem Jubel der Fans bei der Verk\u00fcndung seiner Verl\u00e4ngerung gesagt. Heute unterstreicht er das noch einmal im Gespr\u00e4ch mit den KN: &#8222;Das Herz und die Familie haben f\u00fcr Kiel entschieden.&#8220;<\/p>\n","protected":false},"excerpt":{"rendered":"Dule liebt Kiel &#8222;Es ist ein Privileg, in diese Riege aufgestiegen zu sein&#8220;, sagte Duvnjak in den Kieler&hellip;\n","protected":false},"author":2,"featured_media":787167,"comment_status":"","ping_status":"","sticky":false,"template":"","format":"standard","meta":{"footnotes":"","_share_on_mastodon":"0"},"categories":[1852],"tags":[3364,29,548,663,3934,30,13,4949,14,15,12,1971],"class_list":["post-787166","post","type-post","status-publish","format-standard","has-post-thumbnail","category-kiel","tag-de","tag-deutschland","tag-eu","tag-europa","tag-europe","tag-germany","tag-headlines","tag-kiel","tag-nachrichten","tag-news","tag-schlagzeilen","tag-schleswig-holstein"],"share_on_mastodon":{"url":"https:\/\/pubeurope.com\/@de\/116047624626024770","error":""},"_links":{"self":[{"href":"https:\/\/www.europesays.com\/de\/wp-json\/wp\/v2\/posts\/787166","targetHints":{"allow":["GET"]}}],"collection":[{"href":"https:\/\/www.europesays.com\/de\/wp-json\/wp\/v2\/posts"}],"about":[{"href":"https:\/\/www.europesays.com\/de\/wp-json\/wp\/v2\/types\/post"}],"author":[{"embeddable":true,"href":"https:\/\/www.europesays.com\/de\/wp-json\/wp\/v2\/users\/2"}],"replies":[{"embeddable":true,"href":"https:\/\/www.europesays.com\/de\/wp-json\/wp\/v2\/comments?post=787166"}],"version-history":[{"count":0,"href":"https:\/\/www.europesays.com\/de\/wp-json\/wp\/v2\/posts\/787166\/revisions"}],"wp:featuredmedia":[{"embeddable":true,"href":"https:\/\/www.europesays.com\/de\/wp-json\/wp\/v2\/media\/787167"}],"wp:attachment":[{"href":"https:\/\/www.europesays.com\/de\/wp-json\/wp\/v2\/media?parent=787166"}],"wp:term":[{"taxonomy":"category","embeddable":true,"href":"https:\/\/www.europesays.com\/de\/wp-json\/wp\/v2\/categories?post=787166"},{"taxonomy":"post_tag","embeddable":true,"href":"https:\/\/www.europesays.com\/de\/wp-json\/wp\/v2\/tags?post=787166"}],"curies":[{"name":"wp","href":"https:\/\/api.w.org\/{rel}","templated":true}]}}