{"id":787180,"date":"2026-02-10T18:03:11","date_gmt":"2026-02-10T18:03:11","guid":{"rendered":"https:\/\/www.europesays.com\/de\/787180\/"},"modified":"2026-02-10T18:03:11","modified_gmt":"2026-02-10T18:03:11","slug":"vielfalt-glamour-und-klare-haltung-regenbogensitzung-der-loewenjaeger","status":"publish","type":"post","link":"https:\/\/www.europesays.com\/de\/787180\/","title":{"rendered":"Vielfalt, Glamour und klare Haltung: Regenbogensitzung der L\u00f6wenj\u00e4ger"},"content":{"rendered":"<p><b>Regenbogensitzung der L\u00f6wenj\u00e4ger<\/b><br \/>Ein Laufsteg mitten im Kulturhaus K\u00e4fertal? Das kann nur eines bedeuten: Die legend\u00e4re Regenbogensitzung der L\u00f6wenj\u00e4ger, oft kopiert, nie erreicht, startete mit dem Erkennungslied \u201eRegenbogenfahnen\u201c, gesungen von Jeannette Friedrich im glitzernden Abendkleid und flankiert von zwei wehenden Regenbogenfahnen in einen bunten schillernden Abend. Und noch bevor Senatspr\u00e4sident Thomas Hamsch und Vizepr\u00e4sident Mark Engels die bunt und fantasievoll maskierten G\u00e4ste offiziell begr\u00fc\u00dfen konnten, stand bereits der gesamte Saal Kopf. Erst recht, als das auf Lebenszeit gew\u00e4hlte Prinzenpaar der Regenbogensitzung Sabine Klotz und Panajotis \u201eJoti\u201c Neuert mit dem Zuruf \u201eOhne euch g\u00e4be es keine Regenbogensitzung. Wenn nicht hier, wo dann?!\u201c die B\u00fchne betraten. Sabine Klotz erg\u00e4nzte, dass das Format der Regenbogensitzung so toll sei, weil hier alle so sein d\u00fcrfen wie sie sind. Die Idee einer etwas anderen Fasnachtssitzung seinerzeit, genauer vor 10 Jahren, hatte mit zahlreichen Vorurteilen zu k\u00e4mpfen und wurde als niveaulos, stillos und ohne Zukunftschancen abgetan. Der Erfolg hat allen Kritikern zum Trotz eines Besseren gelehrt! Die ernste Botschaft des Regenbogenprinzenpaares des letzten Jahres hat leider auch heute noch immer bittere Relevanz: \u201eDiese Form einer vorurteilsfreien Sitzung bedeutet ein Statement f\u00fcr Vielfalt statt Einfalt und das Bekenntnis zur eigenen freien sexuellen Orientierung, als Privileg einer toleranten Gesellschaft muss erhalten bleiben, denn noch immer werde sie in zahllosen L\u00e4ndern mit heftigen Strafen verfolgt.\u201c Sabine Klotz \u00fcberreichte ihrem Prinzen f\u00fcr ihr gemeinsames Jubil\u00e4um 10 Jahre \u201eEx-Prinzenpaar\u201c und 10 Jahre Regenbogenprinzenpaar eine rote Rose.<br \/>W\u00e4hrenddessen lieb\u00e4ugelte Vizepr\u00e4sident Mark Engels mit dem Laufsteg, fantasierte von einem \u201eNext Topmodel\u201c-Format  f\u00fcr BestAger und machte bei seinem Laufstegdebut so gar keine schlechte Figur.<br \/>Die schillernde Fanny Davis bereicherte im Laufe des Abends, gemeinsam mit Ehepartner Marco, beide bekannt aus der Travestieshow Chapeau Claque aus dem Raum Baden-Baden, den Abend ebenso wie das Gesangsduo NaSt\u00e9 mit Nadja Leswinski und Stefan R\u00f6ger mit einem bunten Potpourri an Schlager- und Stimmungsliedern.<br \/>Ihr ideenreiches Debut gab an diesem Abend Lily aus Kassel alias Guido Klade. Sie schwadronierte von den Vorteilen eines Thermomix, ging \u00fcber zu  einem Krankenschwester-Medley, \u00fcberzeugte sich, dass das Publikum Werbeslogans textsicher mitsingen konnte und verabschiedete sich schlie\u00dflich mit einem bunten Strau\u00df aus Blumenliedern, von den wei\u00dfen Rosen aus Athen, \u00fcber den blauen Enzian und den Tulpen aus Amsterdam. Hambsch und das Publikum sind sich einig. Lily darf n\u00e4chstes Jahr wiederkommen.<br \/>An diesem Abend durften die L\u00f6wenj\u00e4ger einmal mehr einen immer wieder gern gesehenen besonderen Gast und Sponsor begr\u00fc\u00dfen, Gregor Spachmann, Gesch\u00e4ftsf\u00fchrer von Radio Regenbogen und Mitinitiator des Zirkus Palazzo, der aus seinem Palazzo-Spiegelpalast mal wieder einen besonderen Augenschmaus \u2013 insbesondere f\u00fcr die anwesenden Frauen &#8211; mitbrachte. Zwei der drei Messoudi-Brothers begeisterten mit einer flotten \u201eStriptease-Jonglage\u201c, bevor Thomas Hamsch in der Zugabe enorme Kraft bewies und einem der beiden als Untermann f\u00fcr eine astreine Handstandakrobatik diente.<br \/>Nach der Pause begeisterte die ber\u00fchmteste Dragqueen der Region Celine Bouvier alias Markus Beisel mit der Hymne \u201eThis is me\u201c aus dem Musical \u201eThe greatest Showman\u201c und stellte nicht ganz ernstgemeinte \u00dcberlegungen an \u00fcber etwaige Nachwuchsprobleme des Feuerio bei der Suche nach geeigneten Fasnachtsprinzen, nachdem der Feuerio ja nun in den letzten Jahren schon die Besten der Besten engagiert hatte.<br \/>Aber auch die L\u00f6wenj\u00e4ger bewiesen, dass sie auf der Suche nach tollen M\u00e4nnern gar nicht so weit suchen m\u00fcssen. Das M\u00e4nnerballett &#8211; mit einzigem \u201eweiblichen\u201c Wesen Elferrat Holger Vierling in ihrer Mitte \u2013 zeigten mit Lederhose gekleidet sowie mit Bier, Zelt und Lagerfeuer bewaffnet, ihre wahre Freude am Campen im Wald, trotz aufkommendem Gewitter. Die zwerchfell-strapazierende Darbietung stammte aus der Mottoshow \u201eSommer, Sonne, Holiday\u201c. Ebenso der \u201eturbulente\u201c schwungvolle Showtanz der Offiziersgarde auf dem Flug 0815 und die lehrreichen Ausf\u00fchrungen aus der \u201eWelt der Tiere\u201c \u00fcber die Spezies \u201eGermanicus Touristicus\u201c (k\u00f6stlich: Christian Adamczak im Liegestuhl), die vorwiegend auf Mallorca anzutreffen ist und durch territoriales (Balz-)Verhalten und ausgepr\u00e4gtes Fl\u00fcssigkeitsauff\u00fcllungsverhalten insbesondere in Form von Bier auff\u00e4llt.<br \/>Nachdem Jeannette Friedrich und schlie\u00dflich Chapeau Claque noch einmal so richtig mit einem Schlager-Medley eingeheizt und zum Mitsingen und -tanzen eingeladen hatten, k\u00fcndigte sich das diesj\u00e4hrige Stadtprinzenpaar Nadine II und Fabian I an, um den Rest des Abends zu bleiben. Sie f\u00fchlen sich hier sichtlich wohl. Denn, so best\u00e4tigte Prinz Fabian I in einem MM-Podcast, dass hier Menschen zusammenk\u00e4men, die sonst so nie aufeinandertreffen w\u00fcrden. Wie wahr! Und dann wurde es doch noch einmal so richtig still im Saal f\u00fcr eine Schweigeminute, f\u00fcr einen ganz besonderes Menschen. Auf den Tag genau vor zwei Jahren starb Dolores von Cartier alias Alexander Rohr vom Mannheimer Szene-Caf\u00e9 Klatsch, lediglich eine Woche nach ihrem Auftritt bei der Regenbogensitzung.<br \/>Hambsch nutzte die Gunst der Stunde, auch einmal dem \u201eTeam Prinzenpaar\u201c zu danken, all denen, die \u00fcber Wochen hinweg das Prinzenpaar auf ihren zahllosen Terminen begleiteten und manche nicht zuletzt auch Teile ihres (Jahres-)Urlaub opferten. Als Dankesch\u00f6n lud er die gesamte Entourage zum n\u00e4chsten L\u00f6wenj\u00e4ger Spargelfest im Mai ein und versprach, ihnen exklusiv einen Tisch zu reservieren. Welche gro\u00dfz\u00fcgige Geste und Anerkennung f\u00fcr dieses stille Engagement.<br \/>Bevor sich beim gro\u00dfen bunten Finale alle Aktiven auf der B\u00fchne zu einem bunten Bild einfanden, um anschlie\u00dfend in der Bar weiterzufeiern, gaben sich als letzten H\u00f6hepunkt die drei S\u00e4nger der \u201eClassic Brothers\u201c die Ehre, eine Gesangsformation, die rund um den Ausnahmes\u00e4nger Charles Shaw, \u00fcbrigens die wahre Stimme hinter dem Milli-Vanilli-Song \u201eGirl you know, it\u2019s true\u201c f\u00fcr ausgelassene Tanzstimmung und f\u00fcr eine wahre Soul-Explosion sorgten. Sei es \u201eStand by me\u201c von Ben E.King oder \u201eAll Night Long\u201c von Lionel Richie, ein kr\u00f6nender Abschluss f\u00fcr einen wahrlich wieder au\u00dfergew\u00f6hnlichen Abend. Aber nicht traurig sein. Der Vorverkauf f\u00fcr die n\u00e4chste Sitzung hat bereits begonnen.<br \/>Text: Beate Tilg\u00a0 Bilder : Wolfgang Neuberth<\/p>\n","protected":false},"excerpt":{"rendered":"Regenbogensitzung der L\u00f6wenj\u00e4gerEin Laufsteg mitten im Kulturhaus K\u00e4fertal? Das kann nur eines bedeuten: Die legend\u00e4re Regenbogensitzung der L\u00f6wenj\u00e4ger,&hellip;\n","protected":false},"author":2,"featured_media":787181,"comment_status":"","ping_status":"","sticky":false,"template":"","format":"standard","meta":{"footnotes":"","_share_on_mastodon":"0"},"categories":[1845],"tags":[1634,3364,29,548,663,3934,30,13,2096,14,15,12],"class_list":["post-787180","post","type-post","status-publish","format-standard","has-post-thumbnail","category-mannheim","tag-baden-wuerttemberg","tag-de","tag-deutschland","tag-eu","tag-europa","tag-europe","tag-germany","tag-headlines","tag-mannheim","tag-nachrichten","tag-news","tag-schlagzeilen"],"share_on_mastodon":{"url":"https:\/\/pubeurope.com\/@de\/116047655969594755","error":""},"_links":{"self":[{"href":"https:\/\/www.europesays.com\/de\/wp-json\/wp\/v2\/posts\/787180","targetHints":{"allow":["GET"]}}],"collection":[{"href":"https:\/\/www.europesays.com\/de\/wp-json\/wp\/v2\/posts"}],"about":[{"href":"https:\/\/www.europesays.com\/de\/wp-json\/wp\/v2\/types\/post"}],"author":[{"embeddable":true,"href":"https:\/\/www.europesays.com\/de\/wp-json\/wp\/v2\/users\/2"}],"replies":[{"embeddable":true,"href":"https:\/\/www.europesays.com\/de\/wp-json\/wp\/v2\/comments?post=787180"}],"version-history":[{"count":0,"href":"https:\/\/www.europesays.com\/de\/wp-json\/wp\/v2\/posts\/787180\/revisions"}],"wp:featuredmedia":[{"embeddable":true,"href":"https:\/\/www.europesays.com\/de\/wp-json\/wp\/v2\/media\/787181"}],"wp:attachment":[{"href":"https:\/\/www.europesays.com\/de\/wp-json\/wp\/v2\/media?parent=787180"}],"wp:term":[{"taxonomy":"category","embeddable":true,"href":"https:\/\/www.europesays.com\/de\/wp-json\/wp\/v2\/categories?post=787180"},{"taxonomy":"post_tag","embeddable":true,"href":"https:\/\/www.europesays.com\/de\/wp-json\/wp\/v2\/tags?post=787180"}],"curies":[{"name":"wp","href":"https:\/\/api.w.org\/{rel}","templated":true}]}}