{"id":787186,"date":"2026-02-10T18:06:14","date_gmt":"2026-02-10T18:06:14","guid":{"rendered":"https:\/\/www.europesays.com\/de\/787186\/"},"modified":"2026-02-10T18:06:14","modified_gmt":"2026-02-10T18:06:14","slug":"146-bauluecken-in-telgte-identifiziert","status":"publish","type":"post","link":"https:\/\/www.europesays.com\/de\/787186\/","title":{"rendered":"146 Baul\u00fccken in Telgte identifiziert"},"content":{"rendered":"<p class=\"fp-paragraph\">In Telgte gibt es noch eine Menge Bauland. Lange nicht auf allen Grundst\u00fccken, die bebaut werden k\u00f6nnten, werden auch tats\u00e4chlich H\u00e4user errichtet. In der Sitzung des Planungsausschusses berichtete die Verwaltung, dass alle Baul\u00fccken im Stadtgebiet rund 10,3 Hektar umfassen. Diese verteilen sich auf insgesamt 146 Baul\u00fccken, von denen 121 innerhalb eines Bebauungsplanes liegen. Die weiteren 25 Fl\u00e4chen sind nach Paragraf 34 Baugesetzbuch bebaubar oder liegen innerhalb einer Innen- und Au\u00dfenbereichssatzung. Der gr\u00f6\u00dfte Fl\u00e4chenanteil entf\u00e4llt dabei auf die Kernstadt Telgte, wo  noch 101 Baul\u00fccken mit einer Gesamtfl\u00e4che von rund 6,8 Hektar zur Verf\u00fcgung stehen.<\/p>\n<p>Jetzt weiterlesen mit<\/p>\n<p>im 1. Monat<\/p>\n<p>0,99 \u20ac*<a href=\"https:\/\/abo.wn.de\/Digital+Basis.htm?utm_source=Website&amp;utm_medium=Layer&amp;utm_campaign=noUEG&amp;pwlayer=plus&amp;ezobjectid=3489395\" class=\"fp-button fp-button__primary fp-paywall-action-submit\" style=\"background-color: #000000;\" rel=\"nofollow noopener\" target=\"_blank\">weiter<\/a>*danach 9,90 \u20ac \/ Monat<\/p>\n<p>monatlich k\u00fcndbar<\/p>\n<p class=\"fp-article-paywall__plan--description\">freier Zugriff auf alle WN+ Inhalte und die News-App<\/p>\n<p><strong>Wochenabo<\/strong><\/p>\n<p>1 \u20ac<a href=\"https:\/\/abo.wn.de\/Digital+Basis.htm?utm_source=Website&amp;utm_medium=Layer&amp;utm_campaign=noUEG&amp;pwlayer=plus&amp;ezobjectid=3489395\" class=\"fp-button fp-button__primary fp-paywall-action-submit\" style=\"background-color: #000000;\" rel=\"nofollow noopener\" target=\"_blank\">weiter<\/a>ab dem 2. Jahr 2 \u20ac \/ Woche<\/p>\n<p>monatlich k\u00fcndbar<\/p>\n<p class=\"fp-article-paywall__plan--description\">freier Zugriff auf alle WN+ Inhalte und die News-App<\/p>\n<p><strong>Jahrespass<\/strong><\/p>\n<p>79 \u20ac<a href=\"https:\/\/abo.wn.de\/Digital+Basis+Jahresabo.htm?utm_source=Website&amp;utm_medium=Layer&amp;utm_campaign=noUEG&amp;pwlayer=plus&amp;ezobjectid=3489395\" class=\"fp-button fp-button__primary fp-paywall-action-submit\" style=\"background-color: #000000;\" rel=\"nofollow noopener\" target=\"_blank\">weiter<\/a>ab dem 2. Jahr 9,90 \u20ac \/ Monat<\/p>\n<p class=\"fp-article-paywall__plan--description\">freier Zugriff auf alle WN+ Inhalte und die News-App<\/p>\n<p>Sie sind bereits Abonnent? <a title=\"Hier einloggen\" alt=\"Hier einloggen\" href=\"https:\/\/account.wn.de\/login?redurl=https:\/\/www.wn.de\/muensterland\/kreis-warendorf\/telgte\/146-bauluecken-identifiziert-3489395?pid=true&amp;ueg=default\" rel=\"nofollow noopener\" target=\"_blank\"><a href=\"https:\/\/account.wn.de\/login?redurl=https:\/\/www.wn.de\/muensterland\/kreis-warendorf\/telgte\/146-bauluecken-identifiziert-3489395?pid=true&amp;ueg=default\" rel=\"nofollow noopener\" target=\"_blank\">Jetzt anmelden<\/a><\/p>\n","protected":false},"excerpt":{"rendered":"In Telgte gibt es noch eine Menge Bauland. Lange nicht auf allen Grundst\u00fccken, die bebaut werden k\u00f6nnten, werden&hellip;\n","protected":false},"author":2,"featured_media":787187,"comment_status":"","ping_status":"","sticky":false,"template":"","format":"standard","meta":{"footnotes":"","_share_on_mastodon":"0"},"categories":[1843],"tags":[3364,29,30,8970,1209],"class_list":["post-787186","post","type-post","status-publish","format-standard","has-post-thumbnail","category-muenster","tag-de","tag-deutschland","tag-germany","tag-muenster","tag-nordrhein-westfalen"],"share_on_mastodon":{"url":"https:\/\/pubeurope.com\/@de\/116047669199769008","error":""},"_links":{"self":[{"href":"https:\/\/www.europesays.com\/de\/wp-json\/wp\/v2\/posts\/787186","targetHints":{"allow":["GET"]}}],"collection":[{"href":"https:\/\/www.europesays.com\/de\/wp-json\/wp\/v2\/posts"}],"about":[{"href":"https:\/\/www.europesays.com\/de\/wp-json\/wp\/v2\/types\/post"}],"author":[{"embeddable":true,"href":"https:\/\/www.europesays.com\/de\/wp-json\/wp\/v2\/users\/2"}],"replies":[{"embeddable":true,"href":"https:\/\/www.europesays.com\/de\/wp-json\/wp\/v2\/comments?post=787186"}],"version-history":[{"count":0,"href":"https:\/\/www.europesays.com\/de\/wp-json\/wp\/v2\/posts\/787186\/revisions"}],"wp:featuredmedia":[{"embeddable":true,"href":"https:\/\/www.europesays.com\/de\/wp-json\/wp\/v2\/media\/787187"}],"wp:attachment":[{"href":"https:\/\/www.europesays.com\/de\/wp-json\/wp\/v2\/media?parent=787186"}],"wp:term":[{"taxonomy":"category","embeddable":true,"href":"https:\/\/www.europesays.com\/de\/wp-json\/wp\/v2\/categories?post=787186"},{"taxonomy":"post_tag","embeddable":true,"href":"https:\/\/www.europesays.com\/de\/wp-json\/wp\/v2\/tags?post=787186"}],"curies":[{"name":"wp","href":"https:\/\/api.w.org\/{rel}","templated":true}]}}