{"id":787246,"date":"2026-02-10T18:41:13","date_gmt":"2026-02-10T18:41:13","guid":{"rendered":"https:\/\/www.europesays.com\/de\/787246\/"},"modified":"2026-02-10T18:41:13","modified_gmt":"2026-02-10T18:41:13","slug":"bauarbeiten-erfordern-ab-heute-sperrung-des-weges-die-linie-%c2%b7-leipziger-zeitung","status":"publish","type":"post","link":"https:\/\/www.europesays.com\/de\/787246\/","title":{"rendered":"Bauarbeiten erfordern ab heute Sperrung des Weges \u201eDie Linie\u201c \u00b7 Leipziger Zeitung"},"content":{"rendered":"<p>Ab dem heutigen 10. Februar bis 27. Februar ist der Weg \u201eDie Linie\u201c im s\u00fcdlichen Auwald f\u00fcr Bauarbeiten im Rahmen des Auenrevitalisierungsprojektes \u201eDynamische Aue\u201c gesperrt. Eine Umleitung f\u00fcr Fu\u00dfg\u00e4nger erfolgt \u00fcber den parallel verlaufenden Reitweg. Radfahrerinnen und Radfahrer k\u00f6nnen alternativ den Querweg und den Weg entlang der Plei\u00dfe nutzen \u2013 dieser trifft auf H\u00f6he der \u201eWei\u00dfen Br\u00fccke\u201c wieder auf \u201eDie Linie\u201c. Die Umleitungen sind vor Ort ausgeschildert.<\/p>\n<p>Die bereits im Dezember angek\u00fcndigten Arbeiten am dritten Bauabschnitt des Projekts im Elster-Plei\u00dfe-Auwald s\u00fcdlich des Schleu\u00dfiger Wegs hatten sich aufgrund der Witterungsbedingungen zun\u00e4chst verz\u00f6gert. Am Weg \u201eDie Linie\u201c auf H\u00f6he des Unterstellpilzes werden ab heute zwei Durchl\u00e4sse gebaut. Dar\u00fcber hinaus entstehen am Reitweg sowie am Naturlehrpfad parallel zur \u201eLinie\u201c zwei Furten. F\u00fcr den Einbau der Durchl\u00e4sse wird der Weg \u201eDie Linie\u201c im Leipziger Ratsholz f\u00fcr einige Tage gesperrt und vor Ort die Umleitung ausgeschildert sein.<\/p>\n<p>Seit 2020 wird das ma\u00dfgeblich von der unteren Naturschutzbeh\u00f6rde der Stadt Leipzig initiierte Auenrevitalisierungsprojekt schrittweise in mehreren Bauabschnitten als eine von mehreren Kompensationsma\u00dfnahmen der Landestalsperrenverwaltung Sachsen umgesetzt. Die Durchl\u00e4sse und Furten, die in diesem Winter gebaut werden, sorgen daf\u00fcr, dass das Wasser aus den gefluteten Auwaldfl\u00e4chen wieder in die Untere Pau\u00dfnitz abflie\u00dfen kann. Die vollst\u00e4ndige Umsetzung des Projektes soll voraussichtlich bis Winter 2027\/2028 abgeschlossen sein. Die Gesamtkosten f\u00fcr die Ma\u00dfnahmen von rund 700.000 Euro werden durch Mittel des Freistaates Sachsen finanziert.<\/p>\n<p>Das Projekt \u201eDynamische Aue\u201c war entwickelt worden, um die seit 1993 j\u00e4hrlich im zeitigen Fr\u00fchjahr stattfindende, k\u00fcnstliche Flutung im Elster-Plei\u00dfe-Auwald nat\u00fcrlicher zu gestalten. Bei Hochwasser der Wei\u00dfen Elster soll das Wasser aus dem Elsterhochflutbett durch ein Bauwerk im Ratsholzdeich in den s\u00fcdlichen Auwald gelangen und den Auwald in Teilfl\u00e4chen gezielt fluten, bevor es \u00fcber die Untere Pau\u00dfnitz wieder in das Elsterflutbett zur\u00fcckflie\u00dft.<\/p>\n<p>In den bisherigen Bauabschnitten war zwischen 2020 und 2021 das Flutungsbauwerk im Ratsholzdeich gebaut worden, gefolgt vom Bau des Verbindungsgrabens zur Pau\u00dfnitz. Beim Weihnachtshochwasser 2023 konnte erstmals Wasser auf diesem Weg in den Leipziger Auenwald einstr\u00f6men. 2024 wurde am Bl\u00fcmelsteig eine alte, bauf\u00e4llige Br\u00fccke durch eine Furt ersetzt.<\/p>\n","protected":false},"excerpt":{"rendered":"Ab dem heutigen 10. Februar bis 27. Februar ist der Weg \u201eDie Linie\u201c im s\u00fcdlichen Auwald f\u00fcr Bauarbeiten&hellip;\n","protected":false},"author":2,"featured_media":79298,"comment_status":"","ping_status":"","sticky":false,"template":"","format":"standard","meta":{"footnotes":"","_share_on_mastodon":"0"},"categories":[1832],"tags":[19678,2461,3364,29,57885,30,71,13518,859],"class_list":["post-787246","post","type-post","status-publish","format-standard","has-post-thumbnail","category-leipzig","tag-auwald","tag-baustelle","tag-de","tag-deutschland","tag-fussverkehr","tag-germany","tag-leipzig","tag-radverkehr","tag-sachsen"],"share_on_mastodon":{"url":"https:\/\/pubeurope.com\/@de\/116047805715802882","error":""},"_links":{"self":[{"href":"https:\/\/www.europesays.com\/de\/wp-json\/wp\/v2\/posts\/787246","targetHints":{"allow":["GET"]}}],"collection":[{"href":"https:\/\/www.europesays.com\/de\/wp-json\/wp\/v2\/posts"}],"about":[{"href":"https:\/\/www.europesays.com\/de\/wp-json\/wp\/v2\/types\/post"}],"author":[{"embeddable":true,"href":"https:\/\/www.europesays.com\/de\/wp-json\/wp\/v2\/users\/2"}],"replies":[{"embeddable":true,"href":"https:\/\/www.europesays.com\/de\/wp-json\/wp\/v2\/comments?post=787246"}],"version-history":[{"count":0,"href":"https:\/\/www.europesays.com\/de\/wp-json\/wp\/v2\/posts\/787246\/revisions"}],"wp:featuredmedia":[{"embeddable":true,"href":"https:\/\/www.europesays.com\/de\/wp-json\/wp\/v2\/media\/79298"}],"wp:attachment":[{"href":"https:\/\/www.europesays.com\/de\/wp-json\/wp\/v2\/media?parent=787246"}],"wp:term":[{"taxonomy":"category","embeddable":true,"href":"https:\/\/www.europesays.com\/de\/wp-json\/wp\/v2\/categories?post=787246"},{"taxonomy":"post_tag","embeddable":true,"href":"https:\/\/www.europesays.com\/de\/wp-json\/wp\/v2\/tags?post=787246"}],"curies":[{"name":"wp","href":"https:\/\/api.w.org\/{rel}","templated":true}]}}