{"id":787273,"date":"2026-02-10T18:56:14","date_gmt":"2026-02-10T18:56:14","guid":{"rendered":"https:\/\/www.europesays.com\/de\/787273\/"},"modified":"2026-02-10T18:56:14","modified_gmt":"2026-02-10T18:56:14","slug":"macron-fordert-eurobonds-fuer-ki-und-verteidigung-berlin-ablenkungsmanoever-aktuelle-nachrichten-aus-deutschland-und-der-welt","status":"publish","type":"post","link":"https:\/\/www.europesays.com\/de\/787273\/","title":{"rendered":"Macron fordert Eurobonds f\u00fcr KI und Verteidigung &#8211; Berlin: Ablenkungsman\u00f6ver | Aktuelle Nachrichten aus Deutschland und der Welt"},"content":{"rendered":"<p><img src=\"https:\/\/www.europesays.com\/de\/wp-content\/uploads\/2026\/02\/SHak9lGaHR0cHM6Ly9vY2RuLmV1L3B1bHNjbXMvTURBXy85Yzc4ODY2OS04OWY0LTQxYzctYjI2My0zOTM3Yzg4NDQ2ZGEuanBlZ.jpeg\" alt=\"Ein 14-j\u00e4hriger Junge nutzt Social Media am Computer - Australiens Verbot zeigt gemischte Ergebnisse (Symbolbild) (Photo by DAVID GRAY\/AFP via Getty Images)\" transform=\"resizeCropAuto\" loading=\"lazy\" decoding=\"async\" fetchpriority=\"auto\" width=\"88\" height=\"88\" class=\"RingImage _RingImage_km0le_1 \"\/><\/p>\n<p>Cyberkriminologe schl\u00e4gt Alarm &#8211; Jugendliche bauen Beziehungen zu KI-Chatbots auf<\/p>\n<p>K\u00fcnstliche Intelligenz macht das Internet gef\u00e4hrlicher \u2013 und das gleich in doppelter Hinsicht. Zum weltweiten Safer Internet Day warnen Experten vor wachsenden Risiken durch KI: Sie erleichtert Betr\u00fcgern ihre Arbeit und f\u00fchrt bei Jugendlichen zunehmend zu emotionaler Abh\u00e4ngigkeit. Der Aktionstag steht in diesem Jahr unter dem Motto &#8222;KI and me &#8211; in k\u00fcnstlicher Beziehung&#8220;.<\/p>\n<p>09-02-2026, 08:02:50<\/p>\n<p><img src=\"https:\/\/www.europesays.com\/de\/wp-content\/uploads\/2026\/02\/HEHk9lFaHR0cHM6Ly9vY2RuLmV1L3B1bHNjbXMvTURBXy9lYjVmMTdiYi1mY2FmLTRlY2QtOTUxYS0yNjRlNzlmODUxNTIucG5nk.jpeg\" alt=\"Das Landgericht Frankfurt verurteilte einen 44-J\u00e4hrigen zu 14 Jahren Haft wegen Serienvergewaltigungen (Symbolbild - KI-generiert)\" transform=\"resizeCropAuto\" loading=\"lazy\" decoding=\"async\" fetchpriority=\"auto\" width=\"88\" height=\"88\" class=\"RingImage _RingImage_km0le_1 \"\/><\/p>\n<p>Polizei warnt: Von 15-j\u00e4hrigem Pfefferspray-R\u00e4uber auf Kleinanzeigen bis Millionen-F\u00f6rdergeld-Betrug<\/p>\n<p>Betr\u00fcger werden immer professioneller und kreativer &#8211; von gewaltt\u00e4tigen Raub\u00fcberf\u00e4llen auf Kleinanzeigen-Portalen bis zu millionenschweren F\u00f6rdergeld-Skandalen. Die Polizei registrierte in den vergangenen Wochen zahlreiche F\u00e4lle und warnt vor den vielf\u00e4ltigen Maschen der Kriminellen.<\/p>\n<p>07-02-2026, 11:02:35<\/p>\n<p><img src=\"https:\/\/www.europesays.com\/de\/wp-content\/uploads\/2026\/02\/sLBk9lGaHR0cHM6Ly9vY2RuLmV1L3B1bHNjbXMvTURBXy80MjM3NzVmMy00ZWRkLTQzY2MtOTYyYy04YjQ3MmUzODk0NGEuanBlZ.jpeg\" alt=\"Besch\u00e4ftigte des \u00f6ffentlichen Dienstes demonstrieren f\u00fcr bessere Bezahlung in Berlin (Symbolbild) (Photo by Sean Gallup\/Getty Images)\" transform=\"resizeCropAuto\" loading=\"lazy\" decoding=\"async\" fetchpriority=\"auto\" width=\"88\" height=\"88\" class=\"RingImage _RingImage_km0le_1 \"\/><\/p>\n<p>Dritte Runde startet Mittwoch &#8211; 16.000 protestieren in D\u00fcsseldorf<\/p>\n<p>Die dritte Runde der Tarifverhandlungen f\u00fcr mehr als 900.000 Besch\u00e4ftigte im \u00f6ffentlichen Dienst der L\u00e4nder startet am Mittwoch in Potsdam. Nach wochenlangen Warnstreiks und massiven Protesten stehen Gewerkschaften und Arbeitgeber vor drei entscheidenden Verhandlungstagen \u2013 eine schnelle Einigung gilt als unwahrscheinlich.<\/p>\n<p>09-02-2026, 11:02:55<\/p>\n<p><img src=\"https:\/\/www.europesays.com\/de\/wp-content\/uploads\/2026\/02\/OcAk9lFaHR0cHM6Ly9vY2RuLmV1L3B1bHNjbXMvTURBXy80MTM4NjgwYy0xYmQzLTQ5N2ItYmQ2YS03NmI0MDY0Mjc3YzEucG5nk.jpeg\" alt=\"In Siegen beginnt der Prozess gegen eine Mutter wegen Kindesmisshandlung (Symbolbild - KI-generiert)\" transform=\"resizeCropAuto\" loading=\"lazy\" decoding=\"async\" fetchpriority=\"auto\" width=\"88\" height=\"88\" class=\"RingImage _RingImage_km0le_1 \"\/><\/p>\n<p>Eltern erheben schwere Vorw\u00fcrfe gegen Rulantica &#8211; Personal soll unt\u00e4tig geblieben sein<\/p>\n<p>Ein 31-j\u00e4hriger Rum\u00e4ne hat am Montag vor dem Landgericht Freiburg gestanden, ein sechsj\u00e4hriges M\u00e4dchen aus dem Erlebnisbad Rulantica gelockt und sexuell missbraucht zu haben. Die Eltern des Kindes erheben schwere Vorw\u00fcrfe gegen das Personal des zum Europa-Park geh\u00f6renden Freizeitbads. Der Fall hatte im Sommer 2025 f\u00fcr bundesweite Emp\u00f6rung gesorgt.<\/p>\n<p>09-02-2026, 13:02:13<\/p>\n<p><img src=\"https:\/\/www.europesays.com\/de\/wp-content\/uploads\/2026\/02\/2ulk9lGaHR0cHM6Ly9vY2RuLmV1L3B1bHNjbXMvTURBXy9mYzUyNDllMi1kYWM4LTQzNTktOTFmYi03ZjQwYjJkYmFjM2QuanBlZ.jpeg\" alt=\"Max Langenhan startet im Rodel-Einsitzer der M\u00e4nner bei den Olympischen Winterspielen 2026 (Symbolbild) (Photo by Richard Heathcote\/Getty Images)\" transform=\"resizeCropAuto\" loading=\"lazy\" decoding=\"async\" fetchpriority=\"auto\" width=\"88\" height=\"88\" class=\"RingImage _RingImage_km0le_1 \"\/><\/p>\n<p>0,05 Sekunden zu Gold &#8211; Aicher holt zweite Olympia-Silbermedaille im Team<\/p>\n<p>Emma Aicher und Kira Weidle-Winkelmann haben bei den Olympischen Winterspielen in Cortina d&#8217;Ampezzo Silber in der Team-Kombination gewonnen. Das deutsche Duo verpasste Gold nur um 0,05 Sekunden \u2013 eine hauchd\u00fcnne Entscheidung, die bei Experten und Athletinnen f\u00fcr emotionale Reaktionen sorgte. F\u00fcr Weidle-Winkelmann ist es die erste olympische Medaille ihrer Karriere.<\/p>\n<p>08-02-2026, 06:02:52<\/p>\n<p><img src=\"https:\/\/www.europesays.com\/de\/wp-content\/uploads\/2026\/02\/zIrk9lFaHR0cHM6Ly9vY2RuLmV1L3B1bHNjbXMvTURBXy81MzIwNGU3Ny00MzJlLTRjMGItODExZS05YWFkZmI1ZmMwMWYucG5nk.jpeg\" alt=\"Die Union lehnt den SPD-Vorschlag f\u00fcr zus\u00e4tzliche Gesundheitsabgaben ab (Symbolbild - KI-generiert)\" transform=\"resizeCropAuto\" loading=\"lazy\" decoding=\"async\" fetchpriority=\"auto\" width=\"88\" height=\"88\" class=\"RingImage _RingImage_km0le_1 \"\/><\/p>\n<p>Brandenburg hat 4 Milliarden Euro Haushaltsloch &#8211; SPD und CDU m\u00fcssen erstmals sparen<\/p>\n<p>Brandenburgs CDU-Chef Jan Redmann hat Ausgabendisziplin als zentrales Ziel der Koalitionsverhandlungen mit der SPD erkl\u00e4rt. Auf seiner w\u00f6chentlichen Pressekonferenz am Dienstag betonte er: \u00abBrandenburg hat in erster Linie kein Einnahmeproblem, sondern ein Ausgabeproblem.\u00bb Hintergrund ist ein Milliarden-Loch im Landeshaushalt \u2013 bis 2028 fehlen fast vier Milliarden Euro, trotz geplanter Neuverschuldung von 2,7 Milliarden Euro.<\/p>\n<p>09-02-2026, 09:02:58<\/p>\n","protected":false},"excerpt":{"rendered":"Cyberkriminologe schl\u00e4gt Alarm &#8211; Jugendliche bauen Beziehungen zu KI-Chatbots auf K\u00fcnstliche Intelligenz macht das Internet gef\u00e4hrlicher \u2013 und&hellip;\n","protected":false},"author":2,"featured_media":787274,"comment_status":"","ping_status":"","sticky":false,"template":"","format":"standard","meta":{"footnotes":"","_share_on_mastodon":"0"},"categories":[1825],"tags":[1941,1939,296,1937,29,30,1940,1938,38022],"class_list":["post-787273","post","type-post","status-publish","format-standard","has-post-thumbnail","category-berlin","tag-aktuelle-nachrichten-aus-berlin","tag-aktuelle-news-aus-berlin","tag-berlin","tag-berlin-news","tag-deutschland","tag-germany","tag-nachrichten-aus-berlin","tag-news-aus-berlin","tag-politics"],"share_on_mastodon":{"url":"https:\/\/pubeurope.com\/@de\/116047864737670484","error":""},"_links":{"self":[{"href":"https:\/\/www.europesays.com\/de\/wp-json\/wp\/v2\/posts\/787273","targetHints":{"allow":["GET"]}}],"collection":[{"href":"https:\/\/www.europesays.com\/de\/wp-json\/wp\/v2\/posts"}],"about":[{"href":"https:\/\/www.europesays.com\/de\/wp-json\/wp\/v2\/types\/post"}],"author":[{"embeddable":true,"href":"https:\/\/www.europesays.com\/de\/wp-json\/wp\/v2\/users\/2"}],"replies":[{"embeddable":true,"href":"https:\/\/www.europesays.com\/de\/wp-json\/wp\/v2\/comments?post=787273"}],"version-history":[{"count":0,"href":"https:\/\/www.europesays.com\/de\/wp-json\/wp\/v2\/posts\/787273\/revisions"}],"wp:featuredmedia":[{"embeddable":true,"href":"https:\/\/www.europesays.com\/de\/wp-json\/wp\/v2\/media\/787274"}],"wp:attachment":[{"href":"https:\/\/www.europesays.com\/de\/wp-json\/wp\/v2\/media?parent=787273"}],"wp:term":[{"taxonomy":"category","embeddable":true,"href":"https:\/\/www.europesays.com\/de\/wp-json\/wp\/v2\/categories?post=787273"},{"taxonomy":"post_tag","embeddable":true,"href":"https:\/\/www.europesays.com\/de\/wp-json\/wp\/v2\/tags?post=787273"}],"curies":[{"name":"wp","href":"https:\/\/api.w.org\/{rel}","templated":true}]}}