{"id":787275,"date":"2026-02-10T18:57:10","date_gmt":"2026-02-10T18:57:10","guid":{"rendered":"https:\/\/www.europesays.com\/de\/787275\/"},"modified":"2026-02-10T18:57:10","modified_gmt":"2026-02-10T18:57:10","slug":"schupelius-hauptbahnhof-das-parkhaus-ist-immer-noch-blockiert-regional","status":"publish","type":"post","link":"https:\/\/www.europesays.com\/de\/787275\/","title":{"rendered":"Schupelius: Hauptbahnhof: Das Parkhaus ist immer noch blockiert | Regional"},"content":{"rendered":"<p><a class=\"skip-content skip-content--link\" href=\"#in-content-skip-link-target-v-0-0\">TTS-Player \u00fcberspringen\u21b5<\/a><a id=\"in-content-skip-link-target-v-0-0\" class=\"skip-content--target-link-hidden skip-content skip-content--target-link\" href=\"#in-content-skip-link-target-v-0-0\">Artikel weiterlesen<\/a><\/p>\n<p>Berlin \u2013 <b>Die Zufahrt im Tiergartentunnel wurde durch einen Unfall besch\u00e4digt und gesperrt, aber nicht repariert. <\/b><\/p>\n<p>Die Arbeit bleibt in Berlin liegen \u2013 etwa beim Parkhaus im Hauptbahnhof<\/p>\n<p><a href=\"https:\/\/www.bild.de\/regional\/berlin\/berlin-regional\/home-15823246.bild.html\" class=\"text-link\" rel=\"nofollow noopener\" target=\"_blank\">Berlin<\/a> ist eine gro\u00dfartige Stadt. Man kann sie nur lieben. Aber es l\u00e4uft entschieden zu viel schief. Die Verantwortlichen nehmen ihre Verantwortung nicht wahr, die Arbeit bleibt liegen. Daf\u00fcr gibt es an jeder Ecke ein Beispiel, ich nenne als Beispiel das Parkhaus im Hauptbahnhof.<\/p>\n<p>Anzeige<\/p>\n<p>Auch interessant<\/p>\n<p>Anzeige<\/p>\n<p>Auch interessant<\/p>\n<p>Dieses Parkhaus ist \u00fcber zwei Zufahrten erreichbar: \u00fcber die Clara-Jaschke-Stra\u00dfe und \u00fcber den Tiergartentunnel. Die Zufahrt durch den Tunnel wird besonders h\u00e4ufig genutzt. Sie ist seit dem 1. 2025 September gesperrt.<\/p>\n<p>Damals fuhr ein Sattelschlepper in die nur zwei Meter hohe Einfahrt und blieb stecken. Der 56 Jahre alte Fahrer hatte 2,4 Promille im Blut. Die Technik an der Tunneldecke wurde besch\u00e4digt. Bis heute hat sie niemand repariert. Warum nicht?<\/p>\n<p>Ein Sprecher der <a href=\"https:\/\/www.bild.de\/news\/inland\/deutsche-bahn-ag\/thema-deutsche-bahn-ag-alle-infos-G2swWR48FxDiFmY2B35c\" class=\"text-link\" rel=\"nofollow noopener\" target=\"_blank\">Deutschen Bahn<\/a> gibt uns diese Auskunft: \u201eGeplante Reparaturen konnten bisher wegen der Witterung (Temperaturen unter 5\u00b0C) nicht stattfinden.\u201c<\/p>\n<p>Mehr zum Thema<\/p>\n<p>Warum wurden die Reparaturen nicht schon im Herbst vorgenommen, als die Temperaturen \u00fcber f\u00fcnf Grad lagen?<\/p>\n<p>Das erkl\u00e4rt uns ein Sprecher der Senatsverkehrsverwaltung: \u201eLeider waren die ben\u00f6tigten Ersatzteile f\u00fcr die besch\u00e4digten Anlagen nicht verf\u00fcgbar.\u201c<\/p>\n<p><b>Was muss getan werden?<\/b> Die Signalanlage der H\u00f6henkontrolle wird repariert, au\u00dferdem zwei Kameras und ein \u201eLinienbrandmeldekabel\u201c. \u00a0<\/p>\n<p>Wie geht es weiter? \u201eDie Arbeiten k\u00f6nnen voraussichtlich in der Woche vom 16.02.2026 nachgeholt werden. Anschlie\u00dfend kann die Parkhauszufahrt wieder ge\u00f6ffnet werden.\u201c<\/p>\n<p>Wenn alles gut geht, ist das Parkhaus Ende Februar wieder \u00fcber den Tunnel erreichbar, f\u00fcnf (!) Monate nach dem Unfall. Das kann doch nicht wahr sein!<\/p>\n<p><b>Hat Gunnar Schupelius recht? Schreiben Sie an: <\/b><a href=\"https:\/\/www.bild.de\/regional\/berlin\/mailto:gunnar.schupelius@axelspringer.de\" target=\"_blank\" rel=\"noopener nofollow\" class=\"text-link--external text-link\"><b>gunnar.schupelius@axelspringer.de<\/b><\/a><\/p>\n","protected":false},"excerpt":{"rendered":"TTS-Player \u00fcberspringen\u21b5Artikel weiterlesen Berlin \u2013 Die Zufahrt im Tiergartentunnel wurde durch einen Unfall besch\u00e4digt und gesperrt, aber nicht&hellip;\n","protected":false},"author":2,"featured_media":787276,"comment_status":"","ping_status":"","sticky":false,"template":"","format":"standard","meta":{"footnotes":"","_share_on_mastodon":"0"},"categories":[1825],"tags":[296,29,30,21101,121,45,2624,3260],"class_list":["post-787275","post","type-post","status-publish","format-standard","has-post-thumbnail","category-berlin","tag-berlin","tag-deutschland","tag-germany","tag-lkw-crash","tag-polizei","tag-texttospeech","tag-unfaelle","tag-verkehrsunfall"],"share_on_mastodon":{"url":"https:\/\/pubeurope.com\/@de\/116047868480924659","error":""},"_links":{"self":[{"href":"https:\/\/www.europesays.com\/de\/wp-json\/wp\/v2\/posts\/787275","targetHints":{"allow":["GET"]}}],"collection":[{"href":"https:\/\/www.europesays.com\/de\/wp-json\/wp\/v2\/posts"}],"about":[{"href":"https:\/\/www.europesays.com\/de\/wp-json\/wp\/v2\/types\/post"}],"author":[{"embeddable":true,"href":"https:\/\/www.europesays.com\/de\/wp-json\/wp\/v2\/users\/2"}],"replies":[{"embeddable":true,"href":"https:\/\/www.europesays.com\/de\/wp-json\/wp\/v2\/comments?post=787275"}],"version-history":[{"count":0,"href":"https:\/\/www.europesays.com\/de\/wp-json\/wp\/v2\/posts\/787275\/revisions"}],"wp:featuredmedia":[{"embeddable":true,"href":"https:\/\/www.europesays.com\/de\/wp-json\/wp\/v2\/media\/787276"}],"wp:attachment":[{"href":"https:\/\/www.europesays.com\/de\/wp-json\/wp\/v2\/media?parent=787275"}],"wp:term":[{"taxonomy":"category","embeddable":true,"href":"https:\/\/www.europesays.com\/de\/wp-json\/wp\/v2\/categories?post=787275"},{"taxonomy":"post_tag","embeddable":true,"href":"https:\/\/www.europesays.com\/de\/wp-json\/wp\/v2\/tags?post=787275"}],"curies":[{"name":"wp","href":"https:\/\/api.w.org\/{rel}","templated":true}]}}