{"id":787277,"date":"2026-02-10T18:58:21","date_gmt":"2026-02-10T18:58:21","guid":{"rendered":"https:\/\/www.europesays.com\/de\/787277\/"},"modified":"2026-02-10T18:58:21","modified_gmt":"2026-02-10T18:58:21","slug":"deutscher-filmpreis-2026-babylon-berlin-star-moderiert-die-gala","status":"publish","type":"post","link":"https:\/\/www.europesays.com\/de\/787277\/","title":{"rendered":"Deutscher Filmpreis 2026: &#8222;Babylon Berlin&#8220;-Star moderiert die Gala"},"content":{"rendered":"<p>\nDeutscher Filmpreis 2026<br \/>\n&#8222;Babylon Berlin&#8220;-Star moderiert die Gala<\/p>\n<p><img class=\"image image-element__image\"   src=\"https:\/\/www.europesays.com\/de\/wp-content\/uploads\/2026\/02\/10---babylon-berlin--star-moderiert-die-gala---3-2---spoton-article-1132420.jpg\" alt=\"Christian Friedel f\u00fchrt wieder durch die Verleihung des Deutschen Filmpreis.\" decoding=\"async\" fetchpriority=\"high\" loading=\"eager\"\/><br \/>\n<a href=\"https:\/\/image.gala.de\/24540418\/t\/3t\/v3\/w2048\/r1.5\/-\/10---babylon-berlin--star-moderiert-die-gala---3-2---spoton-article-1132420.jpg#Clemens%20Porikys\" class=\"image__magnifier\" aria-label=\"Vergr\u00f6\u00dfern\" rel=\"nofollow noopener\" target=\"_blank\"><\/p>\n<p>\nChristian Friedel f\u00fchrt wieder durch die Verleihung des Deutschen Filmpreis. <\/p>\n<p>\u00a9 Clemens Porikys<\/p>\n<p>\nNicht nur das Datum des Deutschen Fernsehpreis steht fest, sondern auch die Moderation. Wie 2025 f\u00fchrt Christian Friedel durch die Gala.\n<\/p>\n<p class=\"text-element u-richtext u-typo u-typo--article-text article__text-element text-element--context-article\">\nNach seinem Deb\u00fct im letzten Jahr: <a class=\"\" data-target-type=\"article\" href=\"https:\/\/www.gala.de\/stars\/news\/starfeed\/themen\/christian-friedel-21162404.html\" rel=\"nofollow noopener\" target=\"_blank\">Christian Friedel<\/a>, 46, moderiert auch 2026 wieder den Deutschen Filmpreis. Dies haben die Verantwortlichen in einer Pressemitteilung bekannt gegeben. Die Verleihung der Lolas findet am 29. Mai in Berlin im Palais am Funkturm statt. Die Gala wird live in der Mediathek der ARD \u00fcbertragen. Am selben Abend strahlt das Erste sie zeitversetzt im Fernsehen aus.<\/p>\n<p class=\"text-element u-richtext u-typo u-typo--article-text article__text-element text-element--context-article\">\n&#8222;Ich freue mich riesig, ein zweites Mal den <a class=\"taxonomy-entity event\" data-target-type=\"article\" href=\"https:\/\/www.gala.de\/stars\/themen\/deutscher-filmpreis-20963892.html\" rel=\"nofollow noopener\" target=\"_blank\">Deutschen Filmpreis<\/a> moderieren zu d\u00fcrfen&#8220;, wird Christian Friedel zitiert. &#8222;Im letzten Jahr war es sehr aufregend und spannend und ich habe mich sehr \u00fcber die vielen positiven Reaktionen gefreut&#8220;, gibt der Schauspieler zu Protokoll. Wie im letzten Jahr wird Friedel wieder mit seiner Band Woods of Birnam auftreten.<\/p>\n<p>Deutscher Fernsehpreis: Nominierungen stehen Ende M\u00e4rz fest<\/p>\n<p class=\"text-element u-richtext u-typo u-typo--article-text article__text-element text-element--context-article\">\n&#8222;Besonders sch\u00f6n war f\u00fcr mich, dass wir all die gro\u00dfartigen K\u00fcnstler:innen vor und hinter der Kamera so intensiv gefeiert haben&#8220;, so Friedel weiter. Und: &#8222;2026 verspricht wieder ein starker Filmjahrgang zu werden. Und das muss nat\u00fcrlich ebenso gefeiert und gew\u00fcrdigt werden&#8220;.<\/p>\n<p class=\"text-element u-richtext u-typo u-typo--article-text article__text-element text-element--context-article\">\nDie Nominierten f\u00fcr die Lolas 2026 werden am 31. M\u00e4rz bekannt gegeben. Die Vorauswahl treffen die rund 2400 Mitglieder der Deutschen Filmakademie.<\/p>\n<p>Christian Friedel: &#8222;Das wei\u00dfe Band&#8220; bis &#8222;White Lotus&#8220;<\/p>\n<p class=\"text-element u-richtext u-typo u-typo--article-text article__text-element text-element--context-article\">\nChristian Friedel ist ein auch au\u00dferhalb Deutschlands bekanntes Gesicht. Sein Filmdeb\u00fct hatte der gefeierte Theaterschauspieler 2009 gleich mit <a class=\"\" data-target-type=\"article\" href=\"https:\/\/www.gala.de\/stars\/themen\/michael-haneke-20962488.html\" rel=\"nofollow noopener\" target=\"_blank\">Michael Hanekes<\/a> &#8222;Das wei\u00dfe Band&#8220;, der in Cannes die Goldene Palme gewann. 2015 war er f\u00fcr seine Hauptrolle als Hitler-Attent\u00e4ter <a class=\"\" data-target-type=\"article\" href=\"https:\/\/www.gala.de\/stars\/news\/starfeed\/themen\/georg-elser-21167190.html\" rel=\"nofollow noopener\" target=\"_blank\">Georg Elser<\/a> f\u00fcr den Europ\u00e4ischen Filmpreis nominiert. Mit &#8222;The Zone of Interest&#8220; spielte er neben <a class=\"link--person\" data-target-type=\"article\" href=\"https:\/\/www.gala.de\/stars\/starportraets\/sandra-hueller-21322058.html\" rel=\"nofollow noopener\" target=\"_blank\">Sandra H\u00fcller<\/a> in dem Oscar-Gewinner f\u00fcr den besten internationalen Film.<\/p>\n<p class=\"text-element u-richtext u-typo u-typo--article-text article__text-element text-element--context-article\">\nFriedel war auch in international beachteten Serien dabei. Der geb\u00fcrtige Magdeburger spielte eine wiederkehrende Rolle in dem deutschen Exportschlager &#8222;Babylon <a class=\"taxonomy-entity place\" data-target-type=\"article\" href=\"https:\/\/www.gala.de\/stars\/themen\/berlin-20964548.html\" rel=\"nofollow noopener\" target=\"_blank\">Berlin<\/a>&#8222;. In der dritten Staffel der US-Satire &#8222;The White Lotus&#8220; mimte er den Hotelmanager Fabian.<\/p>\n<p>\nSpotOnNews\n<\/p>\n<p>#Themen<\/p>\n","protected":false},"excerpt":{"rendered":"Deutscher Filmpreis 2026 &#8222;Babylon Berlin&#8220;-Star moderiert die Gala Christian Friedel f\u00fchrt wieder durch die Verleihung des Deutschen Filmpreis.&hellip;\n","protected":false},"author":2,"featured_media":787278,"comment_status":"","ping_status":"","sticky":false,"template":"","format":"standard","meta":{"footnotes":"","_share_on_mastodon":"0"},"categories":[1825],"tags":[296,29,30],"class_list":["post-787277","post","type-post","status-publish","format-standard","has-post-thumbnail","category-berlin","tag-berlin","tag-deutschland","tag-germany"],"share_on_mastodon":{"url":"https:\/\/pubeurope.com\/@de\/116047872334366391","error":""},"_links":{"self":[{"href":"https:\/\/www.europesays.com\/de\/wp-json\/wp\/v2\/posts\/787277","targetHints":{"allow":["GET"]}}],"collection":[{"href":"https:\/\/www.europesays.com\/de\/wp-json\/wp\/v2\/posts"}],"about":[{"href":"https:\/\/www.europesays.com\/de\/wp-json\/wp\/v2\/types\/post"}],"author":[{"embeddable":true,"href":"https:\/\/www.europesays.com\/de\/wp-json\/wp\/v2\/users\/2"}],"replies":[{"embeddable":true,"href":"https:\/\/www.europesays.com\/de\/wp-json\/wp\/v2\/comments?post=787277"}],"version-history":[{"count":0,"href":"https:\/\/www.europesays.com\/de\/wp-json\/wp\/v2\/posts\/787277\/revisions"}],"wp:featuredmedia":[{"embeddable":true,"href":"https:\/\/www.europesays.com\/de\/wp-json\/wp\/v2\/media\/787278"}],"wp:attachment":[{"href":"https:\/\/www.europesays.com\/de\/wp-json\/wp\/v2\/media?parent=787277"}],"wp:term":[{"taxonomy":"category","embeddable":true,"href":"https:\/\/www.europesays.com\/de\/wp-json\/wp\/v2\/categories?post=787277"},{"taxonomy":"post_tag","embeddable":true,"href":"https:\/\/www.europesays.com\/de\/wp-json\/wp\/v2\/tags?post=787277"}],"curies":[{"name":"wp","href":"https:\/\/api.w.org\/{rel}","templated":true}]}}