{"id":787307,"date":"2026-02-10T19:16:27","date_gmt":"2026-02-10T19:16:27","guid":{"rendered":"https:\/\/www.europesays.com\/de\/787307\/"},"modified":"2026-02-10T19:16:27","modified_gmt":"2026-02-10T19:16:27","slug":"von-buerokratieabbau-kuenstlicher-intelligenz-und-nachwuchssuche","status":"publish","type":"post","link":"https:\/\/www.europesays.com\/de\/787307\/","title":{"rendered":"Von B\u00fcrokratieabbau, K\u00fcnstlicher Intelligenz und Nachwuchssuche"},"content":{"rendered":"<p> Pressemitteilung<\/p>\n<p><a href=\"https:\/\/www.filmpost.de\/javascript:;\" data-fancybox-trigger=\"galleryfipo\" rel=\"nofollow noopener\" target=\"_blank\"><br \/>\n<img decoding=\"async\" src=\"https:\/\/www.europesays.com\/de\/wp-content\/uploads\/2026\/02\/47701_029_Kreishandwerkerschaft_1.3437a9ba.jpg\" longdesc=\"\" alt=\"Viel Gl\u00fcck im Neuen Jahr: Kreishandwerksmeister Herbert May (links) und St\u00e4dteregionsrat Dr. Tim Gr\u00fcttemeier (2. v. r.) begleitet von einer Schornsteinfegerin und einem Schornsteinfeger beim traditionellen Empfang der Kreishandwerkerschaft im Haus - \" title=\"Viel Gl\u00fcck im Neuen Jahr: Kreishandwerksmeister Herbert May (links) und St\u00e4dteregionsrat Dr. Tim Gr\u00fcttemeier (2. v. r.) begleitet von einer Schornsteinfegerin und einem Schornsteinfeger beim traditionellen Empfang der Kreishandwerkerschaft im Haus - \"\/><br \/>\n<\/a><\/p>\n<p><strong>Austausch mit der Kreishandwerkerschaft im Haus der St\u00e4dteRegion.<\/strong><br \/><strong>\u00a0<\/strong><br \/><strong>St\u00e4dteRegion Aachen.<\/strong> \u201eAuch wenn man beim Einsatz von K\u00fcnstlicher Intelligenz vielleicht nicht als erstes ans Handwerk denkt, so gibt es doch mittlerweile etliche M\u00f6glichkeiten, KI-gest\u00fctzt Arbeitsabl\u00e4ufe zu erleichtern. Lassen Sie sich gerne darauf ein. Denn das ist doch die St\u00e4rke des Handwerks: Sich nicht vor Ver\u00e4nderung zu dr\u00fccken\u201c, so St\u00e4dteregionsrat Dr. Tim Gr\u00fcttemeier beim traditionellen Empfang der Kreishandwerkerschaft im Haus der St\u00e4dteRegion. Bei dem Austausch kamen G\u00e4ste wie Kreishandwerksmeister Herbert May, der Gesch\u00e4ftsf\u00fchrer der Kreishandwerkerschaft Aachen, Yannic Schmitt, B\u00fcrgermeisterinnen und B\u00fcrgermeistern der st\u00e4dteregionsangeh\u00f6rigen Kommunen, Vertreterinnen und Vertretern aus Verwaltung, Kommunal-, Landes- und Bundespolitik zusammen. Dabei ging es unter anderem um die aktuellen organisatorischen und wirtschaftlichen Herausforderungen der mehr als 20 Innungen. Darunter den Fachkr\u00e4ftemangel, die Auswirkungen des andauernden Ukrainekrieges wie Steigerungen bei Energiepreisen, Materialkosten, Zinsen und Inflation, zunehmende B\u00fcrokratie sowie weitere gesetzliche Vorgaben. Hinzu kommen neue Anforderungen was Nachhaltigkeit angeht, auch in Bezug auf Dokumentationspflichten, Arbeitsschutz und Digitalisierung. Das koste Zeit, Geld und Nerven \u2013 Ressourcen, die im Arbeitsalltag ohnehin knapp sind. \u201eOb Energiewende, neue Baustandards oder moderne Fertigungstechniken: Handwerksbetriebe sind nicht nur Betroffene, sondern sogar aktive Mitgestalter des Strukturwandels\u201c, f\u00fchrte Gr\u00fcttemeier weiter aus.<br \/>\u00a0<br \/>Kreishandwerksmeister Herbert May appellierte an die anwesenden Vertreterinnen und Vertreter aus der Landes- und Bundespolitik, bei handwerksrelevanten Themen aktiv auf die Kreishandwerkerschaft zuzukommen. \u201eWir stehen unterst\u00fctzend und beratend zur Verf\u00fcgung. Egal ob Vergabe, Verkehr, Genehmigungen, Ausbildung oder Fachkr\u00e4ftesicherung: je fr\u00fcher wir sprechen, desto einfacher wird die L\u00f6sung\u201c, so May. \u201eUnser gemeinsames Ziel sollte sein: B\u00fcrokratieabbau, der in der Werkstatt und auf der Baustelle ankommt\u201c, erkl\u00e4rte er weiter.<br \/>\u00a0<br \/>Lobende Worte gab es unter anderem f\u00fcr den Kampf gegen Schwarzarbeit. Hier machen die Kreishandwerkerschaften und Ordnungsbeh\u00f6rden in der St\u00e4dteRegion, den Kreisen D\u00fcren, Heinsberg und Euskirchen jetzt verst\u00e4rkt gemeinsame Sache. Als weiteres hervorragendes Beispiel, wie Zusammenarbeit funktionieren kann, f\u00fchrte Herbert May den starken Austausch von KFZ-Innung und Stra\u00dfenverkehrsamt an: \u201eProduktiv, ehrlich \u2013 und vor allem auf Augenh\u00f6he. Wenn solche Formate Schule machen, gewinnen alle: Verwaltung, Betriebe und die B\u00fcrgerinnen und B\u00fcrger\u201c, so May.<br \/>\u00a0<br \/>Mit Stolz verwies der St\u00e4dteregionsrat auf den neuen Rekord beim gef\u00f6rderten Wohnungsbau im vergangenen Jahr: \u201eF\u00fcr die Gesamtf\u00f6rdersumme von 118 Millionen Euro entstehen mehr als 500 bezahlbare Wohneinheiten. Die Nachfrage und Antragslage nach Wohnraumf\u00f6rdermitteln ist in der St\u00e4dteRegion weiterhin enorm: So sind f\u00fcr 2026 und 2027 schon viele Projekte in Planung und Beratung, die die Wohnraumf\u00f6rderung der St\u00e4dteRegion von Beginn an eng begleitet\u201c, so Gr\u00fcttemeier. Beim Thema Fachkr\u00e4fte- und Nachwuchsmangel machten Gr\u00fcttemeier und May auf die wachsende Bedeutung der Gewinnung von Fachkr\u00e4ften aus dem Ausland aufmerksam. Zentrale Anlaufstelle f\u00fcr neu zugewanderte und gefl\u00fcchtete Menschen, internationale Fachkr\u00e4fte sowie Unternehmen in der St\u00e4dteRegion Aachen ist das Kompetenzzentrum Integration und Arbeit in den Aachen Arkaden, das jetzt um das Welcome Center Rheinisches Revier erg\u00e4nzt wird.<br \/>\u00a0<br \/>\u201eMir ist wichtig, dass wir als Kommune an der Stelle unterst\u00fctzen, wo wir das k\u00f6nnen, sei es bei eigenen Investitionen, die wir zum Beispiel im Schul- und Kita-Bereich t\u00e4tigen, aber auch da, wo wir als Verwaltung dem Handwerk das Leben ein bisschen leichter machen k\u00f6nnen\u201c, so Dr. Tim Gr\u00fcttemeier zusammenfassend. Gemeinsam \u2013 da waren sich alle Beteiligten sicher \u2013 wird man in der St\u00e4dteRegion Aachen die Herausforderungen der Zukunft auch im Handwerk meistern.<\/p>\n<p>&#13;<\/p>\n<p><strong>red<\/strong><\/p>\n<p>    <a href=\"https:\/\/www.filmpost.de\/assets\/medienquellen\/galerien\/assets\/galleries\/29834\/47701_029_Kreishandwerkerschaft_1.jpg\" data-fancybox=\"galleryfipo\" data-caption=\"Viel Gl\u00fcck im Neuen Jahr: Kreishandwerksmeister Herbert May (links) und St\u00e4dteregionsrat Dr. Tim Gr\u00fcttemeier (2. v. r.) begleitet von einer Schornsteinfegerin und einem Schornsteinfeger beim traditionellen Empfang der Kreishandwerkerschaft im Haus  \" rel=\"nofollow noopener\" target=\"_blank\"><br \/>\n        <img decoding=\"async\" title=\"Viel Gl\u00fcck im Neuen Jahr: Kreishandwerksmeister Herbert May (links) und St\u00e4dteregionsrat Dr. Tim Gr\u00fcttemeier (2. v. r.) begleitet von einer Schornsteinfegerin und einem Schornsteinfeger beim traditionellen Empfang der Kreishandwerkerschaft im Haus\" src=\"https:\/\/www.europesays.com\/de\/wp-content\/uploads\/2026\/02\/47701_f5f8c45de21273f0a31ca32299101729.13b9be1c.jpg\"\/><\/p>\n<p>    <\/a><\/p>\n<p>    <a href=\"https:\/\/www.filmpost.de\/assets\/medienquellen\/galerien\/assets\/galleries\/29834\/47700_029_Kreishandwerkerschaft_2.jpg\" data-fancybox=\"galleryfipo\" data-caption=\"Bei dem Austausch kamen G\u00e4ste aus den Handwerksinnungen, B\u00fcrgermeisterinnen und B\u00fcrgermeister der st\u00e4dteregionsangeh\u00f6rigen Kommunen, Vertreterinnen und Vertreter aus Verwaltung, Kommunal-, Landes- und Bundespolitik zusammen. Foto Marijke Stasch,  \" rel=\"nofollow noopener\" target=\"_blank\"><br \/>\n        <img decoding=\"async\" title=\"Bei dem Austausch kamen G\u00e4ste aus den Handwerksinnungen, B\u00fcrgermeisterinnen und B\u00fcrgermeister der st\u00e4dteregionsangeh\u00f6rigen Kommunen, Vertreterinnen und Vertreter aus Verwaltung, Kommunal-, Landes- und Bundespolitik zusammen. Foto Marijke Stasch,\" src=\"https:\/\/www.europesays.com\/de\/wp-content\/uploads\/2026\/02\/47700_73ac539326ef0946dc38089a193c4629.13b9be1c.jpg\"\/><\/p>\n<p>    <\/a><\/p>\n<p>\u00a0<\/p>\n","protected":false},"excerpt":{"rendered":"Pressemitteilung Austausch mit der Kreishandwerkerschaft im Haus der St\u00e4dteRegion.\u00a0St\u00e4dteRegion Aachen. \u201eAuch wenn man beim Einsatz von K\u00fcnstlicher Intelligenz&hellip;\n","protected":false},"author":2,"featured_media":787308,"comment_status":"","ping_status":"","sticky":false,"template":"","format":"standard","meta":{"footnotes":"","_share_on_mastodon":"0"},"categories":[1853],"tags":[1424,3364,29,548,663,3934,30,13,14,15,1209,12],"class_list":["post-787307","post","type-post","status-publish","format-standard","has-post-thumbnail","category-aachen","tag-aachen","tag-de","tag-deutschland","tag-eu","tag-europa","tag-europe","tag-germany","tag-headlines","tag-nachrichten","tag-news","tag-nordrhein-westfalen","tag-schlagzeilen"],"share_on_mastodon":{"url":"https:\/\/pubeurope.com\/@de\/116047943152416741","error":""},"_links":{"self":[{"href":"https:\/\/www.europesays.com\/de\/wp-json\/wp\/v2\/posts\/787307","targetHints":{"allow":["GET"]}}],"collection":[{"href":"https:\/\/www.europesays.com\/de\/wp-json\/wp\/v2\/posts"}],"about":[{"href":"https:\/\/www.europesays.com\/de\/wp-json\/wp\/v2\/types\/post"}],"author":[{"embeddable":true,"href":"https:\/\/www.europesays.com\/de\/wp-json\/wp\/v2\/users\/2"}],"replies":[{"embeddable":true,"href":"https:\/\/www.europesays.com\/de\/wp-json\/wp\/v2\/comments?post=787307"}],"version-history":[{"count":0,"href":"https:\/\/www.europesays.com\/de\/wp-json\/wp\/v2\/posts\/787307\/revisions"}],"wp:featuredmedia":[{"embeddable":true,"href":"https:\/\/www.europesays.com\/de\/wp-json\/wp\/v2\/media\/787308"}],"wp:attachment":[{"href":"https:\/\/www.europesays.com\/de\/wp-json\/wp\/v2\/media?parent=787307"}],"wp:term":[{"taxonomy":"category","embeddable":true,"href":"https:\/\/www.europesays.com\/de\/wp-json\/wp\/v2\/categories?post=787307"},{"taxonomy":"post_tag","embeddable":true,"href":"https:\/\/www.europesays.com\/de\/wp-json\/wp\/v2\/tags?post=787307"}],"curies":[{"name":"wp","href":"https:\/\/api.w.org\/{rel}","templated":true}]}}