{"id":787465,"date":"2026-02-10T20:40:11","date_gmt":"2026-02-10T20:40:11","guid":{"rendered":"https:\/\/www.europesays.com\/de\/787465\/"},"modified":"2026-02-10T20:40:11","modified_gmt":"2026-02-10T20:40:11","slug":"moenchengladbach-ohler-10-02-2026-1619-uhr-landscheidung","status":"publish","type":"post","link":"https:\/\/www.europesays.com\/de\/787465\/","title":{"rendered":"M\u00f6nchengladbach-Ohler;, 10.02.2026, 16:19 Uhr, Landscheidung"},"content":{"rendered":"<p>&#13;<br \/>\n\t&#13;<br \/>\n\t\t<a href=\"https:\/\/www.ad-hoc-news.de\/themen\/Feuerwehr\" class=\"keywords\" style=\"color:#9e0f15;\" rel=\"nofollow noopener\" target=\"_blank\">Feuerwehr<\/a>, <a href=\"https:\/\/www.ad-hoc-news.de\/themen\/Unfall\" class=\"keywords\" style=\"color:#9e0f15;\" rel=\"nofollow noopener\" target=\"_blank\">Unfall<\/a>\t\t&#13;<br \/>\n\t\t10.02.2026 &#8211; 19:24:44&#13;<br \/>\n\t&#13;<\/p>\n<p class=\"teaser\">M\u00f6nchengladbach-Ohler;, 10.02.2026, 16:19 Uhr, Landscheidung &#8211; Am sp\u00e4ten Dienstagnachmittag kam es auf der Stra\u00dfe Landscheidung zu einem Alleinunfall eines Pkw. Aus bislang ungekl\u00e4rter Ursache kam das Fahrzeug von der Fahrbahn ab und fuhr in eine B\u00f6schung. Beim \u00dcberfahren eines Wurzelstumpfes wurde der Pkw, der mit einer Person und einem Hund besetzt war, erheblich besch\u00e4digt.<\/p>\n<p>&#13;<br \/>\n&#13;<br \/>\n\t\t&#13;<br \/>\n\t&#13;<br \/>\n\t&#13;<br \/>\n\t\t\t\t\t\t\t\t\t&#13;<\/p>\n<p>Noch vor dem Eintreffen der Einsatzkr\u00e4fte konnte sich die Person selbstst\u00e4ndig aus dem Fahrzeug befreien. Aufgrund der beim Unfall auf den K\u00f6rper wirkenden Kr\u00e4fte sowie des medizinischen Zustands wurde die Person zur weiteren Behandlung in ein st\u00e4dtisches Krankenhaus transportiert.<\/p>\n<p>Der Hund blieb augenscheinlich unverletzt.<\/p>\n<p>Alarmiert waren der L\u00f6sch- und Hilfeleistungszug der Feuer- und Rettungswache II (Holt), der R\u00fcstwagen aus dem Technik- und Logistikzentrum (Holt), ein Rettungswagen, ein Notarzt sowie der F\u00fchrungsdienst der Berufsfeuerwehr.<\/p>\n<p>Einsatzleiter: Zugf\u00fchrer in Ausbildung Hauptbrandmeister Markus Launer unter Aufsicht von Brandamtsrat Jens R\u00f6ttgers<\/p>\n<p>R\u00fcckfragen bitte an:<\/p>\n<p>Stadt M\u00f6nchengladbach<br \/>Fachbereich 37 &#8211; Feuerwehr<br \/>F\u00fchrungs- und Lagezentrum<br \/>Stockholtweg 132<br \/>41238 M\u00f6nchengladbach<\/p>\n<p>Telefon: 02166\/9989-0<br \/>Fax: 02166\/9989-37729<br \/>E-Mail: <a href=\"https:\/\/www.ad-hoc-news.de\/polizeimeldungen\/moenchengladbach-ohler-10-02-2026-16-19-uhr-landscheidung-am-spaeten\/mailto: leitstelle.feuerwehr@moenchengladbach.de\" rel=\"nofollow noopener\" target=\"_blank\"> leitstelle.feuerwehr@moenchengladbach.de<\/a><br \/><a target=\"_blank\" rel=\"noopener nofollow\" href=\"http:\/\/www.feuerwehr-mg.de\/\">http:\/\/www.feuerwehr-mg.de\/<\/a><\/p>\n<p class=\"origin\">Original-Content von: Feuerwehr M\u00f6nchengladbach \u00fcbermittelt durch news aktuell<\/p>\n<p>http:\/\/ots.de\/5ed328<\/p>\n<p>\t&#13;<br \/>\n&#13;<br \/>\n\t\t\t\t&#13;<\/p>\n","protected":false},"excerpt":{"rendered":"&#13; &#13; Feuerwehr, Unfall &#13; 10.02.2026 &#8211; 19:24:44&#13; &#13; M\u00f6nchengladbach-Ohler;, 10.02.2026, 16:19 Uhr, Landscheidung &#8211; Am sp\u00e4ten Dienstagnachmittag&hellip;\n","protected":false},"author":2,"featured_media":189074,"comment_status":"","ping_status":"","sticky":false,"template":"","format":"standard","meta":{"footnotes":"","_share_on_mastodon":"0"},"categories":[1849],"tags":[3364,29,548,663,3934,985,30,13,4455,14,15,1209,12,1284],"class_list":["post-787465","post","type-post","status-publish","format-standard","has-post-thumbnail","category-moenchengladbach","tag-de","tag-deutschland","tag-eu","tag-europa","tag-europe","tag-feuerwehr","tag-germany","tag-headlines","tag-moenchengladbach","tag-nachrichten","tag-news","tag-nordrhein-westfalen","tag-schlagzeilen","tag-unfall"],"share_on_mastodon":{"url":"https:\/\/pubeurope.com\/@de\/116048273821996430","error":""},"_links":{"self":[{"href":"https:\/\/www.europesays.com\/de\/wp-json\/wp\/v2\/posts\/787465","targetHints":{"allow":["GET"]}}],"collection":[{"href":"https:\/\/www.europesays.com\/de\/wp-json\/wp\/v2\/posts"}],"about":[{"href":"https:\/\/www.europesays.com\/de\/wp-json\/wp\/v2\/types\/post"}],"author":[{"embeddable":true,"href":"https:\/\/www.europesays.com\/de\/wp-json\/wp\/v2\/users\/2"}],"replies":[{"embeddable":true,"href":"https:\/\/www.europesays.com\/de\/wp-json\/wp\/v2\/comments?post=787465"}],"version-history":[{"count":0,"href":"https:\/\/www.europesays.com\/de\/wp-json\/wp\/v2\/posts\/787465\/revisions"}],"wp:featuredmedia":[{"embeddable":true,"href":"https:\/\/www.europesays.com\/de\/wp-json\/wp\/v2\/media\/189074"}],"wp:attachment":[{"href":"https:\/\/www.europesays.com\/de\/wp-json\/wp\/v2\/media?parent=787465"}],"wp:term":[{"taxonomy":"category","embeddable":true,"href":"https:\/\/www.europesays.com\/de\/wp-json\/wp\/v2\/categories?post=787465"},{"taxonomy":"post_tag","embeddable":true,"href":"https:\/\/www.europesays.com\/de\/wp-json\/wp\/v2\/tags?post=787465"}],"curies":[{"name":"wp","href":"https:\/\/api.w.org\/{rel}","templated":true}]}}