{"id":787574,"date":"2026-02-10T21:37:25","date_gmt":"2026-02-10T21:37:25","guid":{"rendered":"https:\/\/www.europesays.com\/de\/787574\/"},"modified":"2026-02-10T21:37:25","modified_gmt":"2026-02-10T21:37:25","slug":"21-jahre-nach-mord-hatun-sueruecues-sohn-kaempft-gegen-das-vergessen-regional","status":"publish","type":"post","link":"https:\/\/www.europesays.com\/de\/787574\/","title":{"rendered":"21 Jahre nach Mord: Hatun S\u00fcr\u00fcc\u00fcs Sohn k\u00e4mpft gegen das Vergessen | Regional"},"content":{"rendered":"<p><a class=\"skip-content skip-content--link\" href=\"#in-content-skip-link-target-v-0-0\">TTS-Player \u00fcberspringen\u21b5<\/a><a id=\"in-content-skip-link-target-v-0-0\" class=\"skip-content--target-link-hidden skip-content skip-content--target-link\" href=\"#in-content-skip-link-target-v-0-0\">Artikel weiterlesen<\/a><\/p>\n<p>Berlin \u2013 <b>Can war 5 Jahre alt, als seine Mutter Hatun S\u00fcr\u00fcc\u00fc ermordet wurde. Einer ihrer Br\u00fcder erschoss die damals 23-J\u00e4hrige am 7. Februar 2005 an einer Bushaltestelle in Tempelhof. Gegen den Willen ihrer Familie hatte die Deutsch-T\u00fcrkin ihr Kopftuch abgelegt und einen Beruf gelernt. \u201eIch bin stolz auf meine Mama\u201c, sagte ihr Sohn am Montag &#8211; 21 Jahre nach dem furchtbaren Tod seiner Mutter. <\/b><\/p>\n<p><a href=\"https:\/\/www.bild.de\/regional\/berlin\/gedenken-in-berlin-femizid-an-hatun-sueruecue-jaehrt-sich-zum-20-mal-67a4887d962f9c5582b7878a\" class=\"text-link\" rel=\"nofollow noopener\" target=\"_blank\">Hatun S\u00fcr\u00fcc\u00fcs sinnloser Tod<\/a> l\u00f6ste in Deutschland auch eine Diskussion um patriarchale Strukturen in muslimischen Einwandererfamilien aus. Ihr Sohn Can (26), der heute in der N\u00e4he von Stuttgart lebt, hat sich mit der Geschichte seiner Mutter und ihrer gemeinsamen Zeit zuletzt immer wieder besch\u00e4ftigt und sich auf Youtube, Tiktok und Instagram dazu ge\u00e4u\u00dfert. Es sei ihm darum gegangen, als Sohn Stellung zu nehmen und daf\u00fcr zu sorgen, dass sie nicht in Vergessenheit gerate. <\/p>\n<p><img decoding=\"async\" width=\"992\" height=\"558\" alt=\"Zum Gedenken an Hatun S\u00fcr\u00fcc\u00fc fand zwei Jahre nach ihrer Ermordung am Ort ihrer Ermordung eine Gedenkfeier statt\" src=\"https:\/\/www.europesays.com\/de\/wp-content\/uploads\/2026\/02\/3686b353e2bd06c137d8333478d932f6,3ec30e92.jpeg\"   class=\"landscape\" loading=\"lazy\"\/><\/p>\n<p class=\"fig__caption__text\">Zum Gedenken an Hatun S\u00fcr\u00fcc\u00fc fand zwei Jahre nach ihrer Ermordung am Ort ihrer Ermordung eine Gedenkfeier statt<\/p>\n<p>Foto: picture-alliance\/ dpa<\/p>\n<p>Aus diesem Grund sei er auf Spurensuche gegangen nach der Zeit, in der er mit seiner Mutter in <a href=\"https:\/\/www.bild.de\/regional\/berlin\/berlin-regional\/home-15823246.bild.html\" class=\"text-link\" rel=\"nofollow noopener\" target=\"_blank\">Berlin <\/a>gelebt habe. Es sei ihm darum gegangen, sich die Vergangenheit zur\u00fcckzuholen. In seinen Videobeitr\u00e4gen erz\u00e4hlt er etwa von dem Spielplatz, auf dem er mit seiner Mutter war, der Kita, die er besucht hat, von der Wohnung, in der sie gelebt haben. Er habe viele Reaktionen auf seine Beitr\u00e4ge bekommen, fast ausschlie\u00dflich positive und oft von jungen Frauen, die ihm ihre Geschichte erz\u00e4hlen wollten. <\/p>\n<p>Mehr zum ThemaHatun S\u00fcr\u00fcc\u00fc kein Einzelfall<\/p>\n<p>Berlins Regierender B\u00fcrgermeister Kai Wegner (53, <a href=\"https:\/\/www.bild.de\/politik\/inland\/cdu\/cdu-csu-alle-infos-76661590.bild.html\" target=\"_blank\" class=\"text-link\" rel=\"nofollow noopener\">CDU<\/a>) sieht bei dem Thema dringenden Diskussionsbedarf. \u201eHatun S\u00fcr\u00fcc\u00fc war kein Einzelfall\u201c, sagte er am Montag bei einer Veranstaltung im Roten Rathaus anl\u00e4sslich ihres 21. Todestags. \u201eGenau deshalb ist es gut, dass wir dar\u00fcber sprechen.\u201c Wegner forderte eine offene Diskussion \u00fcber die Hintergr\u00fcnde solcher <a href=\"https:\/\/www.bild.de\/themen\/ereignisse\/mord\/nachrichten-news-fotos-videos-21394242.bild.html\" class=\"text-link\" rel=\"nofollow noopener\" target=\"_blank\">Morde gegen Frauen<\/a> aus muslimischen Familien. \u201eIch glaube, es ist wichtig, Dinge beim Namen zu nennen, um Probleme zu l\u00f6sen. Wenn ich zu einem Arzt gehe, der keine Diagnose stellt, wird er mich auch nicht behandeln k\u00f6nnen\u201c, sagte der CDU-Politiker. \u201eDeswegen m\u00fcssen sogenannte Ehrenmorde beim Namen benannt werden.\u201c <\/p>\n<p><img decoding=\"async\" width=\"992\" height=\"558\" alt=\"Die Grabstelle von Hatun S\u00fcr\u00fcc\u00fc im Jahr 2020 auf dem islamischen Friedhof in Gatow\" src=\"https:\/\/www.europesays.com\/de\/wp-content\/uploads\/2026\/02\/e94f7567b7d867e1587be227476250fa,dbea3b91.jpeg\"   class=\"landscape\" loading=\"lazy\"\/><\/p>\n<p class=\"fig__caption__text\">Die Grabstelle von Hatun S\u00fcr\u00fcc\u00fc im Jahr 2020 auf dem islamischen Friedhof in Gatow<\/p>\n<p>Foto: Jens Kalaene\/dpa-Zentralbild\/dpa<\/p>\n<p>Wegner sagte, auch in Berlin gebe es Bedrohungen und Gewalt gegen jungen Frauen und M\u00e4dchen. \u201eAuch im Namen der sogenannten Ehre. Das passt nicht zu unserer freiheitlichen Art des Zusammenlebens. Das sind Dinge, wo wir ran m\u00fcssen, die wir nicht l\u00e4nger verschleiern d\u00fcrfen.\u201c Wegner bedankte sich ausdr\u00fccklich bei <a href=\"https:\/\/www.bild.de\/regional\/berlin\/hatun-sueruecue-sohn-von-femizid-opfer-spricht-ueber-seine-mutter-692eaa79158dcfd10d2d0bb6\" target=\"_blank\" class=\"text-link\" rel=\"nofollow noopener\">Can S\u00fcr\u00fcc\u00fc<\/a>: \u201eIch bin wahnsinnig beeindruckt, wie du mit der Geschichte, mit dem Leben deiner Mutter umgehst\u201c, sagte er. Es sei wichtig zu erz\u00e4hlen, was passiert sei. <\/p>\n<p><a class=\"article-image__anchor\" href=\"https:\/\/www.bild.de\/leben-wissen\/gegen-gewalt-an-frauen-9l13N8N5hD0n9VDF7DCH?t_ref=https%253A%252F%252Fstatics.teams.cdn.office.net%252F\" target=\"false\" rel=\"false nofollow noopener\"><img decoding=\"async\" width=\"992\" height=\"186\" alt=\"\" src=\"https:\/\/www.europesays.com\/de\/wp-content\/uploads\/2026\/02\/a3f84a087fe1be06e0863528b3c82964,3da1e7c9.jpeg\"   class=\"dynamic\" loading=\"lazy\"\/><\/a><\/p>\n<p>Foto: BILD<\/p>\n<p>Risiko real, ermordet zu werden<\/p>\n<p>Sevil Yildirim vom Projekt MaDonna M\u00e4dchentreff in Neuk\u00f6lln erg\u00e4nzte, Themen wie Zwangsheirat seien kein Nischenproblem. Und f\u00fcr diejenigen, die sich nicht beugten, sei das Risiko real, ermordet zu werden \u2013 zum Teil nicht in Deutschland, sondern in ihren Heimatl\u00e4ndern. Wichtig sei, f\u00fcr Frauen, die auf diese Weise bedroht seien, in Berlin noch mehr Schutzr\u00e4ume zu schaffen.<\/p>\n<p>In solchen F\u00e4llen gehe es nicht um einen Mord, den nur ein Einzelner zu verantworten habe. \u201eDie ganze Familie beschlie\u00dft, jemanden zu ermorden\u201c, sagte sie. Yildirim pl\u00e4dierte daf\u00fcr, solche F\u00e4lle nicht mit dem allgemeinen Begriff <a href=\"https:\/\/www.bild.de\/leben-wissen\/gegen-gewalt-an-frauen-9l13N8N5hD0n9VDF7DCH\" target=\"_blank\" class=\"text-link\" rel=\"nofollow noopener\">Femizid<\/a> zu bezeichnen, der dem Hintergrund nicht gerecht werde.  Auch Bildungssenatorin Katharina G\u00fcnther-W\u00fcnsch (CDU) sagte, das Thema habe nicht an Dringlichkeit und Gewicht verloren. \u201eDas Erste, was wir machen m\u00fcssen, ist, es auszusprechen.\u201c<\/p>\n","protected":false},"excerpt":{"rendered":"TTS-Player \u00fcberspringen\u21b5Artikel weiterlesen Berlin \u2013 Can war 5 Jahre alt, als seine Mutter Hatun S\u00fcr\u00fcc\u00fc ermordet wurde. Einer&hellip;\n","protected":false},"author":2,"featured_media":787575,"comment_status":"","ping_status":"","sticky":false,"template":"","format":"standard","meta":{"footnotes":"","_share_on_mastodon":"0"},"categories":[1825],"tags":[296,29,30,2183,526,45,143],"class_list":["post-787574","post","type-post","status-publish","format-standard","has-post-thumbnail","category-berlin","tag-berlin","tag-deutschland","tag-germany","tag-mord","tag-neukoelln","tag-texttospeech","tag-tuerkei"],"share_on_mastodon":{"url":"https:\/\/pubeurope.com\/@de\/116048497814079430","error":""},"_links":{"self":[{"href":"https:\/\/www.europesays.com\/de\/wp-json\/wp\/v2\/posts\/787574","targetHints":{"allow":["GET"]}}],"collection":[{"href":"https:\/\/www.europesays.com\/de\/wp-json\/wp\/v2\/posts"}],"about":[{"href":"https:\/\/www.europesays.com\/de\/wp-json\/wp\/v2\/types\/post"}],"author":[{"embeddable":true,"href":"https:\/\/www.europesays.com\/de\/wp-json\/wp\/v2\/users\/2"}],"replies":[{"embeddable":true,"href":"https:\/\/www.europesays.com\/de\/wp-json\/wp\/v2\/comments?post=787574"}],"version-history":[{"count":0,"href":"https:\/\/www.europesays.com\/de\/wp-json\/wp\/v2\/posts\/787574\/revisions"}],"wp:featuredmedia":[{"embeddable":true,"href":"https:\/\/www.europesays.com\/de\/wp-json\/wp\/v2\/media\/787575"}],"wp:attachment":[{"href":"https:\/\/www.europesays.com\/de\/wp-json\/wp\/v2\/media?parent=787574"}],"wp:term":[{"taxonomy":"category","embeddable":true,"href":"https:\/\/www.europesays.com\/de\/wp-json\/wp\/v2\/categories?post=787574"},{"taxonomy":"post_tag","embeddable":true,"href":"https:\/\/www.europesays.com\/de\/wp-json\/wp\/v2\/tags?post=787574"}],"curies":[{"name":"wp","href":"https:\/\/api.w.org\/{rel}","templated":true}]}}