{"id":787576,"date":"2026-02-10T21:38:15","date_gmt":"2026-02-10T21:38:15","guid":{"rendered":"https:\/\/www.europesays.com\/de\/787576\/"},"modified":"2026-02-10T21:38:15","modified_gmt":"2026-02-10T21:38:15","slug":"berlin-galeria-warenhaus-am-alexanderplatz-bleibt-bis-mindestens-ende-maerz-2027","status":"publish","type":"post","link":"https:\/\/www.europesays.com\/de\/787576\/","title":{"rendered":"Berlin: Galeria-Warenhaus am Alexanderplatz bleibt bis mindestens Ende M\u00e4rz 2027"},"content":{"rendered":"<p>            <img loading=\"lazy\" decoding=\"async\" class=\"ts-image\" src=\"https:\/\/www.europesays.com\/de\/wp-content\/uploads\/2026\/02\/rbb-audio-rbb24-10-02-2026-jonas-wintermantel-100.jpg\" alt=\"Das Kaufhaus Galeria Kaufhof am Alexanderplatz. (Quelle: dpa\/Sebastian Gollnow)\" title=\"Audio: rbb|24 | 10.02.2026 | Jonas Wintermantel | dpa\/Sebastian Gollnow\"\/><\/p>\n<p class=\"metatextline\">Stand: 10.02.2026 20:20 Uhr<\/p>\n<p class=\"textabsatz m-ten m-offset-one l-eight l-offset-two columns twelve\">Der Mietvertrag f\u00fcr das Galeria-Warenhaus am Berliner Alexanderplatz wird erneut verl\u00e4ngert. Das erfuhr der rbb aus Verhandlungskreisen.<\/p>\n<p>Der bisherige Vertrag <a href=\"https:\/\/www.rbb24.de\/wirtschaft\/beitrag\/2025\/09\/berlin-galeria-kaufhof-alexanderplatz-mietvertrag-verlaengert.html\" title=\"w\u00e4re im August dieses Jahres ausgelaufen\" class=\"textlink--extern\" target=\"_blank\" rel=\"noopener nofollow\">w\u00e4re im August dieses Jahres ausgelaufen<\/a>. Nun soll Galeria mit seinen rund 350 Mitarbeitenden am Alexanderplatz noch bis Ende M\u00e4rz 2027 Aufschub erhalten. Darauf hat sich der Warenhauskonzern mit dem Eigent\u00fcmer des Geb\u00e4udes, der Gesellschaft Commerz Real, geeinigt. Zuerst hatte der &#8222;<a href=\"https:\/\/www.tagesspiegel.de\/berlin\/warenhaus-am-alex-bericht-galeria-erhalt-mehr-zeit-am-alexanderplatz-15237763.html\" title=\"Tagesspiegel\" class=\"textlink--extern js-link-dialog\" rel=\"noopener noreferrer nofollow\" target=\"_blank\" data-type=\"external\">Tagesspiegel<\/a>&#8220; berichtet.<\/p>\n<p>    Bislang noch keine Einigung \u00fcber langfristige L\u00f6sung<\/p>\n<p class=\"textabsatz m-ten m-offset-one l-eight l-offset-two columns twelve\">Der Senat strebt an, Galeria langfristig am Alexanderplatz zu halten. Das will auch der Konzern, allerdings mit deutlich weniger Fl\u00e4che als bislang. Commerz Real war bislang aber nur bereit, ein kleineres Warenhaus als Mieter zu akzeptieren, wenn gleichzeitig <a href=\"https:\/\/www.rbb24.de\/kultur\/beitrag\/2025\/09\/zentral-und-landesbibliothek-berlin-alex-gebaeude-senat.html\" title=\"die Zentral- und Landesbibliothek als neuer Hauptmieter in das Geb\u00e4ude zieht\" class=\"textlink--extern\" target=\"_blank\" rel=\"noopener nofollow\">die Zentral- und Landesbibliothek als neuer Hauptmieter in das Geb\u00e4ude zieht<\/a>.<\/p>\n<p>Diese L\u00f6sung scheiterte bislang jedoch an sehr unterschiedlichen Preisvorstellungen. Die Verl\u00e4ngerung des Mietvertrages f\u00fcr <a href=\"https:\/\/www.rbb24.de\/wirtschaft\/beitrag\/2024\/08\/galeria-kaufhof-karstadt-name-anderung-galeria-berlin-brandenburg.html\" title=\"Galeria \" class=\"textlink--extern\" target=\"_blank\" rel=\"noopener nofollow\">Galeria <\/a>gibt nun dem Senat Zeit, eine L\u00f6sung auszuhandeln.<\/p>\n<p class=\"textabsatz m-ten m-offset-one l-eight l-offset-two columns twelve\">Sendung: rbb|24, 10.02.2026, 20:10 Uhr<\/p>\n<p>                                        <a class=\"backlink__link\" href=\"https:\/\/www.rbb24.de\/wirtschaft\/beitrag\/2026\/02\/berlin-galeria-warenhaus-alexanderplatz-vertrag-verlaengert.html\" rel=\"nofollow noopener\" target=\"_blank\"><\/p>\n<p>                                                <img decoding=\"async\" src=\"https:\/\/images.tagesschau.de\/image\/898f19c3-6760-4be2-a33f-1fa765216ec2\/AAABlap_olM\/AAABmyZDc0k\/original\/lra-rbb-logo-100.svg\" alt=\"Rundfunk Berlin-Brandenburg\"\/><\/p>\n<p>                                        <\/a><\/p>\n","protected":false},"excerpt":{"rendered":"Stand: 10.02.2026 20:20 Uhr Der Mietvertrag f\u00fcr das Galeria-Warenhaus am Berliner Alexanderplatz wird erneut verl\u00e4ngert. Das erfuhr der&hellip;\n","protected":false},"author":2,"featured_media":787577,"comment_status":"","ping_status":"","sticky":false,"template":"","format":"standard","meta":{"footnotes":"","_share_on_mastodon":"0"},"categories":[1825],"tags":[296,29,30,2239],"class_list":["post-787576","post","type-post","status-publish","format-standard","has-post-thumbnail","category-berlin","tag-berlin","tag-deutschland","tag-germany","tag-rbb"],"share_on_mastodon":{"url":"https:\/\/pubeurope.com\/@de\/116048501800603111","error":""},"_links":{"self":[{"href":"https:\/\/www.europesays.com\/de\/wp-json\/wp\/v2\/posts\/787576","targetHints":{"allow":["GET"]}}],"collection":[{"href":"https:\/\/www.europesays.com\/de\/wp-json\/wp\/v2\/posts"}],"about":[{"href":"https:\/\/www.europesays.com\/de\/wp-json\/wp\/v2\/types\/post"}],"author":[{"embeddable":true,"href":"https:\/\/www.europesays.com\/de\/wp-json\/wp\/v2\/users\/2"}],"replies":[{"embeddable":true,"href":"https:\/\/www.europesays.com\/de\/wp-json\/wp\/v2\/comments?post=787576"}],"version-history":[{"count":0,"href":"https:\/\/www.europesays.com\/de\/wp-json\/wp\/v2\/posts\/787576\/revisions"}],"wp:featuredmedia":[{"embeddable":true,"href":"https:\/\/www.europesays.com\/de\/wp-json\/wp\/v2\/media\/787577"}],"wp:attachment":[{"href":"https:\/\/www.europesays.com\/de\/wp-json\/wp\/v2\/media?parent=787576"}],"wp:term":[{"taxonomy":"category","embeddable":true,"href":"https:\/\/www.europesays.com\/de\/wp-json\/wp\/v2\/categories?post=787576"},{"taxonomy":"post_tag","embeddable":true,"href":"https:\/\/www.europesays.com\/de\/wp-json\/wp\/v2\/tags?post=787576"}],"curies":[{"name":"wp","href":"https:\/\/api.w.org\/{rel}","templated":true}]}}