{"id":787580,"date":"2026-02-10T21:40:10","date_gmt":"2026-02-10T21:40:10","guid":{"rendered":"https:\/\/www.europesays.com\/de\/787580\/"},"modified":"2026-02-10T21:40:10","modified_gmt":"2026-02-10T21:40:10","slug":"alba-berlin-schlaegt-bursa-und-steht-im-viertelfinale-der-champions-league","status":"publish","type":"post","link":"https:\/\/www.europesays.com\/de\/787580\/","title":{"rendered":"Alba Berlin schl\u00e4gt Bursa und steht im Viertelfinale der Champions League"},"content":{"rendered":"<p>Wie schon in den letzten Partien hatte Alba Probleme in die Partie zu finden. Sie fanden kaum gute Wurfpositionen und wenn doch einmal, wurden selbst einfache Korbleger vergeben. Die T\u00fcrken wirkten wacher, physischer und hatten zudem Gl\u00fcck, dass sich das Schiedsrichter-Trio sehr gro\u00dfz\u00fcgig zeigte. So lief Alba gleich wieder einem R\u00fcckstand hinterher.<\/p>\n<p>Der wurde zu Beginn des zweiten Viertels zweistellig (11:22). Danach wachten die Gastgeber aber auf, verteidigten konsequenter und kamen vermehrt ins Tempospiel. Und nun fielen auch die W\u00fcrfe in der Offensive. So robbte sich Alba Punkt f\u00fcr Punkt wieder heran und glich kurz vor Pause zum 33:33 aus.<\/p>\n<p>Nach dem Seitenwechsel gingen die Berliner dann zum ersten Mal in dieser Partie \u00fcberhaupt in F\u00fchrung und konnten diese anschlie\u00dfend ausbauen (49:40). Sie verpassten es in dieser Phase aber, sich weiter abzusetzen. Und im Schlussviertel kam Bursa wieder heran. Doch mit viel Einsatz und einer guten Defensive brachten die Berliner den Vorsprung ins Ziel.<\/p>\n","protected":false},"excerpt":{"rendered":"Wie schon in den letzten Partien hatte Alba Probleme in die Partie zu finden. Sie fanden kaum gute&hellip;\n","protected":false},"author":2,"featured_media":787581,"comment_status":"","ping_status":"","sticky":false,"template":"","format":"standard","meta":{"footnotes":"","_share_on_mastodon":"0"},"categories":[1825],"tags":[2471,2493,296,29,30,265],"class_list":["post-787580","post","type-post","status-publish","format-standard","has-post-thumbnail","category-berlin","tag-alba-berlin","tag-basketball","tag-berlin","tag-deutschland","tag-germany","tag-sport"],"share_on_mastodon":{"url":"https:\/\/pubeurope.com\/@de\/116048509418563290","error":""},"_links":{"self":[{"href":"https:\/\/www.europesays.com\/de\/wp-json\/wp\/v2\/posts\/787580","targetHints":{"allow":["GET"]}}],"collection":[{"href":"https:\/\/www.europesays.com\/de\/wp-json\/wp\/v2\/posts"}],"about":[{"href":"https:\/\/www.europesays.com\/de\/wp-json\/wp\/v2\/types\/post"}],"author":[{"embeddable":true,"href":"https:\/\/www.europesays.com\/de\/wp-json\/wp\/v2\/users\/2"}],"replies":[{"embeddable":true,"href":"https:\/\/www.europesays.com\/de\/wp-json\/wp\/v2\/comments?post=787580"}],"version-history":[{"count":0,"href":"https:\/\/www.europesays.com\/de\/wp-json\/wp\/v2\/posts\/787580\/revisions"}],"wp:featuredmedia":[{"embeddable":true,"href":"https:\/\/www.europesays.com\/de\/wp-json\/wp\/v2\/media\/787581"}],"wp:attachment":[{"href":"https:\/\/www.europesays.com\/de\/wp-json\/wp\/v2\/media?parent=787580"}],"wp:term":[{"taxonomy":"category","embeddable":true,"href":"https:\/\/www.europesays.com\/de\/wp-json\/wp\/v2\/categories?post=787580"},{"taxonomy":"post_tag","embeddable":true,"href":"https:\/\/www.europesays.com\/de\/wp-json\/wp\/v2\/tags?post=787580"}],"curies":[{"name":"wp","href":"https:\/\/api.w.org\/{rel}","templated":true}]}}