{"id":787624,"date":"2026-02-10T22:04:11","date_gmt":"2026-02-10T22:04:11","guid":{"rendered":"https:\/\/www.europesays.com\/de\/787624\/"},"modified":"2026-02-10T22:04:11","modified_gmt":"2026-02-10T22:04:11","slug":"sozialplan-am-bruederklinikum-julia-lanz-abgeschlossen-deutlich-weniger-kuendigungen-als-befuerchtet-metropoljournal-com","status":"publish","type":"post","link":"https:\/\/www.europesays.com\/de\/787624\/","title":{"rendered":"Sozialplan am Br\u00fcderklinikum Julia Lanz abgeschlossen \u2013 deutlich weniger K\u00fcndigungen als bef\u00fcrchtet \u2013 Metropoljournal.com"},"content":{"rendered":"<p style=\"text-align: center; font-style: italic; color: #555; font-size: 1.2rem; margin-bottom: 2rem;\">Die Sozialplanverhandlungen am Br\u00fcderklinikum Julia Lanz sind abgeschlossen. Insgesamt sind 194 Mitarbeitende betroffen, deutlich weniger als urspr\u00fcnglich erwartet.<\/p>\n<p>&#13;<\/p>\n<p>Nach intensiven Verhandlungen hat das Br\u00fcderklinikum Julia Lanz die Gespr\u00e4che zum Sozialplan im Zuge der Zusammenf\u00fchrung der station\u00e4ren Versorgung abgeschlossen. Wie das Klinikum mitteilt, konnte die Zahl der betriebsbedingten K\u00fcndigungen im Verlauf der Verhandlungen deutlich reduziert werden. F\u00fcr die verbleibenden Mitarbeitenden wurden zudem Regelungen zum Bestandsschutz vereinbart.<\/p>\n<p>&#13;<\/p>\n<p>Insgesamt sind 194 Personen \u00fcber beide Standorte hinweg betroffen. Die Zahl verteilt sich in etwa h\u00e4lftig auf das Theresienkrankenhaus und das Diako. Damit liegt sie deutlich unter den Prognosen aus dem Oktober 2025, als noch von rund 350 Vollzeit\u00e4quivalenten ausgegangen worden war, was einer erheblich h\u00f6heren Anzahl betroffener Mitarbeitender entsprochen h\u00e4tte.<\/p>\n<p>&#13;<br \/>\nPflegepersonal in der direkten Versorgung vollst\u00e4ndig erhalten&#13;<\/p>\n<p>Nach Angaben des Klinikums konnten s\u00e4mtliche Stellen von Pflegefachpersonen sowie Pflegehelfern mit mindestens einj\u00e4hriger Ausbildung in der direkten Patientenversorgung gesichert werden. K\u00fcndigungen betreffen hingegen Mitarbeitende aus nahezu allen anderen Bereichen des Klinikverbunds, darunter Funktionsbereiche wie K\u00fcche und Reinigung sowie Teile der Verwaltung.<\/p>\n<p>&#13;<\/p>\n<p>In der Gesamtzahl enthalten sind auch K\u00fcndigungen, die bereits Ende 2025 ausgesprochen wurden. Diese betrafen ausschlie\u00dflich \u00c4rztinnen und \u00c4rzte, deren Abteilungen zum 31. Dezember 2025 geschlossen worden waren.<\/p>\n<p>&#13;<br \/>\nInformation der Mitarbeitenden und Unterst\u00fctzungsangebote&#13;<\/p>\n<p>Die betroffenen Mitarbeitenden wurden am Dienstag pers\u00f6nlich \u00fcber die K\u00fcndigungen informiert. Parallel dazu stellt das Br\u00fcderklinikum verschiedene Unterst\u00fctzungsangebote bereit, um den \u00dcbergang in neue Besch\u00e4ftigungsverh\u00e4ltnisse zu erleichtern.<\/p>\n<p>&#13;<\/p>\n<p>Dazu z\u00e4hlen unter anderem Hilfen bei der Erstellung von Bewerbungsunterlagen, Unterst\u00fctzung bei der Vorbereitung auf Bewerbungsgespr\u00e4che sowie Beratungstermine durch die Agentur f\u00fcr Arbeit. Geplant sind Informationsveranstaltungen an beiden Standorten.<\/p>\n<p>&#13;<\/p>\n<p>Teil des Sozialplans sind zudem Abfindungsregelungen, die nach festgelegten Kriterien ausgezahlt werden.<\/p>\n<p>&#13;<br \/>\nAbschluss eines l\u00e4ngerfristigen Umstrukturierungsprozesses&#13;<\/p>\n<p>Die Sozialplanverhandlungen markieren den letzten Schritt der medizinisch-strategischen Neuausrichtung, die bereits im Oktober des vergangenen Jahres begonnen hatte. Die Klinikleitung hatte die urspr\u00fcnglich l\u00e4nger geplante B\u00fcndelung der station\u00e4ren Versorgung am Standort Diako auf das Jahr 2026 vorgezogen, um den Klinikverbund wirtschaftlich zukunftsf\u00e4hig aufzustellen.<\/p>\n<p>&#13;<\/p>\n<p>Das Br\u00fcderklinikum Julia Lanz vereint die beiden Mannheimer Traditionsh\u00e4user Theresienkrankenhaus und Diako als Klinikverbund innerhalb der BBT-Gruppe. Ziel bleibt es, die medizinische, pflegerische und therapeutische Versorgung in Mannheim und der Region langfristig zu sichern.<\/p>\n<p>&#13;<\/p>\n<p>Leserhinweis: F\u00fcr Mitarbeitende in vergleichbaren Umstrukturierungsprozessen kann es sinnvoll sein, fr\u00fchzeitig Beratungsangebote der Agentur f\u00fcr Arbeit und betriebliche Unterst\u00fctzungsprogramme in Anspruch zu nehmen.<\/p>\n<p>&#13;<\/p>\n","protected":false},"excerpt":{"rendered":"Die Sozialplanverhandlungen am Br\u00fcderklinikum Julia Lanz sind abgeschlossen. Insgesamt sind 194 Mitarbeitende betroffen, deutlich weniger als urspr\u00fcnglich erwartet.&hellip;\n","protected":false},"author":2,"featured_media":787625,"comment_status":"","ping_status":"","sticky":false,"template":"","format":"standard","meta":{"footnotes":"","_share_on_mastodon":"0"},"categories":[1845],"tags":[1634,3364,29,548,663,3934,30,13,2096,14,15,12],"class_list":["post-787624","post","type-post","status-publish","format-standard","has-post-thumbnail","category-mannheim","tag-baden-wuerttemberg","tag-de","tag-deutschland","tag-eu","tag-europa","tag-europe","tag-germany","tag-headlines","tag-mannheim","tag-nachrichten","tag-news","tag-schlagzeilen"],"share_on_mastodon":{"url":"https:\/\/pubeurope.com\/@de\/116048603698028835","error":""},"_links":{"self":[{"href":"https:\/\/www.europesays.com\/de\/wp-json\/wp\/v2\/posts\/787624","targetHints":{"allow":["GET"]}}],"collection":[{"href":"https:\/\/www.europesays.com\/de\/wp-json\/wp\/v2\/posts"}],"about":[{"href":"https:\/\/www.europesays.com\/de\/wp-json\/wp\/v2\/types\/post"}],"author":[{"embeddable":true,"href":"https:\/\/www.europesays.com\/de\/wp-json\/wp\/v2\/users\/2"}],"replies":[{"embeddable":true,"href":"https:\/\/www.europesays.com\/de\/wp-json\/wp\/v2\/comments?post=787624"}],"version-history":[{"count":0,"href":"https:\/\/www.europesays.com\/de\/wp-json\/wp\/v2\/posts\/787624\/revisions"}],"wp:featuredmedia":[{"embeddable":true,"href":"https:\/\/www.europesays.com\/de\/wp-json\/wp\/v2\/media\/787625"}],"wp:attachment":[{"href":"https:\/\/www.europesays.com\/de\/wp-json\/wp\/v2\/media?parent=787624"}],"wp:term":[{"taxonomy":"category","embeddable":true,"href":"https:\/\/www.europesays.com\/de\/wp-json\/wp\/v2\/categories?post=787624"},{"taxonomy":"post_tag","embeddable":true,"href":"https:\/\/www.europesays.com\/de\/wp-json\/wp\/v2\/tags?post=787624"}],"curies":[{"name":"wp","href":"https:\/\/api.w.org\/{rel}","templated":true}]}}