{"id":787761,"date":"2026-02-10T23:16:50","date_gmt":"2026-02-10T23:16:50","guid":{"rendered":"https:\/\/www.europesays.com\/de\/787761\/"},"modified":"2026-02-10T23:16:50","modified_gmt":"2026-02-10T23:16:50","slug":"buendnis-unterstuetzt-nrw-kampagne-fuer-afd-verbotsverfahren","status":"publish","type":"post","link":"https:\/\/www.europesays.com\/de\/787761\/","title":{"rendered":"B\u00fcndnis unterst\u00fctzt NRW-Kampagne f\u00fcr AfD-Verbotsverfahren"},"content":{"rendered":"<p>Appell in NRW <\/p>\n<p>Aachener B\u00fcndnis unterst\u00fctzt Kampagne f\u00fcr AfD-Verbot<\/p>\n<p>10.02.2026 &#8211; 14:43 UhrLesedauer: 1 Min.<\/p>\n<p><a href=\"#focus-0\" class=\"transition-colors duration-200 block text-current relative\" data-sctrack=\"FocusGalleryImage.Reference\"><img fetchpriority=\"high\" data-testid=\"Opener.Image\" style=\"--lqipURL:url('https:\/\/images.t-online.de\/2026\/02\/3l4t9QKlCshf\/0x76:800x450\/fit-in\/150x0\/filters:blur(25)\/afd-logo-symbolbild-die-partei-wurde-2025-vom-verfassungsschutz-als-rechtsextremistisch-eingestuft-die-einstufung-ist-nach-eilantraegen-der-afd-vorerst-ausgesetzt.jpg')\"   loading=\"eager\" src=\"https:\/\/www.europesays.com\/de\/wp-content\/uploads\/2026\/02\/afd-logo-symbolbild-die-partei-wurde-2025-vom-verfassungsschutz-als-rechtsextremistisch-eingestuft-d.jpeg\" alt=\"urn:newsml:dpa.com:20090101:260109-935-1066513\" title=\"urn:newsml:dpa.com:20090101:260109-935-1066513\" width=\"800\" height=\"450\" class=\"bg-[url:var(--lqipURL)] bg-cover bg-center flex h-full w-full max-w-full\" decoding=\"async\"\/><img style=\"--width:32;--height:32\" loading=\"lazy\" src=\"https:\/\/aachen.t-online.de\/s\/paper\/_next\/static\/media\/zoom-in.f7dae02f.svg\" alt=\"Vergr\u00f6\u00dfern des Bildes\" title=\"Vergr\u00f6\u00dfern des Bildes\" class=\"block h-[calc(var(--height)_\/_16_*_1rem)] w-[calc(var(--width)_\/_16_*_1rem)] max-w-none absolute bottom-8 right-8 rounded-4 bg-snow p-8\" decoding=\"async\"\/><\/a><\/p>\n<p>AfD-Logo (Symbolbild): Die Partei wurde 2025 vom Verfassungsschutz als rechtsextremistisch eingestuft. Die Einstufung ist nach Eilantr\u00e4gen der AfD vorerst ausgesetzt. (Quelle: Christoph Reichwein)<\/p>\n<p class=\"font-bold text-18 leading-17 user-text-lg:text-22 user-text-xl:text-24\">Mehrere Initiativen in Aachen unterst\u00fctzen eine Kampagne f\u00fcr ein Parteiverbot. Sie fordern die Landesregierung in Nordrhein-Westfalen zum Handeln auf.<\/p>\n<p class=\"text-18 leading-17 user-text-lg:text-22 user-text-xl:text-24\">Das B\u00fcndnis &#8222;AfD-Verbot jetzt&#8220; fordert die NRW-Landesregierung um Ministerpr\u00e4sident Hendrik W\u00fcst auf, sich im Bundesrat daf\u00fcr einzusetzen, dass das Bundesverfassungsgericht ein Parteiverbotsverfahren gegen die AfD einleitet. 52 Initiativen aus 29 NRW-St\u00e4dten haben sich f\u00fcr das Vorhaben vereint.<\/p>\n<p class=\"text-18 leading-17 user-text-lg:text-22 user-text-xl:text-24\">Auch in Aachen unterst\u00fctzen mehrere Initiativen, angef\u00fchrt von den &#8222;Omas gegen Rechts&#8220;, die Aktion. &#8222;Wir wollen weiter in einem offenen Land leben. Nordrhein-Westfalen als das bev\u00f6lkerungsreichste Bundesland mit einer starken Wirtschaft und einer vielf\u00e4ltigen Gesellschaft muss endlich handeln. Viel Zeit haben wir nicht mehr&#8220;, sagt Christiane Kreber von den &#8222;Omas gegen Rechts&#8220; in einer Pressemitteilung.<\/p>\n<p class=\"text-18 leading-17 user-text-lg:text-22 user-text-xl:text-24\">Sie verweist au\u00dferdem darauf hin, dass die AfD im Mai 2025 vom Verfassungsschutz als rechtsextremistisch eingestuft wurde und die Partei laut dem &#8222;Lagebild Rechtsextremismus NRW&#8220; Verbindungen zu rechtsextremen Gruppierungen aufweist. &#8222;Die Partei hat inzwischen hinreichend Einfluss gewonnen und Geldquellen erschlossen, um ihre antidemokratische und menschenverachtende Propaganda in Taten umsetzen zu k\u00f6nnen&#8220;, so Kreber.<\/p>\n<p class=\"text-18 leading-17 user-text-lg:text-22 user-text-xl:text-24\">Das B\u00fcndnis hat in Nordrhein-Westfalen eine Unterschriften-Aktion auf der Online-Plattform &#8222;WeAct&#8220; gestartet, bis zum Sommer sollen 100.000 Unterschriften zusammenkommen. Mehr als 70 Erstunterzeichner, darunter auch bekannte Namen wie Komiker Hape Kerkeling, fanden sich, um dem Appell Aufmerksamkeit zu verleihen.<\/p>\n<p class=\"text-18 leading-17 user-text-lg:text-22 user-text-xl:text-24\">Aus Aachen haben die Kabarettisten Hubert vom Venn und Manni Hammers, DGB-Gewerkschaftssekret\u00e4r Ralf Woelk sowie die RWTH-Professoren Thomas Niehr und Marco L\u00fcbbecke unterschrieben. Stand Dienstag sind es mehr als 20.000 Unterschriften.<\/p>\n","protected":false},"excerpt":{"rendered":"Appell in NRW Aachener B\u00fcndnis unterst\u00fctzt Kampagne f\u00fcr AfD-Verbot 10.02.2026 &#8211; 14:43 UhrLesedauer: 1 Min. AfD-Logo (Symbolbild): Die&hellip;\n","protected":false},"author":2,"featured_media":787762,"comment_status":"","ping_status":"","sticky":false,"template":"","format":"standard","meta":{"footnotes":"","_share_on_mastodon":"0"},"categories":[1853],"tags":[1424,186,4029,5441,177748,3364,29,44806,548,663,3934,30,13,3682,36005,6626,14,15,1209,36225,12,419],"class_list":["post-787761","post","type-post","status-publish","format-standard","has-post-thumbnail","category-aachen","tag-aachen","tag-afd","tag-bundesrat","tag-bundesverfassungsgericht","tag-christiane-kreber","tag-de","tag-deutschland","tag-eilantrag","tag-eu","tag-europa","tag-europe","tag-germany","tag-headlines","tag-hendrik-wuest","tag-kampagne","tag-landesregierung","tag-nachrichten","tag-news","tag-nordrhein-westfalen","tag-parteiverbot","tag-schlagzeilen","tag-verfassungsschutz"],"share_on_mastodon":{"url":"https:\/\/pubeurope.com\/@de\/116048890777026749","error":""},"_links":{"self":[{"href":"https:\/\/www.europesays.com\/de\/wp-json\/wp\/v2\/posts\/787761","targetHints":{"allow":["GET"]}}],"collection":[{"href":"https:\/\/www.europesays.com\/de\/wp-json\/wp\/v2\/posts"}],"about":[{"href":"https:\/\/www.europesays.com\/de\/wp-json\/wp\/v2\/types\/post"}],"author":[{"embeddable":true,"href":"https:\/\/www.europesays.com\/de\/wp-json\/wp\/v2\/users\/2"}],"replies":[{"embeddable":true,"href":"https:\/\/www.europesays.com\/de\/wp-json\/wp\/v2\/comments?post=787761"}],"version-history":[{"count":0,"href":"https:\/\/www.europesays.com\/de\/wp-json\/wp\/v2\/posts\/787761\/revisions"}],"wp:featuredmedia":[{"embeddable":true,"href":"https:\/\/www.europesays.com\/de\/wp-json\/wp\/v2\/media\/787762"}],"wp:attachment":[{"href":"https:\/\/www.europesays.com\/de\/wp-json\/wp\/v2\/media?parent=787761"}],"wp:term":[{"taxonomy":"category","embeddable":true,"href":"https:\/\/www.europesays.com\/de\/wp-json\/wp\/v2\/categories?post=787761"},{"taxonomy":"post_tag","embeddable":true,"href":"https:\/\/www.europesays.com\/de\/wp-json\/wp\/v2\/tags?post=787761"}],"curies":[{"name":"wp","href":"https:\/\/api.w.org\/{rel}","templated":true}]}}