{"id":787776,"date":"2026-02-10T23:24:12","date_gmt":"2026-02-10T23:24:12","guid":{"rendered":"https:\/\/www.europesays.com\/de\/787776\/"},"modified":"2026-02-10T23:24:12","modified_gmt":"2026-02-10T23:24:12","slug":"rnv-passt-fips-angebot-an-aenderungen-ab-15-februar-2026-metropoljournal-com","status":"publish","type":"post","link":"https:\/\/www.europesays.com\/de\/787776\/","title":{"rendered":"rnv passt fips-Angebot an \u2013 \u00c4nderungen ab 15. Februar 2026 \u2013 Metropoljournal.com"},"content":{"rendered":"<p style=\"text-align: center; font-style: italic; color: #555; font-size: 1.2rem; margin-bottom: 2rem;\">Zum 15. Februar 2026 \u00e4ndert die rnv das Angebot des On-Demand-Shuttles fips in Mannheim. Die Bediengebiete Seckenheim und Mannheim-S\u00fcd entfallen.<\/p>\n<p>&#13;<\/p>\n<p>Die Rhein-Neckar-Verkehr GmbH passt ihr Angebot beim flexiblen On-Demand-Shuttle fips zum 15. Februar 2026 an. K\u00fcnftig wird das Bediengebiet Seckenheim nicht mehr bedient. Auch im Bereich Mannheim-S\u00fcd, zu dem Neckarau, Casterfeld, Pfingstberg sowie der S-Bahnhof Arena\/Maimarkt geh\u00f6ren, stellt fips den Betrieb ein.<\/p>\n<p>&#13;<\/p>\n<p>Hintergrund der Anpassungen sind sowohl ver\u00e4nderte Nachfrageentwicklungen als auch die angespannte finanzielle Situation im \u00f6ffentlichen Personennahverkehr und bei den Kommunen. Die rnv reagiert damit auf die Erkenntnisse aus dem bisherigen Probebetrieb und will die vorhandenen Ressourcen k\u00fcnftig nachhaltiger und effizienter einsetzen.<\/p>\n<p>&#13;<br \/>\nGute Anbindung durch bestehende Linien&#13;<\/p>\n<p>Nach Angaben der rnv wurde bei der Entscheidung darauf geachtet, dass die betroffenen Gebiete weiterhin gut durch bestehende Bahn- und Buslinien angebunden sind. Insbesondere im Mannheimer S\u00fcden besteht bereits ein dichtes Angebot mit zwei parallelen Stadtbahnlinien sowie den Buslinien 40, 45, 50 und 61.<\/p>\n<p>&#13;<\/p>\n<p>Diese gute Grundversorgung f\u00fchrte laut rnv dazu, dass die Auslastung von fips in diesen Bereichen hinter den Erwartungen zur\u00fcckblieb.<\/p>\n<p>&#13;<br \/>\nWeitere Anpassungen im Sommer geplant&#13;<\/p>\n<p>F\u00fcr den Sommer 2026 plant die rnv zus\u00e4tzliche Verbesserungen im Mannheimer Busnetz. In diesem Zusammenhang soll auch das fips-Angebot erneut \u00fcberpr\u00fcft und gegebenenfalls angepasst werden. \u00dcber weitere Schritte will das Verkehrsunternehmen gesondert informieren.<\/p>\n<p>&#13;<\/p>\n<p>Aus betrieblichen Gr\u00fcnden seien erste Anpassungen jedoch bereits jetzt erforderlich gewesen.<\/p>\n<p>&#13;<br \/>\nFlexibles Angebot seit 2020&#13;<\/p>\n<p>fips ist seit April 2020 in Mannheim im Einsatz und erg\u00e4nzt das bestehende Angebot von Bahn und Bus. Das System erm\u00f6glicht es, ohne festen Fahrplan und ohne feste Haltestellen vor allem die erste oder letzte Strecke einer Wegkette flexibel zu \u00fcberbr\u00fccken.<\/p>\n<p>&#13;<\/p>\n<p>Die Buchung erfolgt per App oder telefonisch. Eingesetzt werden barrierearme und umweltfreundliche Elektrofahrzeuge.<\/p>\n<p>&#13;<\/p>\n<p>Aktuelle Informationen zum Angebot sind online abrufbar.<\/p>\n<p>&#13;<\/p>\n<p><a href=\"https:\/\/www.rnv-online.de\/fips\" style=\"text-decoration: underline;\" rel=\"nofollow noopener\" target=\"_blank\">www.rnv-online.de\/fips<\/a><\/p>\n<p>&#13;<\/p>\n<p>Leserhinweis: Fahrg\u00e4ste in den betroffenen Stadtteilen sollten sich rechtzeitig \u00fcber alternative Bus- und Bahnverbindungen informieren, um ihre Wege auch nach dem 15. Februar 2026 zuverl\u00e4ssig planen zu k\u00f6nnen.<\/p>\n<p>&#13;<\/p>\n","protected":false},"excerpt":{"rendered":"Zum 15. Februar 2026 \u00e4ndert die rnv das Angebot des On-Demand-Shuttles fips in Mannheim. Die Bediengebiete Seckenheim und&hellip;\n","protected":false},"author":2,"featured_media":787777,"comment_status":"","ping_status":"","sticky":false,"template":"","format":"standard","meta":{"footnotes":"","_share_on_mastodon":"0"},"categories":[1845],"tags":[1634,3364,29,548,663,3934,30,13,2096,14,15,12],"class_list":["post-787776","post","type-post","status-publish","format-standard","has-post-thumbnail","category-mannheim","tag-baden-wuerttemberg","tag-de","tag-deutschland","tag-eu","tag-europa","tag-europe","tag-germany","tag-headlines","tag-mannheim","tag-nachrichten","tag-news","tag-schlagzeilen"],"share_on_mastodon":{"url":"https:\/\/pubeurope.com\/@de\/116048918217402955","error":""},"_links":{"self":[{"href":"https:\/\/www.europesays.com\/de\/wp-json\/wp\/v2\/posts\/787776","targetHints":{"allow":["GET"]}}],"collection":[{"href":"https:\/\/www.europesays.com\/de\/wp-json\/wp\/v2\/posts"}],"about":[{"href":"https:\/\/www.europesays.com\/de\/wp-json\/wp\/v2\/types\/post"}],"author":[{"embeddable":true,"href":"https:\/\/www.europesays.com\/de\/wp-json\/wp\/v2\/users\/2"}],"replies":[{"embeddable":true,"href":"https:\/\/www.europesays.com\/de\/wp-json\/wp\/v2\/comments?post=787776"}],"version-history":[{"count":0,"href":"https:\/\/www.europesays.com\/de\/wp-json\/wp\/v2\/posts\/787776\/revisions"}],"wp:featuredmedia":[{"embeddable":true,"href":"https:\/\/www.europesays.com\/de\/wp-json\/wp\/v2\/media\/787777"}],"wp:attachment":[{"href":"https:\/\/www.europesays.com\/de\/wp-json\/wp\/v2\/media?parent=787776"}],"wp:term":[{"taxonomy":"category","embeddable":true,"href":"https:\/\/www.europesays.com\/de\/wp-json\/wp\/v2\/categories?post=787776"},{"taxonomy":"post_tag","embeddable":true,"href":"https:\/\/www.europesays.com\/de\/wp-json\/wp\/v2\/tags?post=787776"}],"curies":[{"name":"wp","href":"https:\/\/api.w.org\/{rel}","templated":true}]}}